{"id":520353,"date":"2025-11-08T10:49:12","date_gmt":"2025-11-08T10:49:12","guid":{"rendered":"https:\/\/www.europesays.com\/fr\/520353\/"},"modified":"2025-11-08T10:49:12","modified_gmt":"2025-11-08T10:49:12","slug":"dans-ce-bar-a-vin-ca-cuisine-sacrement-bien","status":"publish","type":"post","link":"https:\/\/www.europesays.com\/fr\/520353\/","title":{"rendered":"dans ce bar \u00e0 vin, \u00e7a cuisine sacr\u00e9ment bien\u00a0!"},"content":{"rendered":"<p>            Par<br \/>\n        <strong><br \/>\n            <a href=\"https:\/\/actu.fr\/auteur\/redaction-toulouse\" title=\"Consulter tous les articles de R\u00e9daction de Toulouse\" target=\"_blank\" rel=\"noopener\">R\u00e9daction de Toulouse<\/a><br \/>\n        <\/strong><\/p>\n<p>        Publi\u00e9 le<\/p>\n<p>            8 nov. 2025 \u00e0 11h08        <\/p>\n<p>Chez <strong>MAGNUM <\/strong>\u00e0 <a href=\"https:\/\/actu.fr\/toulouse\/\" target=\"_blank\" rel=\"noopener\"><strong>Toulouse<\/strong><\/a>, le vin jouit toujours d\u2019une<strong> \u00a0\u00bb top selec\u2019 \u00ab\u00a0<\/strong> (Tom Selleck, la s\u00e9rie Magnum, tout \u00e7a\u2026). Dans une salle \u00e9tir\u00e9e de tout son long, berc\u00e9e par le son d\u2019un vinyle d\u2019Al Green, se d\u00e9voile face au comptoir un impressionnant mur rempli de (tr\u00e8s) jolis flacons. La carte affichera d\u2019ailleurs bient\u00f4t <strong>plus de 1000 r\u00e9f\u00e9rences<\/strong>. Du s\u00e9rieux. Mais l\u2019enjeu ici, c\u2019est aussi de montrer qu\u2019autour des verres et des assiettes \u00e0 partager le soir, la case du midi a \u00e9galement une carte \u00e0 jouer. <a href=\"https:\/\/actu.fr\/tag\/restaurants-de-toulouse\" target=\"_blank\" rel=\"noopener\">Allons boire<\/a>\u2026 Euh, voir \u00e7a.<\/p>\n<p>Service \u00e9toil\u00e9<\/p>\n<p class=\" wall-content\">Premier atout dans un jeu qui n\u2019a rien \u00e0 cacher : le service, assur\u00e9 et assum\u00e9 par l\u2019ancien ma\u00eetre d\u2019h\u00f4tel du restaurant toulousain \u00e9toil\u00e9 <strong>Hedone<\/strong> (qui a ferm\u00e9 ses portes d\u00e9but 2025). Dans le geste comme dans le verbe, des petites attentions qui font la diff\u00e9rence :<strong> conseils avis\u00e9s sur le vin<\/strong> (au passage, <strong>astucieuse formule<\/strong> verre de vin + caf\u00e9 pour 5\u20ac), carafe d\u2019eau et pani\u00e8re \u00e0 pain jamais vides, et pr\u00e9sentation souriante des plats.<\/p>\n<p class=\" wall-content\">Autre surprise : le prix du menu d\u00e9jeuner. <strong>20 euros<\/strong> pour le sacro-saint triptyque entr\u00e9e-plat-dessert. Pas tous les jours, au propre comme au figur\u00e9 (le service du midi n\u2019est assur\u00e9 que du jeudi au dimanche). Encore plus dans un quartier aussi cossu que les Carmes.<\/p>\n<p>\u00c7a cuisine !\u00a0<br \/>\n    <img   decoding=\"async\" loading=\"lazy\" src=\"https:\/\/www.europesays.com\/fr\/wp-content\/uploads\/2025\/11\/7f7528d388096838528d3880967852v-960x640.jpg\" alt=\"Le genre de plat qui me plait BEAUCOUP.\" width=\"960\" height=\"640\"\/><br \/>\n    Retour \u00e0 la ferme, mais dans l\u2019assiette, pour cet \u0153uf \u00e0 la coque. (\u00a9L.M.M.)<\/p>\n<p class=\" wall-content\">Et puis dans l\u2019assiette, pardon, mais<strong> \u00e7a cuisine<\/strong> ! Avec justesse et go\u00fbt. Sans chercher \u00e0 impressionner avec des \u00e9nonc\u00e9s \u00e9lastiques ou des plats surcharg\u00e9s en tout. Pour rien. En entr\u00e9e, <strong>\u0153uf \u00e0 la coque<\/strong> et crispy de canard. Un classique ind\u00e9modable \u00e0 la pr\u00e9sentation rigolote (un peu de paille dans l\u2019assiette pour simuler le retour \u00e0 la ferme). Joli \u00e0 l\u2019\u0153il, mais un rien acrobatique mouillette \u00e0 la main (comment qu\u2019on sauce le jaune qui coule dans l\u2019assiette, hein ?).<\/p>\n<p>Votre r\u00e9gion, votre actu !<\/p>\n<p>Recevez chaque jour les infos qui comptent pour vous.<\/p>\n<p>\t<a href=\"https:\/\/actu.fr\/newsletter\" class=\"ac-btn ac-btn--corner ac-btn--medium ac-btn--blue800\" target=\"_blank\" rel=\"noopener\">S&rsquo;incrire<\/a><br \/>\nC\u2019est d\u00e9j\u00e0 No\u00ebl<br \/>\n    <img   decoding=\"async\" loading=\"lazy\" src=\"https:\/\/www.europesays.com\/fr\/wp-content\/uploads\/2025\/11\/e2e108d38809607e108d388099be10v-960x640.jpg\" alt=\"Retour \u00e0 la ferme, mais dans l'assiette, pour cet \u0153uf \u00e0 la coque.\" width=\"960\" height=\"640\"\/><br \/>\n    Le genre de plat qui me plait BEAUCOUP (\u00a9L.M.M.)<\/p>\n<p class=\" wall-content\">Le plat : cuisse de poulet d\u00e9soss\u00e9e, polenta cr\u00e9meuse, jus riche et nappant, olives, citron confit. Chaleur, plaisir, confort. En dessert, tiramisu aux \u00e9clats de pralin\u00e9 pistache. Tellement g\u00e9n\u00e9reux qu\u2019il aurait pu se manger \u00e0 plusieurs (\u00a0\u00bb aurait pu \u00ab\u00a0, car je l\u2019ai partag\u00e9 avec moi-m\u00eame). L\u00e9ger d\u00e9s\u00e9quilibre tout de m\u00eame : beaucoup trop de cr\u00e8me au mascarpone et pas assez de biscuit. Mais \u00e7a s\u2019ajuste. D\u2019autant que la r\u00e9ouverture date de seulement deux semaines. Et pour finir, encore une petite attention, inattendue : un sorbet yuzu et gin, pens\u00e9 comme un Trou Normand. Une note de fra\u00eecheur, offerte \u00e0 chaque table. Cadeau. \u00c7a se confirme : on n\u2019a jamais \u00e9t\u00e9 aussi pr\u00e8s de No\u00ebl.<\/p>\n<p>    <a href=\"https:\/\/www.google.com\/maps\/embed?pb=!1m18!1m12!1m3!1d2889.454021506989!2d1.4451716778542418!3d43.59708747110508!2m3!1f0!2f0!3f0!3m2!1i1024!2i768!4f13.1!3m3!1m2!1s0x12aebc8382cb2b25%3A0x58a51262fd5a8abf!2sMAGNUM!5e0!3m2!1sfr!2sfr!4v1762532767992!5m2!1sfr!2sfr\" title=\"Ouvrie le lien\" target=\"_blank\" rel=\"noopener\">Cliquez ici pour visualiser le contenu<\/a><\/p>\n<p class=\" wall-content\"><a href=\"https:\/\/www.instagram.com\/le_mangeur_masque\/?hl=fr\" target=\"_blank\" rel=\"noopener\"><b>LE MANGEUR MASQU\u00c9<\/b><\/a><\/p>\n<p><strong>Infos pratiques :<\/strong><br \/><a href=\"https:\/\/www.instagram.com\/magnum.caverestau\/?hl=fr\" target=\"_blank\" rel=\"noopener\">Magnum<\/a><br \/>\n5 Rue Perchepinte \u00e0 Toulouse<\/p>\n<p class=\" wall-content\">Personnalisez votre actualit\u00e9 en ajoutant vos villes et m\u00e9dias en favori avec <a href=\"https:\/\/moncompte.actu.fr\" title=\"D\u00e9couvez Mon Actu\" rel=\"nofollow noopener\" data-trk=\"{&quot;cta&quot;:{&quot;action&quot;:&quot;https:\\\/\\\/moncompte.actu.fr&quot;,&quot;category&quot;:&quot;mon compte&quot;,&quot;from&quot;:&quot;article footer&quot;,&quot;name&quot;:&quot;Mon actu&quot;,&quot;type&quot;:&quot;cta&quot;}}\" target=\"_blank\">Mon Actu<\/a>.<\/p>\n<p>                    <script async src=\"\/\/www.instagram.com\/embed.js\"><\/script><\/p>\n","protected":false},"excerpt":{"rendered":"Par R\u00e9daction de Toulouse Publi\u00e9 le 8 nov. 2025 \u00e0 11h08 Chez MAGNUM \u00e0 Toulouse, le vin jouit&hellip;\n","protected":false},"author":2,"featured_media":520354,"comment_status":"","ping_status":"","sticky":false,"template":"","format":"standard","meta":{"footnotes":""},"categories":[2816],"tags":[1111,11,1777,674,1011,27,1652,12,2680,25,2850,1341,2312],"class_list":{"0":"post-520353","1":"post","2":"type-post","3":"status-publish","4":"format-standard","5":"has-post-thumbnail","7":"category-toulouse","8":"tag-actu","9":"tag-actualites","10":"tag-eu","11":"tag-europe","12":"tag-fr","13":"tag-france","14":"tag-loisirs-culture","15":"tag-news","16":"tag-occitanie","17":"tag-republique-francaise","18":"tag-restaurants-de-toulouse","19":"tag-sortir-a-toulouse","20":"tag-toulouse"},"share_on_mastodon":{"url":"https:\/\/pubeurope.com\/@fr\/115513692933246190","error":""},"_links":{"self":[{"href":"https:\/\/www.europesays.com\/fr\/wp-json\/wp\/v2\/posts\/520353","targetHints":{"allow":["GET"]}}],"collection":[{"href":"https:\/\/www.europesays.com\/fr\/wp-json\/wp\/v2\/posts"}],"about":[{"href":"https:\/\/www.europesays.com\/fr\/wp-json\/wp\/v2\/types\/post"}],"author":[{"embeddable":true,"href":"https:\/\/www.europesays.com\/fr\/wp-json\/wp\/v2\/users\/2"}],"replies":[{"embeddable":true,"href":"https:\/\/www.europesays.com\/fr\/wp-json\/wp\/v2\/comments?post=520353"}],"version-history":[{"count":0,"href":"https:\/\/www.europesays.com\/fr\/wp-json\/wp\/v2\/posts\/520353\/revisions"}],"wp:featuredmedia":[{"embeddable":true,"href":"https:\/\/www.europesays.com\/fr\/wp-json\/wp\/v2\/media\/520354"}],"wp:attachment":[{"href":"https:\/\/www.europesays.com\/fr\/wp-json\/wp\/v2\/media?parent=520353"}],"wp:term":[{"taxonomy":"category","embeddable":true,"href":"https:\/\/www.europesays.com\/fr\/wp-json\/wp\/v2\/categories?post=520353"},{"taxonomy":"post_tag","embeddable":true,"href":"https:\/\/www.europesays.com\/fr\/wp-json\/wp\/v2\/tags?post=520353"}],"curies":[{"name":"wp","href":"https:\/\/api.w.org\/{rel}","templated":true}]}}