{"id":520365,"date":"2025-11-08T10:55:10","date_gmt":"2025-11-08T10:55:10","guid":{"rendered":"https:\/\/www.europesays.com\/fr\/520365\/"},"modified":"2025-11-08T10:55:10","modified_gmt":"2025-11-08T10:55:10","slug":"apres-son-exclusion-de-la-gendarmerie-il-rejoint-la-police-municipale-de-lyon-et-recidive","status":"publish","type":"post","link":"https:\/\/www.europesays.com\/fr\/520365\/","title":{"rendered":"Apr\u00e8s son exclusion de la gendarmerie, il rejoint la police municipale de Lyon et r\u00e9cidive"},"content":{"rendered":"<p>Le tribunal judiciaire de Villefranche-sur-Sa\u00f4ne a rendu ce lundi son jugement dans une affaire de violences conjugales impliquant un ancien gendarme, reconverti depuis dans la police municipale de Lyon.\u00a0<\/p>\n<p>Le pr\u00e9venu, un quadrag\u00e9naire, \u00e9tait poursuivi pour des faits commis le 26 octobre 2025 \u00e0 Fareins, au domicile de son ex-compagne.<\/p>\n<p>Selon les \u00e9l\u00e9ments pr\u00e9sent\u00e9s \u00e0 l\u2019audience, une dispute li\u00e9e \u00e0 des soup\u00e7ons d\u2019infid\u00e9lit\u00e9 aurait d\u00e9g\u00e9n\u00e9r\u00e9 en une s\u00e9rie de violences. La victime a subi coups de pied, tirage de cheveux et tentative d\u2019\u00e9tranglement, avant de signaler les faits sur une plateforme d\u00e9di\u00e9e aux violences conjugales. Elle n\u2019a port\u00e9 plainte que le lendemain, par crainte. Les blessures constat\u00e9es ont entra\u00een\u00e9 quatorze jours d\u2019incapacit\u00e9 totale de travail (ITT).<\/p>\n<p>L\u2019affaire s\u2019inscrit dans un contexte de r\u00e9cidive. Une premi\u00e8re proc\u00e9dure en 2019 avait conduit, en 2020, \u00e0 une condamnation \u00e0 six mois de prison avec sursis probatoire, suivie de son exclusion de la gendarmerie d\u2019Anse. D\u2019autres violences avaient \u00e9t\u00e9 rapport\u00e9es en 2022, entra\u00eenant un mois d\u2019ITT pour la victime, sans d\u00e9p\u00f4t de plainte.<\/p>\n<p>Lors de l\u2019audience, le tribunal s\u2019est interrog\u00e9 sur le rapport de force entre le pr\u00e9venu et la victime, compte tenu de sa carrure imposante. La relation, rompue depuis mai, avait n\u00e9anmoins repris bri\u00e8vement en octobre, p\u00e9riode durant laquelle les faits se sont d\u00e9roul\u00e9s.<\/p>\n<p>La procureure a soulign\u00e9 la violence de la sc\u00e8ne et les traces encore visibles sur la victime, \u00e9voquant \u00e9galement un contexte pr\u00e9occupant marqu\u00e9 par un ascendant physique et psychologique. Elle a requis deux ans d\u2019emprisonnement, dont une partie assortie d\u2019un sursis probatoire.<\/p>\n<p>Le tribunal a finalement condamn\u00e9 l\u2019homme \u00e0 deux ans de prison, dont quatorze mois avec sursis probatoire. La partie ferme de la peine sera ex\u00e9cut\u00e9e sous bracelet \u00e9lectronique. L\u2019homme a \u00e9galement interdiction de contacter la victime, d\u2019exercer une activit\u00e9 impliquant le port d\u2019armes et devra suivre un accompagnement adapt\u00e9.<\/p>\n","protected":false},"excerpt":{"rendered":"Le tribunal judiciaire de Villefranche-sur-Sa\u00f4ne a rendu ce lundi son jugement dans une affaire de violences conjugales impliquant&hellip;\n","protected":false},"author":2,"featured_media":520366,"comment_status":"","ping_status":"","sticky":false,"template":"","format":"standard","meta":{"footnotes":""},"categories":[1889],"tags":[1111,11,2813,2190,2430,1109,251,1112,2811,1777,674,118,1011,27,1922,1110,1114,2428,2810,12,241,316,25,2812,517,800],"class_list":{"0":"post-520365","1":"post","2":"type-post","3":"status-publish","4":"format-standard","5":"has-post-thumbnail","7":"category-lyon","8":"tag-actu","9":"tag-actualites","10":"tag-article","11":"tag-asvel","12":"tag-auvergne-rhone-alpes","13":"tag-breves","14":"tag-culture","15":"tag-depeches","16":"tag-economique","17":"tag-eu","18":"tag-europe","19":"tag-faits-divers","20":"tag-fr","21":"tag-france","22":"tag-info","23":"tag-informations","24":"tag-infos","25":"tag-lyon","26":"tag-lyonmag","27":"tag-news","28":"tag-ol","29":"tag-politique","30":"tag-republique-francaise","31":"tag-sociale","32":"tag-sport","33":"tag-transports"},"share_on_mastodon":{"url":"https:\/\/pubeurope.com\/@fr\/115513716034931881","error":""},"_links":{"self":[{"href":"https:\/\/www.europesays.com\/fr\/wp-json\/wp\/v2\/posts\/520365","targetHints":{"allow":["GET"]}}],"collection":[{"href":"https:\/\/www.europesays.com\/fr\/wp-json\/wp\/v2\/posts"}],"about":[{"href":"https:\/\/www.europesays.com\/fr\/wp-json\/wp\/v2\/types\/post"}],"author":[{"embeddable":true,"href":"https:\/\/www.europesays.com\/fr\/wp-json\/wp\/v2\/users\/2"}],"replies":[{"embeddable":true,"href":"https:\/\/www.europesays.com\/fr\/wp-json\/wp\/v2\/comments?post=520365"}],"version-history":[{"count":0,"href":"https:\/\/www.europesays.com\/fr\/wp-json\/wp\/v2\/posts\/520365\/revisions"}],"wp:featuredmedia":[{"embeddable":true,"href":"https:\/\/www.europesays.com\/fr\/wp-json\/wp\/v2\/media\/520366"}],"wp:attachment":[{"href":"https:\/\/www.europesays.com\/fr\/wp-json\/wp\/v2\/media?parent=520365"}],"wp:term":[{"taxonomy":"category","embeddable":true,"href":"https:\/\/www.europesays.com\/fr\/wp-json\/wp\/v2\/categories?post=520365"},{"taxonomy":"post_tag","embeddable":true,"href":"https:\/\/www.europesays.com\/fr\/wp-json\/wp\/v2\/tags?post=520365"}],"curies":[{"name":"wp","href":"https:\/\/api.w.org\/{rel}","templated":true}]}}