{"id":520383,"date":"2025-11-08T11:05:11","date_gmt":"2025-11-08T11:05:11","guid":{"rendered":"https:\/\/www.europesays.com\/fr\/520383\/"},"modified":"2025-11-08T11:05:11","modified_gmt":"2025-11-08T11:05:11","slug":"cyclisme-transfert-leo-hayter-de-retour-il-tentera-de-rebondir-aux-usa-en-2026","status":"publish","type":"post","link":"https:\/\/www.europesays.com\/fr\/520383\/","title":{"rendered":"Cyclisme. Transfert &#8211; Leo Hayter de retour ! Il tentera de rebondir aux USA en 2026"},"content":{"rendered":"<p><strong><a href=\"https:\/\/www.cyclismactu.net\/..\/news-route-leo-hayter-en-depression-met-en-pause-sa-carriere-chez-ineos-83580.html\" target=\"_blank\" rel=\"noopener\">Leo Hayter<\/a><\/strong> fera son retour dans le peloton professionnel en 2026 sous les couleurs de la nouvelle \u00e9quipe am\u00e9ricaine <strong>Modern Adventure Pro Cycling<\/strong>, fond\u00e9e par <strong>George<\/strong> et <strong>Rich Hincapie<\/strong>. L\u2019ancien coureur d\u2019<strong><a href=\"https:\/\/www.cyclismactu.net\/..\/news-transfert-route-la-team-ineos-grenadiers-a-recrute-un-jeune-norvegien-dans-son-equipe-90676.html\" target=\"_blank\" rel=\"noopener\">Ineos Grenadiers<\/a><\/strong>, vainqueur du <strong><a href=\"https:\/\/www.cyclismactu.net\/..\/news-tour-d-italie-route-mathys-rondel-et-giro-en-objectif-c-est-presque-parfait-90626.html\" target=\"_blank\" rel=\"noopener\">Tour d&rsquo;Italie U23<\/a> <\/strong>en 2021, rejoint une formation ambitieuse qui fera ses d\u00e9buts en tant que <strong><a href=\"https:\/\/www.cyclismactu.net\/..\/\" target=\"_blank\" rel=\"noopener\">Pro Team<\/a><\/strong> avec un effectif de vingt coureurs, dont douze Am\u00e9ricains. Apr\u00e8s plusieurs ann\u00e9es marqu\u00e9es par des difficult\u00e9s personnelles, le Britannique de 23 ans s\u2019offre une nouvelle chance dans un environnement que les dirigeants veulent avant tout \u00ab\u00a0familial et bienveillant\u00a0\u00bb.<\/p>\n<p>Vid\u00e9o &#8211; L\u00e9o Hayter avec le maillot blanc lors de la Vuelta 2022 Lire la suite de l&rsquo;article&#13;<\/p>\n<p>\u00a0<\/p>\n<p>&#13;<br \/>\n\u00ab\u00a0Il peur prendre son temps pour retrouver son talent avec nous\u00a0\u00bb&#13;<\/p>\n<p><strong>Rich Hincapie<\/strong>, manager g\u00e9n\u00e9ral de l\u2019\u00e9quipe, s\u2019est montr\u00e9 enthousiaste \u00e0 l\u2019id\u00e9e d\u2019accompagner le Britannique dans sa reconstruction . \u00ab\u00a0Je pense que nous sommes le bon programme pour lui. Il n\u2019y a aucune pression, il peut prendre son temps pour retrouver son talent. C\u2019est un vrai diamant brut\u00a0\u00bb, a-t-il d\u00e9clar\u00e9. L\u2019\u00e9quipe, qui s\u2019est engag\u00e9e pour un projet d\u2019au moins six ans, privil\u00e9giera la stabilit\u00e9 et la coh\u00e9sion avant la recherche de r\u00e9sultats imm\u00e9diats. <strong>Hayter<\/strong>, engag\u00e9 pour une saison, tentera de renouer avec le haut niveau apr\u00e8s avoir mis entre parenth\u00e8ses sa carri\u00e8re pour surmonter des troubles de sant\u00e9 mentale et alimentaires.<\/p>\n","protected":false},"excerpt":{"rendered":"Leo Hayter fera son retour dans le peloton professionnel en 2026 sous les couleurs de la nouvelle \u00e9quipe&hellip;\n","protected":false},"author":2,"featured_media":520384,"comment_status":"","ping_status":"","sticky":false,"template":"","format":"standard","meta":{"footnotes":""},"categories":[1589],"tags":[11,207,73,1866,211,12,209,210,969,212,1864,1865,1863,308,208,213],"class_list":{"0":"post-520383","1":"post","2":"type-post","3":"status-publish","4":"format-standard","5":"has-post-thumbnail","7":"category-etats-unis","8":"tag-actualites","9":"tag-cyclisme","10":"tag-etats-unis","11":"tag-etats-unis-damerique","12":"tag-ffc","13":"tag-news","14":"tag-route","15":"tag-tour-de-france","16":"tag-transfert","17":"tag-uci","18":"tag-united-states","19":"tag-united-states-of-america","20":"tag-us","21":"tag-usa","22":"tag-velo","23":"tag-world-tour"},"share_on_mastodon":{"url":"https:\/\/pubeurope.com\/@fr\/115513755129839575","error":""},"_links":{"self":[{"href":"https:\/\/www.europesays.com\/fr\/wp-json\/wp\/v2\/posts\/520383","targetHints":{"allow":["GET"]}}],"collection":[{"href":"https:\/\/www.europesays.com\/fr\/wp-json\/wp\/v2\/posts"}],"about":[{"href":"https:\/\/www.europesays.com\/fr\/wp-json\/wp\/v2\/types\/post"}],"author":[{"embeddable":true,"href":"https:\/\/www.europesays.com\/fr\/wp-json\/wp\/v2\/users\/2"}],"replies":[{"embeddable":true,"href":"https:\/\/www.europesays.com\/fr\/wp-json\/wp\/v2\/comments?post=520383"}],"version-history":[{"count":0,"href":"https:\/\/www.europesays.com\/fr\/wp-json\/wp\/v2\/posts\/520383\/revisions"}],"wp:featuredmedia":[{"embeddable":true,"href":"https:\/\/www.europesays.com\/fr\/wp-json\/wp\/v2\/media\/520384"}],"wp:attachment":[{"href":"https:\/\/www.europesays.com\/fr\/wp-json\/wp\/v2\/media?parent=520383"}],"wp:term":[{"taxonomy":"category","embeddable":true,"href":"https:\/\/www.europesays.com\/fr\/wp-json\/wp\/v2\/categories?post=520383"},{"taxonomy":"post_tag","embeddable":true,"href":"https:\/\/www.europesays.com\/fr\/wp-json\/wp\/v2\/tags?post=520383"}],"curies":[{"name":"wp","href":"https:\/\/api.w.org\/{rel}","templated":true}]}}