{"id":520399,"date":"2025-11-08T11:13:13","date_gmt":"2025-11-08T11:13:13","guid":{"rendered":"https:\/\/www.europesays.com\/fr\/520399\/"},"modified":"2025-11-08T11:13:13","modified_gmt":"2025-11-08T11:13:13","slug":"charlie-woods-digne-heritier-de-son-pere","status":"publish","type":"post","link":"https:\/\/www.europesays.com\/fr\/520399\/","title":{"rendered":"Charlie Woods, digne h\u00e9ritier de son p\u00e8re"},"content":{"rendered":"<p>\t\t\t\t\t\t<img width=\"770\" height=\"556\" src=\"https:\/\/www.europesays.com\/fr\/wp-content\/uploads\/2025\/11\/golf-pnc-championship-tiger-charlie-woods-ace-hole-in-one-trou-en-un-video-770x556.jpg\" class=\"img-responsive wp-post-image\" alt=\"golf-video-trou-en-un-tiger-woods-charlie-woods-pnc-championship Photo by Mike Ehrmann \/ GETTY IMAGES NORTH AMERICA \/ Getty Images via AFP\" decoding=\"async\" fetchpriority=\"high\"  \/>\t\t\t\t\t<\/p>\n<p>\t\t\t\t\t\t Partager cet article <\/p>\n<p class=\"screen-reader-text juiz_sps_maybe_hidden_text\">Partager la publication \u00ab\u00a0Charlie Woods, digne h\u00e9ritier de son p\u00e8re\u00a0\u00bb<\/p>\n<p><strong>Le fils du Tigre et son compatriote Miles Russell ont \u00e9t\u00e9 r\u00e9compens\u00e9s par l\u2019American Junior Golf Association. Si le second, \u00e2g\u00e9 de 17 ans, a remport\u00e9 pour la deuxi\u00e8me ann\u00e9e cons\u00e9cutive le titre de meilleur joueur, Charlie Woods, lui, rejoint son p\u00e8re au palmar\u00e8s, 34 ans apr\u00e8s.\u00a0<\/strong><\/p>\n<p><strong>H.D.<\/strong><\/p>\n<p>34 ans apr\u00e8s <strong>Tiger Woods<\/strong>, son fils Charlie, 16 ans, a \u00e9t\u00e9 d\u00e9sign\u00e9 par <a href=\"https:\/\/www.golfmonthly.com\/news\/miles-russell-claims-junior-award-double-as-charlie-woods-joins-tiger-as-an-all-american?utm_source=twitter&amp;utm_medium=social&amp;utm_campaign=dhtwitter&amp;utm_content=null\" rel=\"nofollow noopener\" target=\"_blank\">l\u2019American Junior Golf Association parmi les 12 membres first team All-America<\/a>. Le co-recordman de victoires sur le <strong>PGA Tour<\/strong> avait d\u00e9croch\u00e9 la m\u00eame distinction en 1991 et en 1992.<\/p>\n<p>Mais la vedette revient \u00e0 un autre floridien : son ain\u00e9 d\u2019un an, le gaucher<strong> Miles Russell<\/strong>. Ce dernier est devenu cette saison le premier double vainqueur du <strong>Junior Players Championship<\/strong> sur le parcours du <strong>TPC Sawgrass<\/strong> de Ponte Vedra Beach, dans son Etat natal. Il avait d\u00e9j\u00e0 remport\u00e9 cette distinction en 2023. C\u00f4t\u00e9 fille, c\u2019est la Canadienne de 15 ans, <strong>Aphrodite Deng<\/strong>, qui a \u00e9t\u00e9 r\u00e9compens\u00e9e apr\u00e8s une saison marqu\u00e9e par un succ\u00e8s \u00e0 l\u2019<strong>U.S. Girls\u2019 Junior<\/strong>, disput\u00e9e \u00e0 Atlanta (Georgie).<\/p>\n<p>Le fils de Matt Kuchar nomm\u00e9 dans l\u2019\u00e9quipe bis<\/p>\n<p>Le fils d\u2019un autre golfeur floridien, le nonuple vainqueur sur le PGA Tour, <strong>Matt Kuchar<\/strong>, sera \u00e9galement r\u00e9compens\u00e9.<strong> Cameron Kuchar<\/strong> fait ainsi partie de la deuxi\u00e8me \u00e9quipe All-America aux c\u00f4t\u00e9s du vainqueur de l\u2019<strong>U.S. Amateur 2025<\/strong>, <strong>Mason Howell<\/strong>. On rappelle que\u00a0 <a href=\"https:\/\/www.golfplanete.com\/actualites\/charlie-woods-gagne-pour-la-premiere-fois-sur-lajga\/\" rel=\"nofollow noopener\" target=\"_blank\"><strong>Charlie Woods<\/strong><\/a> a remport\u00e9 son premier gros titre au <a href=\"https:\/\/www.ajga.org\/tournaments\/2025\/team-taylormade-invitational\/leaderboard\" rel=\"nofollow noopener\" target=\"_blank\">Team TaylorMade Invitational\u00a0\u00e0 Bowling Green<\/a> (\u00e0 1h30 au sud d\u2019Orlando) au mois de mai dernier.\u00a0<\/p>\n<p>Photo : Mike Ehrmann \/ GETTY IMAGES NORTH AMERICA \/ Getty Images via AFP<\/p>\n","protected":false},"excerpt":{"rendered":"Partager cet article Partager la publication \u00ab\u00a0Charlie Woods, digne h\u00e9ritier de son p\u00e8re\u00a0\u00bb Le fils du Tigre et&hellip;\n","protected":false},"author":2,"featured_media":520400,"comment_status":"","ping_status":"","sticky":false,"template":"","format":"standard","meta":{"footnotes":""},"categories":[1418],"tags":[1011,27,1472,60],"class_list":{"0":"post-520399","1":"post","2":"type-post","3":"status-publish","4":"format-standard","5":"has-post-thumbnail","7":"category-golf","8":"tag-fr","9":"tag-france","10":"tag-golf","11":"tag-sports"},"share_on_mastodon":{"url":"https:\/\/pubeurope.com\/@fr\/115513787437562458","error":""},"_links":{"self":[{"href":"https:\/\/www.europesays.com\/fr\/wp-json\/wp\/v2\/posts\/520399","targetHints":{"allow":["GET"]}}],"collection":[{"href":"https:\/\/www.europesays.com\/fr\/wp-json\/wp\/v2\/posts"}],"about":[{"href":"https:\/\/www.europesays.com\/fr\/wp-json\/wp\/v2\/types\/post"}],"author":[{"embeddable":true,"href":"https:\/\/www.europesays.com\/fr\/wp-json\/wp\/v2\/users\/2"}],"replies":[{"embeddable":true,"href":"https:\/\/www.europesays.com\/fr\/wp-json\/wp\/v2\/comments?post=520399"}],"version-history":[{"count":0,"href":"https:\/\/www.europesays.com\/fr\/wp-json\/wp\/v2\/posts\/520399\/revisions"}],"wp:featuredmedia":[{"embeddable":true,"href":"https:\/\/www.europesays.com\/fr\/wp-json\/wp\/v2\/media\/520400"}],"wp:attachment":[{"href":"https:\/\/www.europesays.com\/fr\/wp-json\/wp\/v2\/media?parent=520399"}],"wp:term":[{"taxonomy":"category","embeddable":true,"href":"https:\/\/www.europesays.com\/fr\/wp-json\/wp\/v2\/categories?post=520399"},{"taxonomy":"post_tag","embeddable":true,"href":"https:\/\/www.europesays.com\/fr\/wp-json\/wp\/v2\/tags?post=520399"}],"curies":[{"name":"wp","href":"https:\/\/api.w.org\/{rel}","templated":true}]}}