{"id":520412,"date":"2025-11-08T11:25:12","date_gmt":"2025-11-08T11:25:12","guid":{"rendered":"https:\/\/www.europesays.com\/fr\/520412\/"},"modified":"2025-11-08T11:25:12","modified_gmt":"2025-11-08T11:25:12","slug":"audiences-10h35-morandini-live-senvole-sur-cnews-avec-pres-de-300-000-telespectateurs-de-plus-que-bfm-tv-faisant-plus-que-toutes-les-autres-chaines-infos-reunies","status":"publish","type":"post","link":"https:\/\/www.europesays.com\/fr\/520412\/","title":{"rendered":"Audiences 10h35 : Morandini Live s&rsquo;envole sur CNews avec pr\u00e8s de 300.000 t\u00e9l\u00e9spectateurs de plus que BFM TV, faisant plus que toutes les autres cha\u00eenes infos r\u00e9unies"},"content":{"rendered":"<p>Hier matin sur CNews, Jean-Marc Morandini a consacr\u00e9 une grande partie de son \u00e9mission aux \u00e9v\u00e9nements de la veille lors du concert de la Philarmonique d&rsquo;Isra\u00ebl brutalement perturb\u00e9 par des activistes pro-palestiniens, avec des t\u00e9moignages exclusifs et le point sur l&rsquo;enqu\u00eate<\/p>\n<p>De m\u00eame, une partie de l&rsquo;\u00e9mission \u00e9tait consacr\u00e9e \u00e0 un doc du m\u00e9dia Fronti\u00e8res sur le dialogue impossible entre des jeunes de droite et de gauche autour de l&rsquo;immigration et la politique.<\/p>\n<p>C\u00f4t\u00e9 audience, c&rsquo;est un \u00e9norme succ\u00e8s pour le programme \u00e0 10h35 avec pr\u00e8s de 300.000 t\u00e9l\u00e9spectateurs de plus que BFM, mais surtout \u00e0 elle seule, l&rsquo;\u00e9mission de CNEWS fait plus que BFM TV, France Info et LCI r\u00e9unis.<\/p>\n<p>Rendez-vous mercredi \u00e0 10h35 pour une nouvelle \u00e9mission en direct !<\/p>\n<p><strong>Pas de Morandini Live lundi et mardi en raison du pont du 11 novembre et des c\u00e9r\u00e9monies.<\/strong><\/p>\n<p>        Morandini Live<br \/>\n        13.3 % de PDA\n        <\/p>\n<p>        443 000<\/p>\n<p>        Arnaud Direct<br \/>\n        5.1 % de PDA\n        <\/p>\n<p>        169 000<\/p>\n<p>        Tranche info<br \/>\n        3.4 % de PDA\n        <\/p>\n<p>        113 000<\/p>\n<p>        Tranche info<br \/>\n        2 % de PDA\n        <\/p>\n<p>        66 000<\/p>\n<p>  Le Top des parts de march\u00e9<\/p>\n","protected":false},"excerpt":{"rendered":"Hier matin sur CNews, Jean-Marc Morandini a consacr\u00e9 une grande partie de son \u00e9mission aux \u00e9v\u00e9nements de la&hellip;\n","protected":false},"author":2,"featured_media":520413,"comment_status":"","ping_status":"","sticky":false,"template":"","format":"standard","meta":{"footnotes":""},"categories":[1356],"tags":[2367,9722,58,59,1011,27,51560,252,1364],"class_list":{"0":"post-520412","1":"post","2":"type-post","3":"status-publish","4":"format-standard","5":"has-post-thumbnail","7":"category-television","8":"tag-audiences","9":"tag-cnews","10":"tag-divertissement","11":"tag-entertainment","12":"tag-fr","13":"tag-france","14":"tag-morandini-live","15":"tag-television","16":"tag-tv"},"share_on_mastodon":{"url":"","error":""},"_links":{"self":[{"href":"https:\/\/www.europesays.com\/fr\/wp-json\/wp\/v2\/posts\/520412","targetHints":{"allow":["GET"]}}],"collection":[{"href":"https:\/\/www.europesays.com\/fr\/wp-json\/wp\/v2\/posts"}],"about":[{"href":"https:\/\/www.europesays.com\/fr\/wp-json\/wp\/v2\/types\/post"}],"author":[{"embeddable":true,"href":"https:\/\/www.europesays.com\/fr\/wp-json\/wp\/v2\/users\/2"}],"replies":[{"embeddable":true,"href":"https:\/\/www.europesays.com\/fr\/wp-json\/wp\/v2\/comments?post=520412"}],"version-history":[{"count":0,"href":"https:\/\/www.europesays.com\/fr\/wp-json\/wp\/v2\/posts\/520412\/revisions"}],"wp:featuredmedia":[{"embeddable":true,"href":"https:\/\/www.europesays.com\/fr\/wp-json\/wp\/v2\/media\/520413"}],"wp:attachment":[{"href":"https:\/\/www.europesays.com\/fr\/wp-json\/wp\/v2\/media?parent=520412"}],"wp:term":[{"taxonomy":"category","embeddable":true,"href":"https:\/\/www.europesays.com\/fr\/wp-json\/wp\/v2\/categories?post=520412"},{"taxonomy":"post_tag","embeddable":true,"href":"https:\/\/www.europesays.com\/fr\/wp-json\/wp\/v2\/tags?post=520412"}],"curies":[{"name":"wp","href":"https:\/\/api.w.org\/{rel}","templated":true}]}}