{"id":520416,"date":"2025-11-08T11:27:15","date_gmt":"2025-11-08T11:27:15","guid":{"rendered":"https:\/\/www.europesays.com\/fr\/520416\/"},"modified":"2025-11-08T11:27:15","modified_gmt":"2025-11-08T11:27:15","slug":"feels-good-man-un-documentaire-qui-retrace-la-vie-agitee-de-pepe-the-frog-meme-celebre-dinternet","status":"publish","type":"post","link":"https:\/\/www.europesays.com\/fr\/520416\/","title":{"rendered":"\u00ab\u00a0Feels Good Man\u00a0\u00bb, un documentaire qui retrace la vie agit\u00e9e de Pepe the Frog, m\u00e8me c\u00e9l\u00e8bre d\u2019Internet"},"content":{"rendered":"<p>        <img decoding=\"async\" loading=\"lazy\" src=\"https:\/\/www.europesays.com\/fr\/wp-content\/uploads\/2025\/11\/33e1537_upload-1-bsf7w2w8pn54-capture-da-a-cran-2025-10-31-164902.jpg\"  width=\"728\" height=\"409\" alt=\"L\u2019auteur de BD am\u00e9ricain Matt Furie intervenant dans le documentaire \u00ab\u00a0Feels Good Man\u00a0\u00bb sur Society+.\"\/>  <\/p>\n<p>Society+<\/p>\n<p>L\u2019auteur de BD am\u00e9ricain Matt Furie intervenant dans le documentaire \u00ab\u00a0Feels Good Man\u00a0\u00bb sur Society+.<\/p>\n<p class=\"asset asset-text\">INTERNET &#8211; Sorti en 2020, le documentaire Feels Good Man retrace l\u2019histoire de la grenouille la plus c\u00e9l\u00e8bre d\u2019Internet \u00e0 la fin des ann\u00e9es 2000, <a href=\"https:\/\/www.huffingtonpost.fr\/culture\/article\/zara-accuse-d-avoir-utilise-une-grenouille-ressemblant-au-symbole-controverse-pepe-the-frog_98447.html\" rel=\"nofollow noopener\" target=\"_blank\">Pepe the Frog<\/a>. Cr\u00e9\u00e9e par l\u2019auteur de BD am\u00e9ricain Matt Furie comme l\u2019un des personnages d\u2019une s\u00e9rie de comics pour fumeurs de weed, Boys Club, cette grenouille va devenir c\u00e9l\u00e8bre gr\u00e2ce \u00e0 une case bien identifi\u00e9e\u00a0: quand elle est en train d\u2019uriner aux toilettes, de dos et le pantalon baiss\u00e9 jusqu\u2019au sol. \u00ab\u00a0Feels Good Man\u00a0\u00bb (\u00ab\u00a0C\u2019est bon, mec\u00a0\u00bb), l\u00e2che alors une autre <a href=\"https:\/\/www.huffingtonpost.fr\/science\/video\/cette-jeune-grenouille-volante-a-une-technique-bien-particuliere-pour-echapper-aux-predateurs_224357.html\" rel=\"nofollow noopener\" target=\"_blank\">grenouille<\/a> qui assiste \u00e0 la sc\u00e8ne.<\/p>\n<p class=\"asset asset-text\">Rapidement, le ph\u00e9nom\u00e8ne Pepe the Frog va prendre de l\u2019ampleur sur Internet, partag\u00e9 et d\u00e9tourn\u00e9 en masse sur les premiers sites communautaires de l\u2019\u00e9poque\u00a0: MySpace et surtout 4chan. Il n\u2019en fallait pas plus pour que la t\u00eate verte de Pepe devienne un m\u00e8me, aussi bien utilis\u00e9 par des anonymes ou des stars, comme la chanteuse Nicki Minaj.<\/p>\n<p>         <img decoding=\"async\" loading=\"lazy\" src=\"https:\/\/www.europesays.com\/fr\/wp-content\/uploads\/2025\/09\/7660b80_sirius-fs-upload-1-jrs0aheff80v-1742548388688-capture-da-ei-cran-2025-03-21-ai-09-43-24.png\"  width=\"728\" height=\"146\" alt=\"\"\/>      <\/p>\n<p class=\"asset asset-text\"><strong>De bonnes histoires, un ton, un regard. Le HuffPost et Society ont en commun l\u2019art du pas de c\u00f4t\u00e9 et s\u2019associent autour d\u2019un partenariat in\u00e9dit pour faire d\u00e9couvrir gratuitement aux lecteurs du HuffPost un documentaire s\u00e9lectionn\u00e9 par la r\u00e9daction.<\/strong><\/p>\n<p class=\"asset asset-text\"><a href=\"https:\/\/www.societyplus.fr\/content\/feels-good-man-122685?gifted=huffingtonpost&amp;utm_source=huffpost&amp;utm_medium=page-offerte&amp;utm_campaign=feelsgoodman\" target=\"_blank\" rel=\"noopener nofollow\" title=\"Nouvelle fen\u00eatre\"><strong>\u00ab\u00a0Feels Good Man\u00a0\u00bb, 94\u00a0min, d\u2019Arthur Jones, \u00e0 regarder sur Society+ (gratuitement jusqu\u2019au 15\u00a0novembre)<\/strong><\/a><\/p>\n<p class=\"asset asset-text\">Mais loin de son image initiale tol\u00e9rante et pacifique, la grenouille se voit aussi r\u00e9cup\u00e9r\u00e9e n\u00e9gativement. Par exemple sur 4chan par une communaut\u00e9 de jeunes sans emploi restant clo\u00eetr\u00e9s en permanence dans leur chambre, qui popularisent un Pepe \u00ab\u00a0sad\u00a0\u00bb (\u00ab\u00a0triste\u00a0\u00bb), comme un miroir de leur vie sans r\u00e9el avenir.<\/p>\n<p> La lecture de ce contenu est susceptible d\u2019entra\u00eener un d\u00e9p\u00f4t de cookies de la part de l\u2019op\u00e9rateur tiers qui l\u2019h\u00e9berge. Compte-tenu des choix que vous avez exprim\u00e9s en mati\u00e8re de d\u00e9p\u00f4t de cookies, nous avons bloqu\u00e9 l\u2019affichage de ce contenu. Si vous souhaitez y acc\u00e9der, vous devez accepter la cat\u00e9gorie de cookies \u201cContenus tiers\u201d en cliquant sur le bouton ci-dessous. <\/p>\n<p> Lire la Vid\u00e9o        <\/p>\n<p class=\"asset asset-text\">Une v\u00e9ritable bascule s\u2019op\u00e8re quand Pepe the Frog est de plus en plus repr\u00e9sent\u00e9e dans des montages \u00e0 connotation raciste, mettant en sc\u00e8ne le nazisme ou appelant au meurtre et \u00e0 la haine. L\u2019extr\u00eame droite radicale am\u00e9ricaine (l\u2019alt-right) en fait sa mascotte et surfe sur la candidature de <a href=\"https:\/\/www.huffingtonpost.fr\/international\/article\/pendant-que-trump-distribue-des-bonbons-pour-halloween-ces-americains-reclament-de-la-nourriture_256614.html\" rel=\"nofollow noopener\" target=\"_blank\">Donald Trump<\/a> \u00e0 l\u2019\u00e9lection pr\u00e9sidentielle de 2016. Le r\u00e9publicain n\u2019h\u00e9site pas alors \u00e0 retweeter une image de Pepe le repr\u00e9sentant, coiff\u00e9e de sa chevelure blonde.<\/p>\n<p class=\"asset asset-text\">Baignant all\u00e8grement dans le milieu supr\u00e9maciste blanc, au centre de d\u00e9rives incontr\u00f4lables et des th\u00e9ories du complot, Pepe the Frog en vient m\u00eame \u00e0 \u00eatre officiellement list\u00e9e comme un \u00ab\u00a0symbole de haine\u00a0\u00bb par l\u2019une des plus importantes organisations de lutte contre l\u2019antis\u00e9mitisme et le racisme aux \u00c9tats-Unis, la Ligue anti-diffamation (ADL).<\/p>\n<p>                     Une campagne \u00ab\u00a0Sauvez Pepe\u00a0\u00bb sur Internet    <\/p>\n<p class=\"asset asset-text\">Autour de l\u2019\u00e9lection pr\u00e9sidentielle du 8\u00a0novembre\u00a02016, Matt Furie tente de r\u00e9cup\u00e9rer sa cr\u00e9ation en lan\u00e7ant une campagne \u00ab\u00a0Sauvez Pepe\u00a0\u00bb sur Internet, pour laquelle il faut dessiner une version pacifiste de la grenouille. En vain, le c\u00f4t\u00e9 du mal finissant toujours pas rejaillir in\u00e9vitablement sur les r\u00e9seaux sociaux. Finalement, face \u00e0 un probl\u00e8me quasiment insoluble, Matt Furie d\u00e9cide de \u00ab\u00a0tuer\u00a0\u00bb Pepe en 2017, organisant ses fun\u00e9railles dans une bande dessin\u00e9e.<\/p>\n<p class=\"asset asset-text\">Les probl\u00e8mes ne sont pas termin\u00e9s pour autant pour l\u2019auteur am\u00e9ricain, qui fait face quelques semaines plus tard \u00e0 la publication d\u2019un livre islamophobe sur Amazon, reprenant l\u2019image de Pepe. La goutte de trop pour le dessinateur, qui part alors en croisade contre l\u2019auteur de cet ouvrage. L\u2019affaire se r\u00e8gle finalement \u00e0 l\u2019amiable et le livre est retir\u00e9 de la vente.<\/p>\n<p class=\"asset asset-text\">Des actions en justice, Matt Furie en conna\u00eetra d\u2019autres, notamment en 2018\u00a0contre l\u2019animateur radio Alex Jones qui est derri\u00e8re le site complotiste InfoWars, pour usage non autoris\u00e9 du personnage \u00e0 des fins commerciales. L\u00e0 encore, un arrangement financier est conclu en faveur de l\u2019auteur de BD.<\/p>\n<p class=\"asset asset-text\">Finalement, un tournant inattendu intervient en 2019\u00a0pour Pepe, quand elle devient <a href=\"https:\/\/www.courrierinternational.com\/revue-de-presse\/internet-pepe-frog-hong-kong-tortueuse-histoire-dun-meme\" target=\"_blank\" rel=\"noopener nofollow\" title=\"Nouvelle fen\u00eatre\">la mascotte du mouvement pro-d\u00e9mocratie \u00e0 Hong Kong<\/a>. En peluche, dessin\u00e9e sur des autocollants, des tracts ou des origamis, le c\u00e9l\u00e8bre batracien est de toutes les manifestations, coiff\u00e9 d\u2019un casque jaune. De quoi finir son histoire tortur\u00e9e sur une bonne note. Pour le moment.<\/p>\n","protected":false},"excerpt":{"rendered":"Society+ L\u2019auteur de BD am\u00e9ricain Matt Furie intervenant dans le documentaire \u00ab\u00a0Feels Good Man\u00a0\u00bb sur Society+. INTERNET &#8211;&hellip;\n","protected":false},"author":2,"featured_media":520417,"comment_status":"","ping_status":"","sticky":false,"template":"","format":"standard","meta":{"footnotes":""},"categories":[1354],"tags":[251,58,1190,59,73,1076,1346,1011,27,14,310,1360],"class_list":{"0":"post-520416","1":"post","2":"type-post","3":"status-publish","4":"format-standard","5":"has-post-thumbnail","7":"category-films","8":"tag-culture","9":"tag-divertissement","10":"tag-documentaire","11":"tag-entertainment","12":"tag-etats-unis","13":"tag-extreme-droite","14":"tag-films","15":"tag-fr","16":"tag-france","17":"tag-international","18":"tag-internet","19":"tag-movies"},"share_on_mastodon":{"url":"https:\/\/pubeurope.com\/@fr\/115513842273027302","error":""},"_links":{"self":[{"href":"https:\/\/www.europesays.com\/fr\/wp-json\/wp\/v2\/posts\/520416","targetHints":{"allow":["GET"]}}],"collection":[{"href":"https:\/\/www.europesays.com\/fr\/wp-json\/wp\/v2\/posts"}],"about":[{"href":"https:\/\/www.europesays.com\/fr\/wp-json\/wp\/v2\/types\/post"}],"author":[{"embeddable":true,"href":"https:\/\/www.europesays.com\/fr\/wp-json\/wp\/v2\/users\/2"}],"replies":[{"embeddable":true,"href":"https:\/\/www.europesays.com\/fr\/wp-json\/wp\/v2\/comments?post=520416"}],"version-history":[{"count":0,"href":"https:\/\/www.europesays.com\/fr\/wp-json\/wp\/v2\/posts\/520416\/revisions"}],"wp:featuredmedia":[{"embeddable":true,"href":"https:\/\/www.europesays.com\/fr\/wp-json\/wp\/v2\/media\/520417"}],"wp:attachment":[{"href":"https:\/\/www.europesays.com\/fr\/wp-json\/wp\/v2\/media?parent=520416"}],"wp:term":[{"taxonomy":"category","embeddable":true,"href":"https:\/\/www.europesays.com\/fr\/wp-json\/wp\/v2\/categories?post=520416"},{"taxonomy":"post_tag","embeddable":true,"href":"https:\/\/www.europesays.com\/fr\/wp-json\/wp\/v2\/tags?post=520416"}],"curies":[{"name":"wp","href":"https:\/\/api.w.org\/{rel}","templated":true}]}}