{"id":520418,"date":"2025-11-08T11:28:12","date_gmt":"2025-11-08T11:28:12","guid":{"rendered":"https:\/\/www.europesays.com\/fr\/520418\/"},"modified":"2025-11-08T11:28:12","modified_gmt":"2025-11-08T11:28:12","slug":"sante-attention-laspirine-peut-etre-dangereuse-dans-certaines-situations","status":"publish","type":"post","link":"https:\/\/www.europesays.com\/fr\/520418\/","title":{"rendered":"Sant\u00e9. Attention, l&rsquo;aspirine peut \u00eatre dangereuse dans certaines situations"},"content":{"rendered":"<p>Le syndrome coronarien chronique est la maladie cardio-vasculaire chronique la plus fr\u00e9quente et la premi\u00e8re cause de mortalit\u00e9 dans les pays d\u00e9velopp\u00e9s.<\/p>\n<p>Aussi appel\u00e9 angine de poitrine, ou angor, il n\u00e9cessite un suivi m\u00e9dical r\u00e9gulier et une bonne hygi\u00e8ne de vie.<\/p>\n<p>En France, 1,5 million de personnes en sont atteintes dont pr\u00e8s de la moiti\u00e9 ont plus de 75 ans.<\/p>\n<p>Ces patients re\u00e7oivent habituellement un traitement pr\u00e9ventif par antiagr\u00e9gant plaquettaire, le plus souvent de l\u2019aspirine \u00e0 faible dose, prescrit \u00e0 vie. Ce traitement r\u00e9duit le risque de formation de caillots et prot\u00e8ge contre la survenue d\u2019un nouvel accident cardiaque.<\/p>\n<p>\u00a0Toutefois, nombre de ces patients re\u00e7oivent \u00e9galement un second traitement, un anticoagulant pour fluidifier le sang notamment lors d\u2019un trouble du rythme cardiaque (la fibrillation atriale).<\/p>\n<p>Ne pas combiner les deux\u2026<\/p>\n<p>La question que se posaient les m\u00e9decins \u00e9tait simple mais cruciale : faut-il maintenir l\u2019aspirine en plus de l\u2019anticoagulant, ou l\u2019anticoagulant seul suffit-il ?<\/p>\n<p>Une \u00e9tude incluant 51 centres cardiologiques, et \u00e9manant de la fusion de trois projets hospitaliers des CHU de Brest, de Lille et de N\u00eemes, apporte une r\u00e9ponse sans appel\u00a0: l\u2019aspirine n\u2019apporte aucune protection suppl\u00e9mentaire contre les r\u00e9cidives cardiaques lorsqu\u2019elle est associ\u00e9e \u00e0 un anticoagulant.<\/p>\n<p>  \u00a0Les h\u00e9morragies en hausse<\/p>\n<p>Ce travail, men\u00e9 aupr\u00e8s de 872 patients \u00e0 haut risque de r\u00e9cidive devait durer deux ans\u2026 Mais il a d\u00fb \u00eatre stopp\u00e9 pr\u00e9matur\u00e9ment\u00a0: une augmentation significative des h\u00e9morragies ayant \u00e9t\u00e9 observ\u00e9e chez les patients sous aspirine.<\/p>\n<p>\u00ab\u00a0Ces r\u00e9sultats sont clairs et pourraient modifier les prochaines recommandations internationales de cardiologie, indiquent les auteurs, sugg\u00e9rant que, pour les patients coronariens chroniques, y compris pour ceux qui ont un risque \u00e9lev\u00e9, l\u2019aspirine ne doit pas \u00eatre prescrite \u00e0 long terme en plus du traitement anticoagulant lorsque celui-ci est n\u00e9cessaire notamment pour une fibrillation atriale.\u00a0\u00bb<\/p>\n<p class=\"note\">A noter\u00a0: bien entendu, si vous \u00eates un patient coronarien sous anticoagulant et aspirine, il est crucial de ne jamais modifier ou interrompre votre traitement sans avis m\u00e9dical.<\/p>\n","protected":false},"excerpt":{"rendered":"Le syndrome coronarien chronique est la maladie cardio-vasculaire chronique la plus fr\u00e9quente et la premi\u00e8re cause de mortalit\u00e9&hellip;\n","protected":false},"author":2,"featured_media":520419,"comment_status":"","ping_status":"","sticky":false,"template":"","format":"standard","meta":{"footnotes":""},"categories":[10],"tags":[107,1011,27,72,1031,5362,71],"class_list":{"0":"post-520418","1":"post","2":"type-post","3":"status-publish","4":"format-standard","5":"has-post-thumbnail","7":"category-sante","8":"tag-fil-info","9":"tag-fr","10":"tag-france","11":"tag-health","12":"tag-magazine","13":"tag-magazine-sante","14":"tag-sante"},"share_on_mastodon":{"url":"https:\/\/pubeurope.com\/@fr\/115513845683621983","error":""},"_links":{"self":[{"href":"https:\/\/www.europesays.com\/fr\/wp-json\/wp\/v2\/posts\/520418","targetHints":{"allow":["GET"]}}],"collection":[{"href":"https:\/\/www.europesays.com\/fr\/wp-json\/wp\/v2\/posts"}],"about":[{"href":"https:\/\/www.europesays.com\/fr\/wp-json\/wp\/v2\/types\/post"}],"author":[{"embeddable":true,"href":"https:\/\/www.europesays.com\/fr\/wp-json\/wp\/v2\/users\/2"}],"replies":[{"embeddable":true,"href":"https:\/\/www.europesays.com\/fr\/wp-json\/wp\/v2\/comments?post=520418"}],"version-history":[{"count":0,"href":"https:\/\/www.europesays.com\/fr\/wp-json\/wp\/v2\/posts\/520418\/revisions"}],"wp:featuredmedia":[{"embeddable":true,"href":"https:\/\/www.europesays.com\/fr\/wp-json\/wp\/v2\/media\/520419"}],"wp:attachment":[{"href":"https:\/\/www.europesays.com\/fr\/wp-json\/wp\/v2\/media?parent=520418"}],"wp:term":[{"taxonomy":"category","embeddable":true,"href":"https:\/\/www.europesays.com\/fr\/wp-json\/wp\/v2\/categories?post=520418"},{"taxonomy":"post_tag","embeddable":true,"href":"https:\/\/www.europesays.com\/fr\/wp-json\/wp\/v2\/tags?post=520418"}],"curies":[{"name":"wp","href":"https:\/\/api.w.org\/{rel}","templated":true}]}}