{"id":520430,"date":"2025-11-08T11:34:15","date_gmt":"2025-11-08T11:34:15","guid":{"rendered":"https:\/\/www.europesays.com\/fr\/520430\/"},"modified":"2025-11-08T11:34:15","modified_gmt":"2025-11-08T11:34:15","slug":"info-rtl-trois-femmes-radicalisees-interpellees-pour-un-projet-dattentat-a-paris","status":"publish","type":"post","link":"https:\/\/www.europesays.com\/fr\/520430\/","title":{"rendered":"INFO RTL &#8211; Trois femmes radicalis\u00e9es interpell\u00e9es pour un projet d&rsquo;attentat \u00e0 Paris"},"content":{"rendered":"<p class=\"article-p mdl\">Trois femmes <strong>suspect\u00e9es d&rsquo;un projet d&rsquo;attentat islamiste<\/strong>. Le fait est rarissime dans l&rsquo;histoire du jihadisme fran\u00e7ais, le seul pr\u00e9c\u00e9dent remontant \u00e0 plus de neuf ans avec\u00a0<a class=\"link\" href=\"https:\/\/www.rtl.fr\/actu\/justice-faits-divers\/bonbonnes-de-gaz-que-prevoyait-le-commando-feminin-7784811299\" target=\"_blank\" rel=\"noopener\">les bonbonnes de Notre-Dame en 2016<\/a>.\u00a0<\/p>\n<p class=\"article-p mdl\">C&rsquo;est pourtant l&rsquo;aboutissement d&rsquo;une enqu\u00eate du <strong>Parquet national antiterroriste (PNAT)<\/strong> qui a permi la mise en examen et l&rsquo;incarc\u00e9ration, le 10 octobre dernier, de trois Fran\u00e7aises, pour avoir projet\u00e9 une action violente dans la capitale, d&rsquo;apr\u00e8s les informations de RTL obtenues de sources concordantes et confirm\u00e9es par le PNAT.\u00a0<\/p>\n<p class=\"article-p mdl\">La cible potentielle n&rsquo;\u00e9tait pas encore pr\u00e9cis\u00e9ment arr\u00eat\u00e9e, mais le groupe a notamment \u00e9voqu\u00e9 des salles de concerts et des bars, d&rsquo;apr\u00e8s une source proche du dossier, alors que la France s&rsquo;appr\u00eate \u00e0 comm\u00e9morer\u00a0<a class=\"link\" href=\"https:\/\/www.rtl.fr\/sport\/football\/si-on-avait-pu-eviter-didier-deschamps-aurait-prefere-que-les-bleus-ne-jouent-pas-le-jour-des-10-ans-du-13-novembre-7900563490\" title=\"&quot;Si on avait pu \u00e9viter&quot; : Didier Deschamps aurait pr\u00e9f\u00e9r\u00e9 que les Bleus ne jouent pas le jour des 10 ans du 13 novembre\" target=\"_blank\" rel=\"noopener\">les 10 ans des attaques du 13 novembre 2015<\/a>.\u00a0<\/p>\n<p>            Une enqu\u00eate ouverte d\u00e8s le 23 juillet<\/p>\n<p class=\"article-p mdl\">\u00c2g\u00e9es de 18, 19 et 21 ans, les trois suspectes, toutes les porteuses d&rsquo;un niqab, voile int\u00e9gral, ont \u00e9t\u00e9 interpell\u00e9es \u00e0<strong> Lyon, Villeurbanne et Vierzon <\/strong>d\u00e9but octobre. L&rsquo;une d&rsquo;entre elles, consid\u00e9r\u00e9e \u00e0 ce stade comme<strong> la meneuse du groupe et la plus radicalis\u00e9e<\/strong>, avait d&rsquo;abord \u00e9t\u00e9 rep\u00e9r\u00e9e par le biais d&rsquo;un islamiste, lui-m\u00eame dans le viseur des services de renseignement.<\/p>\n<p class=\"article-p mdl\">D\u00e8s le milieu de l&rsquo;\u00e9t\u00e9, ses \u00e9changes ont \u00e9t\u00e9 plac\u00e9s sous surveillance \u00e9troite par la<strong> Direction g\u00e9n\u00e9rale de la s\u00e9curit\u00e9 int\u00e9rieure (DGSI)<\/strong>, en charge de l&rsquo;enqu\u00eate ouverte par\u00a0<a class=\"link\" href=\"https:\/\/www.rtl.fr\/actu\/justice-faits-divers\/les-infos-de-18h-samuel-paty-le-parquet-national-antiterroriste-demande-que-14-personnes-soient-jugees-7900253209\" title=\"Les infos de 18h - Samuel Paty : le parquet national antiterroriste demande que 14 personnes soient jug\u00e9es\" target=\"_blank\" rel=\"noopener\">le PNAT<\/a>\u00a0le 23 juillet. Ce qui a mis en lumi\u00e8re \u00e0 la fois ses liens \u00e9troits avec les deux autres femmes, et <strong>ses vell\u00e9it\u00e9s d&rsquo;action violente,<\/strong> ce qu&rsquo;elle conteste.<\/p>\n<p>        \u00c0 \u00e9couter<\/p>\n<p class=\"col-12 col-md-11\">\n<p>                                DGSI &#8211; Le patron de la section anti-terroriste est l&rsquo;invit\u00e9 de RTL Matin\n                        <\/p>\n<p class=\"article-p mdl\">D&rsquo;apr\u00e8s les investigations, la principale suspecte a notamment \u00e9voqu\u00e9 dans des conversations <strong>le prix d&rsquo;acquisition d&rsquo;un fusil mitrailleur de type Kalachnikov<\/strong> et la confection de ceintures explosives. Une note a \u00e9t\u00e9 en outre retrouv\u00e9e en perquisition, consacr\u00e9e \u00e0 la pr\u00e9paration d&rsquo;un attentat jihadiste.\u00a0<\/p>\n<p>            \u00ab\u00a0Je vais y aller et tout faire p\u00e9ter\u00a0\u00bb<\/p>\n<p class=\"article-p mdl\">Les deux autres suspectes pr\u00e9sentent des profils assez diff\u00e9rents : la plus \u00e2g\u00e9e, qui souffre d&rsquo;un handicap moteur et se d\u00e9place en fauteuil, a pass\u00e9 plusieurs ann\u00e9es dans des foyers et apparait comme assez fragile. La plus jeune est pour sa part d\u00e9crite comme \u00ab\u00a0pu\u00e9rile\u00a0\u00bb dans certains de ses \u00e9changes.<\/p>\n<p class=\"article-p mdl\">Notamment lors d&rsquo;une conversation capt\u00e9e par les policiers lors de sa journ\u00e9e \u00ab\u00a0d\u00e9fense et citoyennet\u00e9\u00a0\u00bb o\u00f9, d&rsquo;apr\u00e8s nos informations, elle \u00e9crit \u00e0 ses correspondantes : \u00ab\u00a0<strong>S&rsquo;ils savaient qu&rsquo;ils ont une terroriste au milieu d&rsquo;eux !<\/strong>\u00ab\u00a0. R\u00e9ponse de la meneuse pr\u00e9sum\u00e9e : \u00ab\u00a0Je vais y aller et tout faire p\u00e9ter\u00a0\u00bb. \u00ab\u00a0Pas maintenant ma s\u0153ur \u00ab\u00a0, r\u00e9torque la grande adolescente.<\/p>\n<p class=\"article-p mdl\">Les trois suspectes se sont rencontr\u00e9es au moins une fois physiquement d&rsquo;apr\u00e8s les investigations, <strong>ce qui renforce la conviction de la DGSI d&rsquo;une volont\u00e9 de passage \u00e0 l&rsquo;acte.<\/strong><\/p>\n<p>            Six attentats d\u00e9jou\u00e9s depuis le d\u00e9but de l&rsquo;ann\u00e9e 2025<\/p>\n<p class=\"article-p mdl\">Tout l&rsquo;enjeu de l&rsquo;enqu\u00eate va \u00eatre de d\u00e9terminer quelle \u00e9tait la d\u00e9termination r\u00e9elle du groupe et de chacune de ses membres, et si le projet \u00e9voqu\u00e9 avait vocation \u00e0 \u00eatre r\u00e9alis\u00e9. En garde \u00e0 vue, la principale suspecte a reconnu avoir pu \u00eatre radicalis\u00e9e, mais elle affirme avoir progressivement abandonn\u00e9 l&rsquo;id\u00e9ologie jihadiste depuis cet \u00e9t\u00e9. Les trois mises en cause contestent le projet d&rsquo;attentat.\u00a0<\/p>\n<p>\u00ab\u00a0L\u2019instruction permettra assur\u00e9ment de tirer le vrai du faux, il faut, comme toujours, se m\u00e9fier de certaines conclusions trop h\u00e2tives\u00a0\u00bb, commente Me Thibaut Bailly, avocat de la plus \u00e2g\u00e9e.\u00a0<\/p>\n<blockquote class=\"article-quote\">\n<p class=\"article-quote-text icon icon-quote-v2\">Nous verrons bien vite si les propos qu&rsquo;elle a peut-\u00eatre tenus ou entendus relevaient d&rsquo;une menace s\u00e9rieuse ou, comme on peut le supposer, de vaines et malheureuses tentatives d&rsquo;une tr\u00e8s jeune fille de s&rsquo;extraire de sa solitude.<\/p>\n<p>Me Jean-Baptiste Riolacci, avocat de la plus jeune suspecte, aupr\u00e8s de RTL<\/p>\n<\/blockquote>\n<p class=\"article-p mdl\">\u00ab\u00a0Nous en savons encore assez peu sur le degr\u00e9 d&rsquo;aboutissement du projet suppos\u00e9, si tant est qu&rsquo;il ait \u00e9t\u00e9 s\u00e9rieux, souligne de son c\u00f4t\u00e9 Me Jean-Baptiste Riolacci, l&rsquo;avocat de la plus jeune. Nous verrons bien vite si les propos qu&rsquo;elle a peut-\u00eatre tenus ou entendus relevaient d&rsquo;une menace s\u00e9rieuse ou bien, comme on peut le supposer, de vaines et malheureuses tentatives d&rsquo;une tr\u00e8s jeune fille de s&rsquo;extraire de sa solitude.\u00a0\u00bb<\/p>\n<p>\u00c9galement contact\u00e9 par RTL l&rsquo;avocat de la principale mise en cause, Me Reda Ghilaci, n&rsquo;a pas souhait\u00e9 s&rsquo;exprimer \u00e0 ce stade. Selon le PNAT, il s&rsquo;agit du <strong>6e attentat d\u00e9jou\u00e9 en France depuis le d\u00e9but de l&rsquo;ann\u00e9e 2025<\/strong>.\u00a0<\/p>\n<p>    La r\u00e9daction vous recommande<\/p>\n<p class=\"s-newsletter__title\">\n                L\u2019actualit\u00e9 par la r\u00e9daction de RTL dans votre bo\u00eete mail.\n            <\/p>\n<p class=\"s-newsletter__subtitle\">\n                Gr\u00e2ce \u00e0 votre compte RTL abonnez-vous \u00e0 la newsletter RTL info pour suivre toute l&rsquo;actualit\u00e9 au quotidien\n            <\/p>\n<p>\n                                    Lire la suite\n                                <\/p>\n","protected":false},"excerpt":{"rendered":"Trois femmes suspect\u00e9es d&rsquo;un projet d&rsquo;attentat islamiste. Le fait est rarissime dans l&rsquo;histoire du jihadisme fran\u00e7ais, le seul&hellip;\n","protected":false},"author":2,"featured_media":520431,"comment_status":"","ping_status":"","sticky":false,"template":"","format":"standard","meta":{"footnotes":""},"categories":[4],"tags":[11,898,4181,5581,107,1011,27,12,25,1254],"class_list":{"0":"post-520430","1":"post","2":"type-post","3":"status-publish","4":"format-standard","5":"has-post-thumbnail","7":"category-france","8":"tag-actualites","9":"tag-alerte","10":"tag-antiterrorisme","11":"tag-attentat","12":"tag-fil-info","13":"tag-fr","14":"tag-france","15":"tag-news","16":"tag-republique-francaise","17":"tag-terrorisme"},"share_on_mastodon":{"url":"https:\/\/pubeurope.com\/@fr\/115513869247582984","error":""},"_links":{"self":[{"href":"https:\/\/www.europesays.com\/fr\/wp-json\/wp\/v2\/posts\/520430","targetHints":{"allow":["GET"]}}],"collection":[{"href":"https:\/\/www.europesays.com\/fr\/wp-json\/wp\/v2\/posts"}],"about":[{"href":"https:\/\/www.europesays.com\/fr\/wp-json\/wp\/v2\/types\/post"}],"author":[{"embeddable":true,"href":"https:\/\/www.europesays.com\/fr\/wp-json\/wp\/v2\/users\/2"}],"replies":[{"embeddable":true,"href":"https:\/\/www.europesays.com\/fr\/wp-json\/wp\/v2\/comments?post=520430"}],"version-history":[{"count":0,"href":"https:\/\/www.europesays.com\/fr\/wp-json\/wp\/v2\/posts\/520430\/revisions"}],"wp:featuredmedia":[{"embeddable":true,"href":"https:\/\/www.europesays.com\/fr\/wp-json\/wp\/v2\/media\/520431"}],"wp:attachment":[{"href":"https:\/\/www.europesays.com\/fr\/wp-json\/wp\/v2\/media?parent=520430"}],"wp:term":[{"taxonomy":"category","embeddable":true,"href":"https:\/\/www.europesays.com\/fr\/wp-json\/wp\/v2\/categories?post=520430"},{"taxonomy":"post_tag","embeddable":true,"href":"https:\/\/www.europesays.com\/fr\/wp-json\/wp\/v2\/tags?post=520430"}],"curies":[{"name":"wp","href":"https:\/\/api.w.org\/{rel}","templated":true}]}}