{"id":520434,"date":"2025-11-08T11:36:44","date_gmt":"2025-11-08T11:36:44","guid":{"rendered":"https:\/\/www.europesays.com\/fr\/520434\/"},"modified":"2025-11-08T11:36:44","modified_gmt":"2025-11-08T11:36:44","slug":"le-but-est-de-faire-aussi-bien-cette-annee","status":"publish","type":"post","link":"https:\/\/www.europesays.com\/fr\/520434\/","title":{"rendered":"\u00ab\u00a0Le but est de faire aussi bien cette ann\u00e9e\u00a0\u00bb"},"content":{"rendered":"<p>L\u2019\u00e9v\u00e9nement Novabrick, organis\u00e9 par l\u2019association du m\u00eame nom, revient pour sa troisi\u00e8me \u00e9dition \u00e0 la Halle Boulloche.<\/p>\n<p>Cr\u00e9\u00e9e en 2021 par des passionn\u00e9s de briques, l\u2019association Novabrick s\u2019est donn\u00e9e pour mission de faire vivre l\u2019univers Lego\u00ae \u00e0 travers diff\u00e9rents \u00e9v\u00e9nements\u00a0: \u00ab\u00a0Nous intervenons pour des expositions mais aussi pour des anniversaires ou diverses animations\u00a0\u00bb, pr\u00e9cise Chris Tchivongo, fondateur de l\u2019association.<\/p>\n<p>Une foire artisanale sera install\u00e9e en face de l\u2019entr\u00e9e<\/p>\n<p>Le temps d\u2019un week-end, le public pourra d\u00e9couvrir ou red\u00e9couvrir cet univers color\u00e9 et cr\u00e9atif.<\/p>\n<p>Nouvelle&#8230;<\/p>\n","protected":false},"excerpt":{"rendered":"L\u2019\u00e9v\u00e9nement Novabrick, organis\u00e9 par l\u2019association du m\u00eame nom, revient pour sa troisi\u00e8me \u00e9dition \u00e0 la Halle Boulloche. Cr\u00e9\u00e9e&hellip;\n","protected":false},"author":2,"featured_media":520435,"comment_status":"","ping_status":"","sticky":false,"template":"","format":"standard","meta":{"footnotes":""},"categories":[9653],"tags":[1111,11,2430,1687,7539,1777,674,1685,1011,27,12,25,9669,9670,4001],"class_list":{"0":"post-520434","1":"post","2":"type-post","3":"status-publish","4":"format-standard","5":"has-post-thumbnail","7":"category-saint-etienne","8":"tag-actu","9":"tag-actualites","10":"tag-auvergne-rhone-alpes","11":"tag-culture-loisirs","12":"tag-edition-loire-sud","13":"tag-eu","14":"tag-europe","15":"tag-foire-et-salon","16":"tag-fr","17":"tag-france","18":"tag-news","19":"tag-republique-francaise","20":"tag-saint-chamond","21":"tag-saint-chamond-ville","22":"tag-saint-etienne"},"share_on_mastodon":{"url":"https:\/\/pubeurope.com\/@fr\/115513877128963503","error":""},"_links":{"self":[{"href":"https:\/\/www.europesays.com\/fr\/wp-json\/wp\/v2\/posts\/520434","targetHints":{"allow":["GET"]}}],"collection":[{"href":"https:\/\/www.europesays.com\/fr\/wp-json\/wp\/v2\/posts"}],"about":[{"href":"https:\/\/www.europesays.com\/fr\/wp-json\/wp\/v2\/types\/post"}],"author":[{"embeddable":true,"href":"https:\/\/www.europesays.com\/fr\/wp-json\/wp\/v2\/users\/2"}],"replies":[{"embeddable":true,"href":"https:\/\/www.europesays.com\/fr\/wp-json\/wp\/v2\/comments?post=520434"}],"version-history":[{"count":0,"href":"https:\/\/www.europesays.com\/fr\/wp-json\/wp\/v2\/posts\/520434\/revisions"}],"wp:featuredmedia":[{"embeddable":true,"href":"https:\/\/www.europesays.com\/fr\/wp-json\/wp\/v2\/media\/520435"}],"wp:attachment":[{"href":"https:\/\/www.europesays.com\/fr\/wp-json\/wp\/v2\/media?parent=520434"}],"wp:term":[{"taxonomy":"category","embeddable":true,"href":"https:\/\/www.europesays.com\/fr\/wp-json\/wp\/v2\/categories?post=520434"},{"taxonomy":"post_tag","embeddable":true,"href":"https:\/\/www.europesays.com\/fr\/wp-json\/wp\/v2\/tags?post=520434"}],"curies":[{"name":"wp","href":"https:\/\/api.w.org\/{rel}","templated":true}]}}