{"id":520450,"date":"2025-11-08T11:46:19","date_gmt":"2025-11-08T11:46:19","guid":{"rendered":"https:\/\/www.europesays.com\/fr\/520450\/"},"modified":"2025-11-08T11:46:19","modified_gmt":"2025-11-08T11:46:19","slug":"pres-de-rouen-un-spectacle-interdit-aux-moins-de-18-ans-promet-une-experience-troublante","status":"publish","type":"post","link":"https:\/\/www.europesays.com\/fr\/520450\/","title":{"rendered":"Pr\u00e8s de Rouen, un spectacle interdit aux moins de 18 ans promet une exp\u00e9rience \u00ab\u00a0troublante\u00a0\u00bb"},"content":{"rendered":"<p>            Par<br \/>\n        <strong><br \/>\n            <a href=\"https:\/\/actu.fr\/auteur\/emma-grivotte\" title=\"Consulter tous les articles de Emma Grivotte\" rel=\"nofollow noopener\" target=\"_blank\">Emma Grivotte<\/a><br \/>\n        <\/strong><\/p>\n<p>        Publi\u00e9 le<\/p>\n<p>            8 nov. 2025 \u00e0 12h00        <\/p>\n<p>Oubliez Halloween ! \u00ab Une exp\u00e9rience psychologique in\u00e9dite \u00bb, \u00ab un spectacle hybride, d\u00e9rangeant, visc\u00e9ral \u00bb : voici comment ses cr\u00e9ateurs d\u00e9crivent le <b>spectacle immersif et interdit aux moins de 18\u00a0ans,<\/b> <a href=\"https:\/\/www.ravensback.com\/\" rel=\"nofollow noopener\" target=\"_blank\">Ravensback<\/a>. Pour la premi\u00e8re fois en France, <b>le Ch\u00e2teau du Taillis<\/b> \u00e0 Duclair (Seine-Maritime) accueillera, <b>les vendredi 14 et samedi 15 novembre 2025<\/b>, la repr\u00e9sentation mise en sc\u00e8ne par Angelo Muratelli, nom d\u2019artiste d\u2019Hugo Vauchel.<\/p>\n<p class=\" wall-content\">Ce professionnel du cirque et du cabaret a, l\u2019ann\u00e9e derni\u00e8re, cr\u00e9\u00e9 une soci\u00e9t\u00e9 d\u2019\u00e9v\u00e9nementiel, pyrotechnie et effets sp\u00e9ciaux avec<b> l\u2019habitant de Pont-Audemer Thomas Tellini, qui travaille aussi sur Ravensback.<\/b><\/p>\n<p>Import\u00e9 du Royaume-Uni<\/p>\n<p class=\" wall-content\">Autrefois com\u00e9dien au Royaume-Uni pour ce concept \u00e0<b> l\u2019ambiance gothique et horrifique,<\/b> Hugo Vauchel a d\u00e9cid\u00e9 de l\u2019importer. \u00ab En France, il y a un public demandeur d\u2019horreur tr\u00e8s noire. \u00bb L\u2019exp\u00e9rience est \u00e0 diff\u00e9rencier d\u2019un manoir de l\u2019horreur ou un train fant\u00f4me. <b>Les personnages interagissent avec le public,<\/b> trait\u00e9 \u00ab comme un membre de la famille \u00bb et inclus dans un jeu de pouvoir et de domination, mais ne le touchent pas.<\/p>\n<p class=\" wall-content\">\u00c0 30 minutes de Rouen et 50 minutes de Pont-Audemer, dans les pi\u00e8ces et autour du ch\u00e2teau, les <b>six com\u00e9diens <\/b>jouent au plus pr\u00e8s des spectateurs (limit\u00e9s \u00e0 35) dans un cadre intimiste.<\/p>\n<blockquote class=\"ac-article-quote wall-content\">\n<p>Inspir\u00e9 de l\u2019imaginaire victorien et transcend\u00e9 par une esth\u00e9tique noire et totalitaire, le spectacle m\u00eale rites profanes et iconographie chr\u00e9tienne d\u00e9tourn\u00e9e, atmosph\u00e8re militaire et \u00e9crasante, ferveur mystique et violence charnelle.<\/p>\n<p>La production<\/p><\/blockquote>\n<p>Vid\u00e9os : en ce moment sur Actu<\/p>\n<p class=\" wall-content\">Ravensback se veut \u00e9galement <b>h\u00e9ritier du Grand-Guignol, th\u00e9\u00e2tre parisien transgressif <\/b>sp\u00e9cialiste du macabre et de la violence <b>au d\u00e9but du 20e si\u00e8cle.<\/b><\/p>\n<p>    <img   decoding=\"async\" loading=\"lazy\" class=\"size-large\" src=\"https:\/\/www.europesays.com\/fr\/wp-content\/uploads\/2025\/11\/1f7d89016be86138d89016be8e68d8v-960x640.jpg\" alt=\"ravensback\" width=\"960\" height=\"640\"\/><br \/>\n    Les spectateurs suivront les com\u00e9diens dans les pi\u00e8ces et les ext\u00e9rieurs du ch\u00e2teau du Taillis \u00e0 Duclair. \u00a9Angelo Muratelli<\/p>\n<p>Votre r\u00e9gion, votre actu !<\/p>\n<p>Recevez chaque jour les infos qui comptent pour vous.<\/p>\n<p>\t<a href=\"https:\/\/actu.fr\/newsletter\" class=\"ac-btn ac-btn--corner ac-btn--medium ac-btn--blue800\" rel=\"nofollow noopener\" target=\"_blank\">S&rsquo;incrire<\/a><br \/>\n\u00c2mes sensibles s\u2019abstenir<\/p>\n<p class=\" wall-content\">L\u2019\u0153uvre co\u00e9crite par Angelo Muratelli et Jean-No\u00ebl Le Tennier aborde \u00ab avec un c\u00f4t\u00e9 tr\u00e8s litt\u00e9raire \u00bb des<b> th\u00e8mes difficiles tels que l\u2019inceste<\/b>. Le site Internet met en garde face \u00e0 des mises en sc\u00e8ne comprenant des violences psychologiques, physiques, la mort et \u00ab des situations \u00e9motionnellement bouleversantes \u00bb. Angelo Muratelli pr\u00e9vient :<\/p>\n<blockquote class=\"ac-article-quote wall-content\">\n<p>Nous avons une volont\u00e9 de secouer le public, ce n\u2019est pas \u00e0 la port\u00e9e de tout le monde. Le niveau sonore est relativement \u00e9lev\u00e9, avec des coups de feu simul\u00e9s, des effets stroboscopiques. Le spectacle n\u2019est pas recommand\u00e9 aux personnes \u00e9pileptiques ou ayant v\u00e9cu un deuil, car il y a par exemple une sc\u00e8ne de mise de bi\u00e8re d\u2019un enfant.<\/p>\n<p>Angelo Muratelli<\/p><\/blockquote>\n<p class=\" wall-content\">\u00ab Seuls les spectateurs pr\u00eats \u00e0 affronter la fascination de l\u2019ab\u00eeme, l\u2019\u00e9tranget\u00e9 du sacril\u00e8ge et la beaut\u00e9 terrible de la domination doivent oser franchir les portes de Ravensback \u00bb, annonce la pr\u00e9sentation.<\/p>\n<p>\u00ab La violence n\u2019est pas gratuite \u00bb<\/p>\n<p class=\" wall-content\">Angelo Muratelli nuance cependant : <b>\u00ab Le public est impressionn\u00e9 mais pas choqu\u00e9.<\/b> L\u2019histoire est trait\u00e9e avec d\u00e9licatesse et une certaine beaut\u00e9 tragique,<b> la violence n\u2019est pas gratuite <\/b>et il y a un message f\u00e9ministe \u00bb, avec le renversement des r\u00f4les de domination entre l\u2019antagoniste, un officier prussien, et son ancienne victime Cl\u00e9mence Ravensback, personnage central jou\u00e9 par la r\u00e9alisatrice et com\u00e9dienne Brune Dewilde.<\/p>\n<p class=\" wall-content\"><b>\u00ab Tous les com\u00e9diens ont un pass\u00e9 militaire,<\/b> cela faisait partie des crit\u00e8res de s\u00e9lection \u00bb, ajoute Hugo Vauchel, qui joue lui-m\u00eame le \u00ab grand m\u00e9chant \u00bb.<\/p>\n<p class=\" wall-content\">Une \u00ab sc\u00e8ne de domination \u00e0 connotation un peu f\u00e9tichiste est jou\u00e9e<b> de fa\u00e7on esth\u00e9tique et absolument pas sexuelle \u00bb<\/b>, pr\u00e9cise le metteur en sc\u00e8ne. Dans d\u2019autres tableaux, des situations sont tellement \u00ab pouss\u00e9es \u00e0 leur paroxysme que \u00e7a en devient presque dr\u00f4le \u00bb, apportant une <b>touche burlesque<\/b> voire d\u2019humour noir, faisant passer le spectateur par diff\u00e9rentes \u00e9motions.<\/p>\n<p>Effets sp\u00e9ciaux<\/p>\n<p class=\" wall-content\"><b>\u00ab Tout est soulign\u00e9 de musique<\/b> pour emporter le public, d\u2019o\u00f9 l<b>e c\u00f4t\u00e9 op\u00e9ratique<\/b>. Il reprend des th\u00e8mes de musique classique connus et des compositions originales \u00bb, expose Angelo Muratelli, dont c\u2019est la sp\u00e9cialit\u00e9, avec les effets sp\u00e9ciaux.<\/p>\n<p class=\" wall-content\"><b>Cascades de cin\u00e9ma avec un personnage tra\u00een\u00e9 par un v\u00e9hicule, pyrotechnie et feux d\u2019artifice : <\/b>l\u2019\u00e9quipe de 12\u00a0personnes au total, proposera \u00ab un final pyrotechnique transformant la nuit du ch\u00e2teau en vision apocalyptique \u00bb.<\/p>\n<p class=\" wall-content\">La production de Ravensback, une \u0153uvre volontairement troublante et d\u00e9cadente, a \u00e9t\u00e9 financ\u00e9e par le ch\u00e2teau du Taillis. Apr\u00e8s les premi\u00e8res dates \u00e0 Duclair, ses cr\u00e9ateurs pr\u00e9voient d\u00e9j\u00e0 une tourn\u00e9e en France, en Belgique et en Suisse.<\/p>\n<p>Vendredi 14 et samedi 15 novembre, \u00e0 18 h et \u00e0 21 h, au Ch\u00e2teau du Taillis \u00e0 Duclair (Seine-Maritime). Billetterie sur le site <a href=\"https:\/\/www.ravensback.com\/\" rel=\"nofollow noopener\" target=\"_blank\">www.ravensback.com<\/a>. Attention, places limit\u00e9es \u00e0 35 personnes par spectacle. Tarif unique : 65 \u20ac. Dur\u00e9e : 1 h 40. S\u2019habiller chaudement.<\/p>\n<p class=\" wall-content\">Personnalisez votre actualit\u00e9 en ajoutant vos villes et m\u00e9dias en favori avec <a href=\"https:\/\/moncompte.actu.fr\" title=\"D\u00e9couvez Mon Actu\" rel=\"nofollow noopener\" data-trk=\"{&quot;cta&quot;:{&quot;action&quot;:&quot;https:\\\/\\\/moncompte.actu.fr&quot;,&quot;category&quot;:&quot;mon compte&quot;,&quot;from&quot;:&quot;article footer&quot;,&quot;name&quot;:&quot;Mon actu&quot;,&quot;type&quot;:&quot;cta&quot;}}\" target=\"_blank\">Mon Actu<\/a>.<\/p>\n","protected":false},"excerpt":{"rendered":"Par Emma Grivotte Publi\u00e9 le 8 nov. 2025 \u00e0 12h00 Oubliez Halloween ! \u00ab Une exp\u00e9rience psychologique in\u00e9dite&hellip;\n","protected":false},"author":2,"featured_media":520451,"comment_status":"","ping_status":"","sticky":false,"template":"","format":"standard","meta":{"footnotes":""},"categories":[9587],"tags":[1111,11,1777,674,1011,27,1652,12,5161,25,9590,853],"class_list":{"0":"post-520450","1":"post","2":"type-post","3":"status-publish","4":"format-standard","5":"has-post-thumbnail","7":"category-rouen","8":"tag-actu","9":"tag-actualites","10":"tag-eu","11":"tag-europe","12":"tag-fr","13":"tag-france","14":"tag-loisirs-culture","15":"tag-news","16":"tag-normandie","17":"tag-republique-francaise","18":"tag-rouen","19":"tag-spectacles"},"share_on_mastodon":{"url":"https:\/\/pubeurope.com\/@fr\/115513917151395319","error":""},"_links":{"self":[{"href":"https:\/\/www.europesays.com\/fr\/wp-json\/wp\/v2\/posts\/520450","targetHints":{"allow":["GET"]}}],"collection":[{"href":"https:\/\/www.europesays.com\/fr\/wp-json\/wp\/v2\/posts"}],"about":[{"href":"https:\/\/www.europesays.com\/fr\/wp-json\/wp\/v2\/types\/post"}],"author":[{"embeddable":true,"href":"https:\/\/www.europesays.com\/fr\/wp-json\/wp\/v2\/users\/2"}],"replies":[{"embeddable":true,"href":"https:\/\/www.europesays.com\/fr\/wp-json\/wp\/v2\/comments?post=520450"}],"version-history":[{"count":0,"href":"https:\/\/www.europesays.com\/fr\/wp-json\/wp\/v2\/posts\/520450\/revisions"}],"wp:featuredmedia":[{"embeddable":true,"href":"https:\/\/www.europesays.com\/fr\/wp-json\/wp\/v2\/media\/520451"}],"wp:attachment":[{"href":"https:\/\/www.europesays.com\/fr\/wp-json\/wp\/v2\/media?parent=520450"}],"wp:term":[{"taxonomy":"category","embeddable":true,"href":"https:\/\/www.europesays.com\/fr\/wp-json\/wp\/v2\/categories?post=520450"},{"taxonomy":"post_tag","embeddable":true,"href":"https:\/\/www.europesays.com\/fr\/wp-json\/wp\/v2\/tags?post=520450"}],"curies":[{"name":"wp","href":"https:\/\/api.w.org\/{rel}","templated":true}]}}