{"id":520454,"date":"2025-11-08T11:49:17","date_gmt":"2025-11-08T11:49:17","guid":{"rendered":"https:\/\/www.europesays.com\/fr\/520454\/"},"modified":"2025-11-08T11:49:17","modified_gmt":"2025-11-08T11:49:17","slug":"grenoble-fait-le-necessaire-pour-simposer-contre-rodez-et-enchaine","status":"publish","type":"post","link":"https:\/\/www.europesays.com\/fr\/520454\/","title":{"rendered":"Grenoble fait le n\u00e9cessaire pour s\u2019imposer contre Rodez et encha\u00eene"},"content":{"rendered":"<p>\t\t\t\t\t\t\t\t\t\t\t<img decoding=\"async\" src=\"https:\/\/www.europesays.com\/fr\/wp-content\/uploads\/2025\/11\/1280x720_grenoble-fait-le-necessaire-pour-s-imposer-contre-rodez-et-enchaine_690f1382800d6.jpg\" alt=\"Grenoble fait le n\u00e9cessaire pour s\u2019imposer contre Rodez et encha\u00eene\" title=\"Grenoble fait le n\u00e9cessaire pour s\u2019imposer contre Rodez et encha\u00eene\" width=\"1280\" height=\"720\" class=\"img-fluid  mb-3\" loading=\"lazy\"\/>\t\t\t\t\t\t\t\t\t\t\t\t<\/p>\n<p>Grenoble fait le n\u00e9cessaire pour s\u2019imposer contre Rodez et encha\u00eene &#8211; DR<\/p>\n<p itemprop=\"description\"><strong>Le GF38 a retrouv\u00e9 de l\u2019allant \u00e0 domicile.<\/strong><\/p>\n<p>Solides en premi\u00e8re p\u00e9riode et courageux dans le dernier quart d\u2019heure, les Is\u00e9rois ont domin\u00e9 Rodez (2-1) ce samedi au Stade des Alpes, pour signer une deuxi\u00e8me victoire cons\u00e9cutive et grimper \u00e0 la 10e place de Ligue 2.<br \/>Les Grenoblois ont rapidement pris les choses en main. Sur un bon mouvement c\u00f4t\u00e9 droit, Nesta Elphege a provoqu\u00e9 dans la surface et centr\u00e9 fort devant le but. Le ballon contr\u00e9 a atterri dans les pieds de Jessy Benet, qui d\u2019un plat du pied pr\u00e9cis a plac\u00e9 le ballon au ras du poteau gauche.<\/p>\n<p>Dix minutes plus tard, la dynamique is\u00e9roise se confirme. Nesta Zahui d\u00e9borde encore sur son aile et glisse un centre tendu pour Elphege, parfaitement plac\u00e9 entre deux d\u00e9fenseurs. L\u2019attaquant grenoblois d\u00e9vie subtilement le ballon, juste assez pour creuser l\u2019\u00e9cart.<\/p>\n<p>En seconde p\u00e9riode, Rodez a tent\u00e9 de r\u00e9agir. Sur un corner mal d\u00e9gag\u00e9, un centre est d\u00e9vi\u00e9 par Zahui et revient dans les pieds du d\u00e9fenseur Cl\u00e9ment Jolibois, qui conclut de pr\u00e8s.\u00a0<\/p>\n<p>Le suspens s\u2019installe, mais le GF38, solide et appliqu\u00e9, parvient \u00e0 tenir jusqu\u2019au bout malgr\u00e9 la pression aveyronnaise.<\/p>\n<p>Avec cette quatri\u00e8me victoire de la saison, et la premi\u00e8re s\u00e9rie de deux succ\u00e8s cons\u00e9cutifs, Grenoble d\u00e9passe Rodez et Annecy au classement.\u00a0<\/p>\n<p>De bon augure avant les prochains rendez-vous pour un GF38 qui retrouve enfin des certitudes \u00e0 domicile. Le prochain match se jouera le samedi 15 novembre \u00e0 14h, pour le compte de la Coupe de France face \u00e0 l\u2019Olympique de Villefontaine, \u00e9quipe de R\u00e9gionale 2.<\/p>\n","protected":false},"excerpt":{"rendered":"Grenoble fait le n\u00e9cessaire pour s\u2019imposer contre Rodez et encha\u00eene &#8211; DR Le GF38 a retrouv\u00e9 de l\u2019allant&hellip;\n","protected":false},"author":2,"featured_media":520455,"comment_status":"","ping_status":"","sticky":false,"template":"","format":"standard","meta":{"footnotes":""},"categories":[9566],"tags":[1111,11,7733,8279,2430,7736,650,7734,2889,2263,1777,674,1011,27,2731,8280,6417,1114,108,4662,12,3725,1825,25,7737],"class_list":{"0":"post-520454","1":"post","2":"type-post","3":"status-publish","4":"format-standard","5":"has-post-thumbnail","7":"category-grenoble","8":"tag-actu","9":"tag-actualites","10":"tag-alpes","11":"tag-alpes1","12":"tag-auvergne-rhone-alpes","13":"tag-cds","14":"tag-cinema","15":"tag-ecoute","16":"tag-emission","17":"tag-equipe","18":"tag-eu","19":"tag-europe","20":"tag-fr","21":"tag-france","22":"tag-grenoble","23":"tag-haute","24":"tag-information","25":"tag-infos","26":"tag-isere","27":"tag-journal","28":"tag-news","29":"tag-podcast","30":"tag-radio","31":"tag-republique-francaise","32":"tag-winamp"},"share_on_mastodon":{"url":"https:\/\/pubeurope.com\/@fr\/115513928825483098","error":""},"_links":{"self":[{"href":"https:\/\/www.europesays.com\/fr\/wp-json\/wp\/v2\/posts\/520454","targetHints":{"allow":["GET"]}}],"collection":[{"href":"https:\/\/www.europesays.com\/fr\/wp-json\/wp\/v2\/posts"}],"about":[{"href":"https:\/\/www.europesays.com\/fr\/wp-json\/wp\/v2\/types\/post"}],"author":[{"embeddable":true,"href":"https:\/\/www.europesays.com\/fr\/wp-json\/wp\/v2\/users\/2"}],"replies":[{"embeddable":true,"href":"https:\/\/www.europesays.com\/fr\/wp-json\/wp\/v2\/comments?post=520454"}],"version-history":[{"count":0,"href":"https:\/\/www.europesays.com\/fr\/wp-json\/wp\/v2\/posts\/520454\/revisions"}],"wp:featuredmedia":[{"embeddable":true,"href":"https:\/\/www.europesays.com\/fr\/wp-json\/wp\/v2\/media\/520455"}],"wp:attachment":[{"href":"https:\/\/www.europesays.com\/fr\/wp-json\/wp\/v2\/media?parent=520454"}],"wp:term":[{"taxonomy":"category","embeddable":true,"href":"https:\/\/www.europesays.com\/fr\/wp-json\/wp\/v2\/categories?post=520454"},{"taxonomy":"post_tag","embeddable":true,"href":"https:\/\/www.europesays.com\/fr\/wp-json\/wp\/v2\/tags?post=520454"}],"curies":[{"name":"wp","href":"https:\/\/api.w.org\/{rel}","templated":true}]}}