{"id":520456,"date":"2025-11-08T11:50:24","date_gmt":"2025-11-08T11:50:24","guid":{"rendered":"https:\/\/www.europesays.com\/fr\/520456\/"},"modified":"2025-11-08T11:50:24","modified_gmt":"2025-11-08T11:50:24","slug":"entre-documentaire-et-poesie-alec-soth-photographie-lamerique-daujourdhui","status":"publish","type":"post","link":"https:\/\/www.europesays.com\/fr\/520456\/","title":{"rendered":"Entre documentaire et po\u00e9sie, Alec Soth photographie l\u2019Am\u00e9rique d\u2019aujourd\u2019hui"},"content":{"rendered":"<p>Lors de ses road trips, du Mississippi aux <a href=\"https:\/\/www.ouest-france.fr\/leditiondusoir\/2018-01-02\/spectaculaires-les-chutes-du-niagara-gelees-d3faf74d-f672-4256-93ce-b8880b812eda\" target=\"_self\" rel=\"noopener\">chutes du Niagara<\/a>, en passant par les d\u00e9serts des banlieues, Alec Soth photographie le quotidien des Am\u00e9ricains. Ses portraits et ses paysages grand format, en couleur, souvent po\u00e9tiques, laissent appara\u00eetre la complexit\u00e9 d\u2019une soci\u00e9t\u00e9 am\u00e9ricaine.<\/p>\n<p>Dans le cadre du<a href=\"https:\/\/rennes.maville.com\/actu\/actudet_-a-rennes-le-festival-glaz-regroupe-le-politique-et-l-intime-a-travers-ses-expos-photos-_52674-7023011_actu.Htm\" target=\"_self\" rel=\"noopener\"> festival photographique Glaz<\/a>, Rennes accueille quatre de ses s\u00e9ries r\u00e9alis\u00e9es entre 2004 et 2021, rare r\u00e9trospective en France de l\u2019Am\u00e9ricain de 55 ans, membre de l\u2019<a href=\"http:\/\/www.vannes.maville.com\/actu\/actudet_-vannes.-les-grands-photographes-de-l-agence-magnum-vous-photographient_52710-2890698_actu.Htm\" target=\"_self\" rel=\"noopener\">agence Magnum<\/a> depuis 2004, et figure de la photographie contemporaine.<\/p>\n<p>\t<img decoding=\"async\" src=\"https:\/\/www.europesays.com\/fr\/wp-content\/uploads\/2025\/11\/P35569432D7055212G_px_640_.jpg\" alt=\"photo misty, 2005, usa\/canada. niagara  \u00a9  \u00a9alec soth \/ magnum photos\" width=\"640\" title=\" Misty, 2005, USA\/CANADA. Niagara   \u00a9Alec Soth \/ Magnum Photos \"\/><\/p>\n<p class=\"elmt-legende\"> Misty, 2005, USA\/CANADA. Niagara   \u00a9Alec Soth \/ Magnum Photos <\/p>\n<p><strong>\u00ab \u00c0 20 ans, Alec Soth, originaire du Minnesota, passait ses journ\u00e9es \u00e0 d\u00e9velopper des pellicules dans un laboratoire. Il s\u2019ennuyait. Le soir, il fr\u00e9quentait les bars et photographiait les gens dans la nuit,<\/strong> raconte Jean-Christophe Gaudey, directeur artistique du festival. <strong>D\u00e9j\u00e0, on y retrouvait ses th\u00e8mes de pr\u00e9dilection, avec des gens un peu perdus, isol\u00e9s, mais aussi des histoires d\u2019amour. Alec Soth analyse la soci\u00e9t\u00e9 am\u00e9ricaine avec sobri\u00e9t\u00e9, tendresse, douceur. \u00bb<\/strong><\/p>\n<p>\t<img decoding=\"async\" src=\"https:\/\/www.europesays.com\/fr\/wp-content\/uploads\/2025\/11\/P35569433D7055212G_px_640_.jpg\" alt=\"photo charles, usa. vasa, minnesota. 2002.  \u00a9  \u00a9alec soth \/ magnum photos\" width=\"640\" title=\" Charles, USA. Vasa, Minnesota. 2002.   \u00a9Alec Soth \/ Magnum Photos \"\/><\/p>\n<p class=\"elmt-legende\"> Charles, USA. Vasa, Minnesota. 2002.   \u00a9Alec Soth \/ Magnum Photos <\/p>\n<p>Car Alec Soth est le photographe de l\u2019envers du r\u00eave am\u00e9ricain et des laiss\u00e9s-pour-compte. \u00c0 travers ses photos, il r\u00e9v\u00e8le les fractures d\u2019une Am\u00e9rique tiraill\u00e9e entre un d\u00e9sir de faire communaut\u00e9, avec des sc\u00e8nes de moments collectifs, joyeux, de concours de Miss, cours de danse\u2026<\/p>\n<p>Et, d\u2019un autre c\u00f4t\u00e9, des envies de fuir la soci\u00e9t\u00e9 avec des individus aux limites du survivalisme, du complotisme, voire du terrorisme d\u2019extr\u00eame droite, dans un pays tiraill\u00e9 entre le vivre ensemble et la fracture entre divers groupes sociaux. <strong>\u00ab Mais c\u2019est avant tout quelqu\u2019un qui a un \u0153il plein d\u2019humanit\u00e9 avec une grande force d\u2019\u00e9vocation et une capacit\u00e9 \u00e0 raconter des histoires \u00bb<\/strong> se f\u00e9licite Yves-Marie Guivarch, charg\u00e9 d\u2019expositions aux <a href=\"https:\/\/rennes.maville.com\/actu\/actudet_-a-rennes-les-champs-libres-ouverts-sur-le-monde-_52674-6494412_actu.Htm\" target=\"_self\" rel=\"noopener\">Champs Libres<\/a> \u00e0 Rennes.<\/p>\n<p>Les photos de quatre autres photographes am\u00e9ricains permet au festival de compl\u00e9ter <strong>\u00ab une repr\u00e9sentation de ce qu\u2019est v\u00e9ritablement la soci\u00e9t\u00e9 am\u00e9ricaine sous l\u2019\u00e8re Trump. \u00bb<\/strong><\/p>\n<p>Gathered Leaves, jusqu\u2019au 8 mars 2026, aux Champs Libres \u00e0 Rennes, dans le cadre du <a href=\"https:\/\/rennes.maville.com\/actu\/actudet_-a-rennes-le-festival-glaz-regroupe-le-politique-et-l-intime-a-travers-ses-expos-photos-_52674-7023011_actu.Htm\" target=\"_self\" rel=\"noopener\">festival Glaz<\/a>, Gratuit.<\/p>\n<p>\u00a0<\/p>\n","protected":false},"excerpt":{"rendered":"Lors de ses road trips, du Mississippi aux chutes du Niagara, en passant par les d\u00e9serts des banlieues,&hellip;\n","protected":false},"author":2,"featured_media":520457,"comment_status":"","ping_status":"","sticky":false,"template":"","format":"standard","meta":{"footnotes":""},"categories":[2821],"tags":[1111,11,64143,4707,33192,829,1190,1777,674,1011,27,33193,12,1756,9228,584,25,64144],"class_list":{"0":"post-520456","1":"post","2":"type-post","3":"status-publish","4":"format-standard","5":"has-post-thumbnail","7":"category-rennes","8":"tag-actu","9":"tag-actualites","10":"tag-alec","11":"tag-amerique","12":"tag-aujourd","13":"tag-bretagne","14":"tag-documentaire","15":"tag-eu","16":"tag-europe","17":"tag-fr","18":"tag-france","19":"tag-hui","20":"tag-news","21":"tag-photographie","22":"tag-poesie","23":"tag-rennes","24":"tag-republique-francaise","25":"tag-soth"},"share_on_mastodon":{"url":"https:\/\/pubeurope.com\/@fr\/115513932670214590","error":""},"_links":{"self":[{"href":"https:\/\/www.europesays.com\/fr\/wp-json\/wp\/v2\/posts\/520456","targetHints":{"allow":["GET"]}}],"collection":[{"href":"https:\/\/www.europesays.com\/fr\/wp-json\/wp\/v2\/posts"}],"about":[{"href":"https:\/\/www.europesays.com\/fr\/wp-json\/wp\/v2\/types\/post"}],"author":[{"embeddable":true,"href":"https:\/\/www.europesays.com\/fr\/wp-json\/wp\/v2\/users\/2"}],"replies":[{"embeddable":true,"href":"https:\/\/www.europesays.com\/fr\/wp-json\/wp\/v2\/comments?post=520456"}],"version-history":[{"count":0,"href":"https:\/\/www.europesays.com\/fr\/wp-json\/wp\/v2\/posts\/520456\/revisions"}],"wp:featuredmedia":[{"embeddable":true,"href":"https:\/\/www.europesays.com\/fr\/wp-json\/wp\/v2\/media\/520457"}],"wp:attachment":[{"href":"https:\/\/www.europesays.com\/fr\/wp-json\/wp\/v2\/media?parent=520456"}],"wp:term":[{"taxonomy":"category","embeddable":true,"href":"https:\/\/www.europesays.com\/fr\/wp-json\/wp\/v2\/categories?post=520456"},{"taxonomy":"post_tag","embeddable":true,"href":"https:\/\/www.europesays.com\/fr\/wp-json\/wp\/v2\/tags?post=520456"}],"curies":[{"name":"wp","href":"https:\/\/api.w.org\/{rel}","templated":true}]}}