{"id":520460,"date":"2025-11-08T11:52:12","date_gmt":"2025-11-08T11:52:12","guid":{"rendered":"https:\/\/www.europesays.com\/fr\/520460\/"},"modified":"2025-11-08T11:52:12","modified_gmt":"2025-11-08T11:52:12","slug":"un-souffle-de-liberte-pour-ouvrir-le-40e-festival-jazzdor-a-strasbourg","status":"publish","type":"post","link":"https:\/\/www.europesays.com\/fr\/520460\/","title":{"rendered":"un souffle de libert\u00e9 pour ouvrir le 40e festival Jazzdor \u00e0 Strasbourg"},"content":{"rendered":"<p>Un final incandescent, vibrant et jubilatoire. Le public de la Cit\u00e9 de la musique et de la danse de Strasbourg, debout, tape des mains en rythme, reprenant des mots d\u2019une langue inconnue \u00e0 la suite du pianiste panam\u00e9en Danilo P\u00e9rez en trio.<\/p>\n<p>Quelle meilleure ouverture pour <a href=\"https:\/\/www.dna.fr\/culture-loisirs\/2025\/11\/02\/a-strasbourg-la-40-sup-e-sup-edition-de-jazzdor-un-festival-toujours-sur-la-crete\" target=\"_blank\" rel=\"nofollow noopener\">une \u00e9dition anniversaire, la 40e de Jazzdor<\/a> propos\u00e9e par Philippe Ochem, l\u2019ancien directeur \u00e0 la retraite, dont le relais a \u00e9t\u00e9 pris par Vincent Bessi\u00e8res\u00a0?<\/p>\n<p>Une conversation d\u2019une coh\u00e9rence impressionnante<\/p>\n<p>De la g\u00e9n\u00e9rosit\u00e9, un engagement politique, de la complicit\u00e9 entre des&#8230;<\/p>\n","protected":false},"excerpt":{"rendered":"Un final incandescent, vibrant et jubilatoire. Le public de la Cit\u00e9 de la musique et de la danse&hellip;\n","protected":false},"author":2,"featured_media":520461,"comment_status":"","ping_status":"","sticky":false,"template":"","format":"standard","meta":{"footnotes":""},"categories":[2820],"tags":[1111,11,2389,1687,2880,1777,674,107,1011,27,775,873,12,25,640,2879],"class_list":{"0":"post-520460","1":"post","2":"type-post","3":"status-publish","4":"format-standard","5":"has-post-thumbnail","7":"category-strasbourg","8":"tag-actu","9":"tag-actualites","10":"tag-alsace","11":"tag-culture-loisirs","12":"tag-edition-strasbourg","13":"tag-eu","14":"tag-europe","15":"tag-fil-info","16":"tag-fr","17":"tag-france","18":"tag-grand-est","19":"tag-musique","20":"tag-news","21":"tag-republique-francaise","22":"tag-strasbourg","23":"tag-strasbourg-ville"},"share_on_mastodon":{"url":"https:\/\/pubeurope.com\/@fr\/115513940163313161","error":""},"_links":{"self":[{"href":"https:\/\/www.europesays.com\/fr\/wp-json\/wp\/v2\/posts\/520460","targetHints":{"allow":["GET"]}}],"collection":[{"href":"https:\/\/www.europesays.com\/fr\/wp-json\/wp\/v2\/posts"}],"about":[{"href":"https:\/\/www.europesays.com\/fr\/wp-json\/wp\/v2\/types\/post"}],"author":[{"embeddable":true,"href":"https:\/\/www.europesays.com\/fr\/wp-json\/wp\/v2\/users\/2"}],"replies":[{"embeddable":true,"href":"https:\/\/www.europesays.com\/fr\/wp-json\/wp\/v2\/comments?post=520460"}],"version-history":[{"count":0,"href":"https:\/\/www.europesays.com\/fr\/wp-json\/wp\/v2\/posts\/520460\/revisions"}],"wp:featuredmedia":[{"embeddable":true,"href":"https:\/\/www.europesays.com\/fr\/wp-json\/wp\/v2\/media\/520461"}],"wp:attachment":[{"href":"https:\/\/www.europesays.com\/fr\/wp-json\/wp\/v2\/media?parent=520460"}],"wp:term":[{"taxonomy":"category","embeddable":true,"href":"https:\/\/www.europesays.com\/fr\/wp-json\/wp\/v2\/categories?post=520460"},{"taxonomy":"post_tag","embeddable":true,"href":"https:\/\/www.europesays.com\/fr\/wp-json\/wp\/v2\/tags?post=520460"}],"curies":[{"name":"wp","href":"https:\/\/api.w.org\/{rel}","templated":true}]}}