{"id":520468,"date":"2025-11-08T11:56:14","date_gmt":"2025-11-08T11:56:14","guid":{"rendered":"https:\/\/www.europesays.com\/fr\/520468\/"},"modified":"2025-11-08T11:56:14","modified_gmt":"2025-11-08T11:56:14","slug":"le-nantais-francois-de-rugy-toujours-chez-renaissance-mais-soutien-dedouard-philippe","status":"publish","type":"post","link":"https:\/\/www.europesays.com\/fr\/520468\/","title":{"rendered":"Le Nantais Fran\u00e7ois de Rugy, toujours chez Renaissance mais soutien d\u2019\u00c9douard Philippe"},"content":{"rendered":"<p>Quelle est la boussole politique de Fran\u00e7ois de Rugy\u00a0? C\u2019est la question qui lui a \u00e9t\u00e9 pos\u00e9e, ce jeudi 6\u00a0novembre, dans <a href=\"https:\/\/telenantes.ouest-france.fr\/lentretien-politique\/article\/lentretien-politique-recoit-francois-de-rugy-renaissance\" target=\"_self\" rel=\"noopener\">l\u2019Entretien politique, coanim\u00e9 par Ouest-France et <\/a>  <a href=\"https:\/\/telenantes.ouest-france.fr\/lentretien-politique\/article\/lentretien-politique-recoit-francois-de-rugy-renaissance\" target=\"_self\" rel=\"noopener\">T\u00e9l\u00e9nantes.<\/a>  Le Nantais, vice-pr\u00e9sident du conseil r\u00e9gional des Pays de la Loire, a en effet commenc\u00e9 chez les Verts, avant de participer \u00e0 la primaire de la gauche pour la pr\u00e9sidentielle de 2017, puis il a soutenu Emmanuel Macron et aujourd\u2019hui \u00c9douard Philippe.<\/p>\n<p><strong>\u00ab\u00a0La gauche est partie vers l\u2019extr\u00eame gauche,<\/strong> a-t-il comment\u00e9. <strong>D\u00e8s 2015, j\u2019ai dit que chez EELV il y avait une course \u00e0 la radicalit\u00e9.\u00a0\u00bb<\/strong> Aujourd\u2019hui, celui qui se sent <strong>\u00ab\u00a0plus \u00e9cologiste que jamais\u00a0\u00bb<\/strong> est membre du bureau ex\u00e9cutif du parti macroniste Renaissance, tout en soutenant pour 2027 \u00c9douard Philippe du parti Horizons. <strong>\u00ab\u00a0Je n\u2019ai jamais \u00e9t\u00e9 un homme de parti.\u00a0Pour moi, \u00c9douard Philippe est le meilleur candidat pour 2027. Il n\u2019est pas Renaissance\u00a0: devrais-je m\u2019interdire de penser que c\u2019est potentiellement le meilleur pr\u00e9sident pour la France\u00a0?\u00a0\u00bb<\/strong><\/p>\n<p>\u00a0<\/p>\n","protected":false},"excerpt":{"rendered":"Quelle est la boussole politique de Fran\u00e7ois de Rugy\u00a0? C\u2019est la question qui lui a \u00e9t\u00e9 pos\u00e9e, ce&hellip;\n","protected":false},"author":2,"featured_media":520469,"comment_status":"","ping_status":"","sticky":false,"template":"","format":"standard","meta":{"footnotes":""},"categories":[2818],"tags":[1111,11,16832,1777,674,1011,27,11846,4715,766,12,2636,6284,3370,25,64145,7618,1810],"class_list":{"0":"post-520468","1":"post","2":"type-post","3":"status-publish","4":"format-standard","5":"has-post-thumbnail","7":"category-nantes","8":"tag-actu","9":"tag-actualites","10":"tag-edouard","11":"tag-eu","12":"tag-europe","13":"tag-fr","14":"tag-france","15":"tag-francois","16":"tag-nantais","17":"tag-nantes","18":"tag-news","19":"tag-pays-de-la-loire","20":"tag-philippe","21":"tag-renaissance","22":"tag-republique-francaise","23":"tag-rugy","24":"tag-soutien","25":"tag-toujours"},"share_on_mastodon":{"url":"https:\/\/pubeurope.com\/@fr\/115513955736702555","error":""},"_links":{"self":[{"href":"https:\/\/www.europesays.com\/fr\/wp-json\/wp\/v2\/posts\/520468","targetHints":{"allow":["GET"]}}],"collection":[{"href":"https:\/\/www.europesays.com\/fr\/wp-json\/wp\/v2\/posts"}],"about":[{"href":"https:\/\/www.europesays.com\/fr\/wp-json\/wp\/v2\/types\/post"}],"author":[{"embeddable":true,"href":"https:\/\/www.europesays.com\/fr\/wp-json\/wp\/v2\/users\/2"}],"replies":[{"embeddable":true,"href":"https:\/\/www.europesays.com\/fr\/wp-json\/wp\/v2\/comments?post=520468"}],"version-history":[{"count":0,"href":"https:\/\/www.europesays.com\/fr\/wp-json\/wp\/v2\/posts\/520468\/revisions"}],"wp:featuredmedia":[{"embeddable":true,"href":"https:\/\/www.europesays.com\/fr\/wp-json\/wp\/v2\/media\/520469"}],"wp:attachment":[{"href":"https:\/\/www.europesays.com\/fr\/wp-json\/wp\/v2\/media?parent=520468"}],"wp:term":[{"taxonomy":"category","embeddable":true,"href":"https:\/\/www.europesays.com\/fr\/wp-json\/wp\/v2\/categories?post=520468"},{"taxonomy":"post_tag","embeddable":true,"href":"https:\/\/www.europesays.com\/fr\/wp-json\/wp\/v2\/tags?post=520468"}],"curies":[{"name":"wp","href":"https:\/\/api.w.org\/{rel}","templated":true}]}}