{"id":520492,"date":"2025-11-08T12:10:11","date_gmt":"2025-11-08T12:10:11","guid":{"rendered":"https:\/\/www.europesays.com\/fr\/520492\/"},"modified":"2025-11-08T12:10:11","modified_gmt":"2025-11-08T12:10:11","slug":"trois-femmes-interpellees-pour-un-projet-dattentat","status":"publish","type":"post","link":"https:\/\/www.europesays.com\/fr\/520492\/","title":{"rendered":"trois femmes interpell\u00e9es pour un projet d&rsquo;attentat"},"content":{"rendered":"<p>            Par<br \/>\n        <strong><br \/>\n            <a href=\"https:\/\/actu.fr\/auteur\/glenn-gillet\" title=\"Consulter tous les articles de Glenn Gillet\" rel=\"nofollow noopener\" target=\"_blank\">Glenn Gillet<\/a><br \/>\n        <\/strong><\/p>\n<p>        Publi\u00e9 le<\/p>\n<p>            8 nov. 2025 \u00e0 12h33<br \/>\n        ; mis \u00e0 jour le 8 nov. 2025 \u00e0 12h55    <\/p>\n<p>\u00c0 quelques jours des 10\u00a0ans des <a href=\"https:\/\/actu.fr\/ile-de-france\/saint-denis_93066\/fin-d-un-symbole-dix-ans-apres-les-attentats-la-planque-des-terroristes-du-13-novembre-rasee-a-saint-denis_63405259.html\" rel=\"nofollow noopener\" target=\"_blank\">attentats du 13\u00a0novembre 2015<\/a>, l\u2019annonce fait <strong>froid dans le dos<\/strong>. Trois femmes <a href=\"https:\/\/actu.fr\/tag\/islamisme\" rel=\"nofollow noopener\" target=\"_blank\">islamistes<\/a> radicalis\u00e9es suspect\u00e9es d\u2019un projet d\u2019<strong><a href=\"https:\/\/actu.fr\/tag\/attentat\" rel=\"nofollow noopener\" target=\"_blank\">attentat<\/a> suicide<\/strong> \u00e0 Paris ont \u00e9t\u00e9 <strong>mises en examen<\/strong> pour association de malfaiteurs <a href=\"https:\/\/actu.fr\/tag\/terrorisme\" rel=\"nofollow noopener\" target=\"_blank\">terroristes<\/a> et plac\u00e9es en d\u00e9tention provisoire le 10 octobre 2025, r\u00e9v\u00e8lent ce samedi 8 novembre RTL et Le Parisien.<\/p>\n<p>Projets d\u2019acquisition d\u2019une kalachnikov et de fabrication de ceintures explosives<\/p>\n<p class=\" wall-content\">Ces trois Fran\u00e7aises, \u00e2g\u00e9es de 18, 19 et 21\u00a0ans, ont \u00e9t\u00e9 interpell\u00e9es \u00e0 Lyon, Villeurbanne et Vierzon. Elles \u00e9changeaient depuis plusieurs semaines au sujet d\u2019une attaque qui auraient vis\u00e9 <strong>une salle de spectacle ou un bar<\/strong> de la capitale. L\u2019une des suspectes, consid\u00e9r\u00e9e comme la meneuse du groupe selon les informations de RTL, avait notamment \u00e9voqu\u00e9 dans ses \u00e9changes l\u2019acquisition d\u2019une kalachnikov et la confection de ceintures explosives. Une perquisition a permis de retrouver une note qui lui appartiendrait et qui portait sur la pr\u00e9paration d\u2019un attentat jihadiste.<\/p>\n<p class=\" wall-content\">Selon l\u2019AFP, le Parquet national anti-terroriste (Pnat) a indiqu\u00e9e avoir ouvert le 10 octobre une information judiciaire pour association de malfaiteurs terroriste en vue de la pr\u00e9paration de crimes d\u2019atteinte aux personnes. Contact\u00e9 par actu Paris, le Pnat n\u2019a pas fourni d\u2019avantage de pr\u00e9cisions \u00e0 ce stade.<\/p>\n<p>Des profils qui interrogent<\/p>\n<p class=\" wall-content\">Les trois suspectes se seraient rencontr\u00e9es au moins une fois en personne, ce qui permet d\u2019\u00e9tayer la th\u00e8se d\u2019une r\u00e9elle volont\u00e9 de passage \u00e0 l\u2019acte. Leurs <strong>profils<\/strong> interpellent toutefois\u2009: la plus \u00e2g\u00e9e est handicap\u00e9e moteur et se d\u00e9place en fauteuil roulant, tandis que la plus jeune pr\u00e9sente une personnalit\u00e9 d\u00e9crite comme \u00ab\u2009pu\u00e9rile\u2009\u00bb, se vantant par exemple d\u2019\u00eatre \u00ab\u2009une terroriste\u2009\u00bb lors d\u2019une conversation en ligne avec une autre suspecte en pleine Journ\u00e9e de d\u00e9fense et de citoyennet\u00e9. Au cours de sa garde \u00e0 vue, la principale suspecte aurait de son c\u00f4t\u00e9 expliqu\u00e9 qu\u2019elle avait \u00ab\u2009abandonn\u00e9 l\u2019id\u00e9ologie jihadiste depuis cet \u00e9t\u00e9\u2009\u00bb, selon RTL.<\/p>\n<p class=\" wall-content\">\u00ab\u2009Nous verrons bien vite si les propos qu\u2019elle a peut-\u00eatre tenus ou entendus relevaient d\u2019une menace s\u00e9rieuse ou bien, comme on peut le supposer, de vaines et malheureuses tentatives d\u2019une tr\u00e8s jeune fille de s\u2019extraire de sa solitude\u2009\u00bb, a r\u00e9agi l\u2019<strong>avocat<\/strong> de cette suspecte Me Jean-Baptiste Riolacci aupr\u00e8s de RTL.<\/p>\n<p class=\" wall-content\">Il s\u2019agirait du premier projet d\u2019attentat impliquant au moins une femme \u00ab\u00a0depuis plusieurs ann\u00e9es\u00a0\u00bb, indique une source proche du dossier \u00e0 l\u2019AFP. Par sa composante f\u00e9minine, cette affaire rappelle celle de <a href=\"https:\/\/actu.fr\/ile-de-france\/paris_75056\/attentat-rate-a-notre-dame-de-paris-ines-madani-condamnee-a-30-ans-de-prison_42440672.html\" rel=\"nofollow noopener\" target=\"_blank\">l\u2019attentat manqu\u00e9 aux abords de la cath\u00e9drale Notre-Dame de Paris en 2016<\/a>, lors duquel deux femmes jihadistes, Ornella Gilligmann et In\u00e8s Madani, ont tent\u00e9 de faire exploser des bonbonnes de gaz et de gazole, sans succ\u00e8s.<\/p>\n<p class=\" wall-content\">Personnalisez votre actualit\u00e9 en ajoutant vos villes et m\u00e9dias en favori avec <a href=\"https:\/\/moncompte.actu.fr\" title=\"D\u00e9couvez Mon Actu\" rel=\"nofollow noopener\" data-trk=\"{&quot;cta&quot;:{&quot;action&quot;:&quot;https:\\\/\\\/moncompte.actu.fr&quot;,&quot;category&quot;:&quot;mon compte&quot;,&quot;from&quot;:&quot;article footer&quot;,&quot;name&quot;:&quot;Mon actu&quot;,&quot;type&quot;:&quot;cta&quot;}}\" target=\"_blank\">Mon Actu<\/a>.<\/p>\n","protected":false},"excerpt":{"rendered":"Par Glenn Gillet Publi\u00e9 le 8 nov. 2025 \u00e0 12h33 ; mis \u00e0 jour le 8 nov. 2025&hellip;\n","protected":false},"author":2,"featured_media":508594,"comment_status":"","ping_status":"","sticky":false,"template":"","format":"standard","meta":{"footnotes":""},"categories":[1888],"tags":[1111,1928,11,1927,23846,1777,674,118,1011,27,1253,12,1926,626,1925,25,1254],"class_list":{"0":"post-520492","1":"post","2":"type-post","3":"status-publish","4":"format-standard","5":"has-post-thumbnail","7":"category-paris","8":"tag-actu","9":"tag-actu-paris","10":"tag-actualites","11":"tag-actualites-paris","12":"tag-attentats","13":"tag-eu","14":"tag-europe","15":"tag-faits-divers","16":"tag-fr","17":"tag-france","18":"tag-islamisme","19":"tag-news","20":"tag-news-paris","21":"tag-paris","22":"tag-paris-news","23":"tag-republique-francaise","24":"tag-terrorisme"},"share_on_mastodon":{"url":"https:\/\/pubeurope.com\/@fr\/115514010835123478","error":""},"_links":{"self":[{"href":"https:\/\/www.europesays.com\/fr\/wp-json\/wp\/v2\/posts\/520492","targetHints":{"allow":["GET"]}}],"collection":[{"href":"https:\/\/www.europesays.com\/fr\/wp-json\/wp\/v2\/posts"}],"about":[{"href":"https:\/\/www.europesays.com\/fr\/wp-json\/wp\/v2\/types\/post"}],"author":[{"embeddable":true,"href":"https:\/\/www.europesays.com\/fr\/wp-json\/wp\/v2\/users\/2"}],"replies":[{"embeddable":true,"href":"https:\/\/www.europesays.com\/fr\/wp-json\/wp\/v2\/comments?post=520492"}],"version-history":[{"count":0,"href":"https:\/\/www.europesays.com\/fr\/wp-json\/wp\/v2\/posts\/520492\/revisions"}],"wp:featuredmedia":[{"embeddable":true,"href":"https:\/\/www.europesays.com\/fr\/wp-json\/wp\/v2\/media\/508594"}],"wp:attachment":[{"href":"https:\/\/www.europesays.com\/fr\/wp-json\/wp\/v2\/media?parent=520492"}],"wp:term":[{"taxonomy":"category","embeddable":true,"href":"https:\/\/www.europesays.com\/fr\/wp-json\/wp\/v2\/categories?post=520492"},{"taxonomy":"post_tag","embeddable":true,"href":"https:\/\/www.europesays.com\/fr\/wp-json\/wp\/v2\/tags?post=520492"}],"curies":[{"name":"wp","href":"https:\/\/api.w.org\/{rel}","templated":true}]}}