{"id":520493,"date":"2025-11-08T12:11:16","date_gmt":"2025-11-08T12:11:16","guid":{"rendered":"https:\/\/www.europesays.com\/fr\/520493\/"},"modified":"2025-11-08T12:11:16","modified_gmt":"2025-11-08T12:11:16","slug":"trois-femmes-suspectees-dun-projet-dattentat-a-paris-mises-en-examen","status":"publish","type":"post","link":"https:\/\/www.europesays.com\/fr\/520493\/","title":{"rendered":"Trois femmes suspect\u00e9es d&rsquo;un projet d&rsquo;attentat \u00e0 Paris mises en examen"},"content":{"rendered":"<ul class=\"jsx-862013697 ArticleChapo__List\">\n<li class=\"jsx-862013697 ArticleChapo__List_Item flex\">Trois femmes ont \u00e9t\u00e9 mises en examen le 10 octobre dernier, suspect\u00e9es d&rsquo;un projet d&rsquo;attentat, selon une information du \u00ab\u00a0Parisien\u00a0\u00bb confirm\u00e9e \u00e0 TF1\/LCI.<\/li>\n<li class=\"jsx-862013697 ArticleChapo__List_Item flex\">Selon \u00ab\u00a0Le Parisien\u00a0\u00bb, les trois suspectes, radicalis\u00e9es, projetaient une action jihadiste \u00e0 Paris.<\/li>\n<li class=\"jsx-862013697 ArticleChapo__List_Item flex\">Elles ont \u00e9t\u00e9 plac\u00e9es en d\u00e9tention provisoire.<\/li>\n<\/ul>\n<p data-module=\"article-paragraph\" class=\"jsx-3046738180 Paragraph\">Un projet d&rsquo;attentat aurait \u00e9t\u00e9 d\u00e9jou\u00e9 \u00e0 Paris. Selon une information du <a href=\"https:\/\/www.leparisien.fr\/faits-divers\/je-veux-rendre-hommage-a-ben-laden-trois-femmes-au-coeur-dun-projet-dattentat-kamikaze-a-paris-08-11-2025-MYTUFP5R6NBCVN3564VOSGBATE.php\" target=\"_blank\" rel=\"nofollow noopener\">Parisien (nouvelle fen\u00eatre)<\/a>, confirm\u00e9e au service police-justice de TF1\/LCI, trois femmes ont \u00e9t\u00e9 interpell\u00e9es, suspect\u00e9es d&rsquo;avoir projet\u00e9 une attaque dans la capitale.\u00a0<\/p>\n<p data-module=\"article-paragraph\" class=\"jsx-3046738180 Paragraph Paragraph__End\">\u00ab\u00a0Une information judiciaire a \u00e9t\u00e9 ouverte du chef de participation \u00e0 une association de malfaiteurs terroriste en vue de la pr\u00e9paration de crimes d&rsquo;atteinte aux personnes\u00a0\u00bb, a indiqu\u00e9 le parquet national antiterroriste (Pnat) \u00e0 TF1\/LCI. \u00ab\u00a0Trois femmes ont \u00e9t\u00e9 mises en examen du chef vis\u00e9 au r\u00e9quisitoire introductif et plac\u00e9es en d\u00e9tention provisoire\u00a0\u00bb, a pr\u00e9cis\u00e9 la m\u00eame source.\u00a0<\/p>\n<p><a href=\"https:\/\/www.tf1info.fr\/justice-faits-divers\/cle-usb-transmise-a-salah-abdeslam-en-prison-l-enquete-elargie-3-personnes-en-garde-a-vue-2405508.html\" rel=\"noopener\" class=\"jsx-3308031228 Link flex\" target=\"_blank\"><img decoding=\"async\" src=\"https:\/\/www.europesays.com\/fr\/wp-content\/uploads\/2025\/11\/salah-abdeslam-13nov-afp-e37a38-0@1x.jpeg\" alt=\"Salah Abdeslam, dessin\u00e9 le 14 avril 2022 lors du proc\u00e8s du 13-Novembre.\" loading=\"lazy\" importance=\"low\" fetchpriority=\"low\" class=\"\" aria-hidden=\"true\"\/><\/p>\n<p class=\"jsx-3657663356 ReadMoreArticle__Title\">Lire aussi<\/p>\n<p class=\"jsx-3657663356\">Cl\u00e9 USB transmise \u00e0 Salah Abdeslam en prison : l&rsquo;enqu\u00eate \u00e9largie, 3 personnes en garde \u00e0 vue<\/p>\n<p><\/a>Actives sur les r\u00e9seaux sociaux<\/p>\n<p data-module=\"article-paragraph\" class=\"jsx-3046738180 Paragraph\">Les trois suspectes, radicalis\u00e9es, sont n\u00e9es en 2004, 2006 et 2007 et ont \u00e9t\u00e9 interpell\u00e9es \u00e0 Lyon, Villeurbanne et Vierzon, pr\u00e9cise une source proche de l&rsquo;enqu\u00eate \u00e0 TF1\/LCI. Selon Le Parisien, elles seraient de nationalit\u00e9 fran\u00e7aise.\u00a0<\/p>\n<p data-module=\"article-paragraph\" class=\"jsx-3046738180 Paragraph\">Particuli\u00e8rement assidues sur les r\u00e9seaux sociaux, dont TikTok, elles auraient cherch\u00e9 \u00e0 se procurer des armes \u00e0 feu et des ceintures explosives afin d&rsquo;attaquer une salle de spectacle ou un bar \u00e0 Paris.\u00a0<\/p>\n<p data-module=\"article-paragraph\" class=\"jsx-3046738180 Paragraph Paragraph__End\">Dans un entretien \u00e0 l&rsquo;AFP publi\u00e9 ce samedi en amont des comm\u00e9morations du 13-Novembre, le procureur national antiterroriste, Olivier Christen, alerte sur une menace jihadiste \u00ab\u00a0qui s&rsquo;accro\u00eet\u00a0\u00bb et indique que 6 projets d&rsquo;attentats ont \u00e9t\u00e9 d\u00e9jou\u00e9s sur le territoire depuis le d\u00e9but de l&rsquo;ann\u00e9e 2025.<\/p>\n<p>V.M avec Maurine Bajac<\/p>\n","protected":false},"excerpt":{"rendered":"Trois femmes ont \u00e9t\u00e9 mises en examen le 10 octobre dernier, suspect\u00e9es d&rsquo;un projet d&rsquo;attentat, selon une information&hellip;\n","protected":false},"author":2,"featured_media":520494,"comment_status":"","ping_status":"","sticky":false,"template":"","format":"standard","meta":{"footnotes":""},"categories":[1888],"tags":[1111,1928,11,1927,1921,5581,1777,674,1011,27,1922,2954,12,1926,626,1925,25,1254,133,2953],"class_list":{"0":"post-520493","1":"post","2":"type-post","3":"status-publish","4":"format-standard","5":"has-post-thumbnail","7":"category-paris","8":"tag-actu","9":"tag-actu-paris","10":"tag-actualites","11":"tag-actualites-paris","12":"tag-article-video","13":"tag-attentat","14":"tag-eu","15":"tag-europe","16":"tag-fr","17":"tag-france","18":"tag-info","19":"tag-justice-et-faits-divers","20":"tag-news","21":"tag-news-paris","22":"tag-paris","23":"tag-paris-news","24":"tag-republique-francaise","25":"tag-terrorisme","26":"tag-video","27":"tag-video-police"},"share_on_mastodon":{"url":"https:\/\/pubeurope.com\/@fr\/115514015425573460","error":""},"_links":{"self":[{"href":"https:\/\/www.europesays.com\/fr\/wp-json\/wp\/v2\/posts\/520493","targetHints":{"allow":["GET"]}}],"collection":[{"href":"https:\/\/www.europesays.com\/fr\/wp-json\/wp\/v2\/posts"}],"about":[{"href":"https:\/\/www.europesays.com\/fr\/wp-json\/wp\/v2\/types\/post"}],"author":[{"embeddable":true,"href":"https:\/\/www.europesays.com\/fr\/wp-json\/wp\/v2\/users\/2"}],"replies":[{"embeddable":true,"href":"https:\/\/www.europesays.com\/fr\/wp-json\/wp\/v2\/comments?post=520493"}],"version-history":[{"count":0,"href":"https:\/\/www.europesays.com\/fr\/wp-json\/wp\/v2\/posts\/520493\/revisions"}],"wp:featuredmedia":[{"embeddable":true,"href":"https:\/\/www.europesays.com\/fr\/wp-json\/wp\/v2\/media\/520494"}],"wp:attachment":[{"href":"https:\/\/www.europesays.com\/fr\/wp-json\/wp\/v2\/media?parent=520493"}],"wp:term":[{"taxonomy":"category","embeddable":true,"href":"https:\/\/www.europesays.com\/fr\/wp-json\/wp\/v2\/categories?post=520493"},{"taxonomy":"post_tag","embeddable":true,"href":"https:\/\/www.europesays.com\/fr\/wp-json\/wp\/v2\/tags?post=520493"}],"curies":[{"name":"wp","href":"https:\/\/api.w.org\/{rel}","templated":true}]}}