{"id":520497,"date":"2025-11-08T12:13:14","date_gmt":"2025-11-08T12:13:14","guid":{"rendered":"https:\/\/www.europesays.com\/fr\/520497\/"},"modified":"2025-11-08T12:13:14","modified_gmt":"2025-11-08T12:13:14","slug":"trois-femmes-radicalisees-mises-en-examen-pour-des-projets-dattentats-terroristes-a-paris-liberation","status":"publish","type":"post","link":"https:\/\/www.europesays.com\/fr\/520497\/","title":{"rendered":"Trois femmes radicalis\u00e9es mises en examen pour des projets d\u2019attentats terroristes \u00e0 Paris \u2013 Lib\u00e9ration"},"content":{"rendered":"<p class=\"sc-cPiKLX AiZTS text-element\">Trois jeunes femmes ont \u00e9t\u00e9 mises en examen et \u00e9crou\u00e9es \u00e0 la mi-octobre \u00e0 Paris, suspect\u00e9es d\u2019avoir pr\u00e9par\u00e9 un projet d\u2019attentat jihadiste, a indiqu\u00e9 ce samedi le Parquet national antiterroriste (Pnat) \u00e0 Lib\u00e9ration, confirmant une information de plusieurs m\u00e9dias.<\/p>\n<p class=\"sc-cPiKLX AiZTS text-element\">Le Pnat pr\u00e9cise avoir ouvert, le 10 octobre, une information judiciaire pour \u00abassociation de malfaiteurs terroriste en vue de la pr\u00e9paration de crimes d\u2019atteinte aux personnes\u00bb. Les trois jeunes femmes radicalis\u00e9es ont \u00e9t\u00e9 mises en examen \u00abet plac\u00e9es en d\u00e9tention provisoire\u00bb, ajoute ce parquet sp\u00e9cialis\u00e9.<\/p>\n<p class=\"sc-cPiKLX AiZTS text-element\">Une source proche du dossier a par ailleurs confirm\u00e9 \u00e0 l\u2019AFP qu\u2019\u00abun projet a \u00e9t\u00e9 d\u00e9jou\u00e9 \u00e0 l\u2019automne\u00bb, soit le \u00abpremier projet d\u2019action violente avec une femme depuis plusieurs ann\u00e9es\u00bb. Ces femmes sont toutes \u00e2g\u00e9es d\u2019environ 20 ans, poursuit cette m\u00eame source.<\/p>\n<p class=\"sc-cPiKLX AiZTS text-element\">Le Parisien affirme que l\u2019une d\u2019entre elles, B., aurait publi\u00e9 des contenus pro-jihad sur un compte TikTok aux 20 000 abonn\u00e9s, et aurait agi comme meneuse.<\/p>\n<p class=\"sc-cPiKLX AiZTS text-element\">Toutes trois sont suspect\u00e9es d\u2019avoir discut\u00e9 en ligne de <a href=\"https:\/\/www.liberation.fr\/societe\/police-justice\/un-jeune-homme-arrete-pour-un-projet-dattentat-apres-setre-radicalise-20250407_H7CNJPC7RBDRZOI5M32T5KEWKU\/?redirected=1\" target=\"_blank\" rel=\"noreferrer noopener\" title=\"https:\/\/www.liberation.fr\/societe\/police-justice\/un-jeune-homme-arrete-pour-un-projet-dattentat-apres-setre-radicalise-20250407_H7CNJPC7RBDRZOI5M32T5KEWKU\/?redirected=1\">projets d\u2019actions violentes<\/a>, \u00e9voquant des armes \u00e0 feu et une ceinture explosive, et mentionnant comme potentielle cibles une salle de spectacle ou un bar de Paris, d\u2019apr\u00e8s le quotidien.<\/p>\n<p class=\"sc-cPiKLX AiZTS text-element\">Le journal affirme que B. et une autre femme ont \u00e9t\u00e9 interpell\u00e9es dans le Rh\u00f4ne, et une troisi\u00e8me dans le Cher, toutes les interpellations ayant \u00e9t\u00e9 d\u00e9clench\u00e9es notamment apr\u00e8s des rencontres physiques \u00e0 Lyon.<\/p>\n<p class=\"sc-cPiKLX AiZTS text-element\">Sollicit\u00e9s, les avocats des trois femmes ont d\u00e9clin\u00e9 tout commentaire. L\u2019un d\u2019entre eux a toutefois fortement temp\u00e9r\u00e9 l\u2019acuit\u00e9 de la menace repr\u00e9sent\u00e9e par ces femmes.<\/p>\n<p class=\"sc-cPiKLX AiZTS text-element\">Dans un entretien \u00e0 l\u2019AFP diffus\u00e9 ce samedi, le procureur national antiterroriste, Olivier Christen, affirme que la menace jihadiste est \u00abla plus importante \u00e0 la fois dans son volume et dans le niveau de pr\u00e9paration des passages \u00e0 l\u2019acte\u00bb et \u00abs\u2019accro\u00eet\u00bb depuis trois ans.<\/p>\n","protected":false},"excerpt":{"rendered":"Trois jeunes femmes ont \u00e9t\u00e9 mises en examen et \u00e9crou\u00e9es \u00e0 la mi-octobre \u00e0 Paris, suspect\u00e9es d\u2019avoir pr\u00e9par\u00e9&hellip;\n","protected":false},"author":2,"featured_media":520498,"comment_status":"","ping_status":"","sticky":false,"template":"","format":"standard","meta":{"footnotes":""},"categories":[1888],"tags":[11,1777,674,1011,27,12,626,25,1254],"class_list":{"0":"post-520497","1":"post","2":"type-post","3":"status-publish","4":"format-standard","5":"has-post-thumbnail","7":"category-paris","8":"tag-actualites","9":"tag-eu","10":"tag-europe","11":"tag-fr","12":"tag-france","13":"tag-news","14":"tag-paris","15":"tag-republique-francaise","16":"tag-terrorisme"},"share_on_mastodon":{"url":"https:\/\/pubeurope.com\/@fr\/115514022534243701","error":""},"_links":{"self":[{"href":"https:\/\/www.europesays.com\/fr\/wp-json\/wp\/v2\/posts\/520497","targetHints":{"allow":["GET"]}}],"collection":[{"href":"https:\/\/www.europesays.com\/fr\/wp-json\/wp\/v2\/posts"}],"about":[{"href":"https:\/\/www.europesays.com\/fr\/wp-json\/wp\/v2\/types\/post"}],"author":[{"embeddable":true,"href":"https:\/\/www.europesays.com\/fr\/wp-json\/wp\/v2\/users\/2"}],"replies":[{"embeddable":true,"href":"https:\/\/www.europesays.com\/fr\/wp-json\/wp\/v2\/comments?post=520497"}],"version-history":[{"count":0,"href":"https:\/\/www.europesays.com\/fr\/wp-json\/wp\/v2\/posts\/520497\/revisions"}],"wp:featuredmedia":[{"embeddable":true,"href":"https:\/\/www.europesays.com\/fr\/wp-json\/wp\/v2\/media\/520498"}],"wp:attachment":[{"href":"https:\/\/www.europesays.com\/fr\/wp-json\/wp\/v2\/media?parent=520497"}],"wp:term":[{"taxonomy":"category","embeddable":true,"href":"https:\/\/www.europesays.com\/fr\/wp-json\/wp\/v2\/categories?post=520497"},{"taxonomy":"post_tag","embeddable":true,"href":"https:\/\/www.europesays.com\/fr\/wp-json\/wp\/v2\/tags?post=520497"}],"curies":[{"name":"wp","href":"https:\/\/api.w.org\/{rel}","templated":true}]}}