{"id":520506,"date":"2025-11-08T12:18:12","date_gmt":"2025-11-08T12:18:12","guid":{"rendered":"https:\/\/www.europesays.com\/fr\/520506\/"},"modified":"2025-11-08T12:18:12","modified_gmt":"2025-11-08T12:18:12","slug":"la-france-et-lallemagne-savent-encore-sentendre-pour-avancer-sur-des-projets-vitaux-pour-lavenir-militaire-de-leurope-comme-le-prouve-jewel","status":"publish","type":"post","link":"https:\/\/www.europesays.com\/fr\/520506\/","title":{"rendered":"La France et l&rsquo;Allemagne savent encore s&rsquo;entendre pour avancer sur des projets vitaux pour l&rsquo;avenir militaire de l&rsquo;Europe comme le prouve Jewel"},"content":{"rendered":"<p><strong>Jewel : la France et l\u2019Allemagne lancent la premi\u00e8re alerte spatiale europ\u00e9enne.<\/strong><\/p>\n<p>Le 15 octobre 2025, \u00e0 Paris, Catherine Vautrin et Boris Pistorius ont sign\u00e9 bien plus qu\u2019un accord bilat\u00e9ral : ils ont pos\u00e9 les bases d\u2019un futur pilier strat\u00e9gique pour l\u2019Europe. Baptis\u00e9e Jewel (Joint Early Warning for a European Lookout), cette initiative franco-allemande vise \u00e0 b\u00e2tir la premi\u00e8re capacit\u00e9 europ\u00e9enne d\u2019alerte avanc\u00e9e, capable de d\u00e9tecter les menaces balistiques et hypersoniques \u00e0 partir de l\u2019espace. Un projet structurant, \u00e0 la fois technologique et g\u00e9opolitique.<\/p>\n<p>Lire aussi :<\/p>\n<p>Jewel, un signal fort pour la d\u00e9fense du ciel europ\u00e9en<\/p>\n<p>Sur le papier, Jewel ressemble \u00e0 une lettre d\u2019intention de plus. Dans les faits, il s\u2019agit d\u2019un changement de paradigme. Depuis toujours, la d\u00e9tection des tirs de missiles et la capacit\u00e9 de r\u00e9action rapide ont repos\u00e9 sur des syst\u00e8mes am\u00e9ricains : satellites SBIRS, constellation Overhead Persistent Infrared (OPIR), radars au sol int\u00e9gr\u00e9s \u00e0 NORAD et au commandement STRATCOM. L\u2019Europe, elle, restait en retrait, d\u00e9pendante, sans outil propre de surveillance globale.<\/p>\n<p>Avec Jewel, la France et l\u2019Allemagne prennent l\u2019initiative, en cr\u00e9ant un embryon de syst\u00e8me spatial d\u2019alerte avanc\u00e9e, interop\u00e9rable avec l\u2019OTAN mais con\u00e7u sur des bases europ\u00e9ennes. C\u2019est un choix d\u2019autonomie, un geste politique, mais aussi une n\u00e9cessit\u00e9 op\u00e9rationnelle : face \u00e0 la prolif\u00e9ration des missiles hypersoniques russes (Kinzhal, Avangard) ou chinois (DF-ZF), le Vieux Continent ne peut plus se contenter de recevoir l\u2019information.<\/p>\n<blockquote class=\"wp-embedded-content\" data-secret=\"4SGem2omTR\">\n<p><a href=\"https:\/\/www.forum-militaire.fr\/la-france-va-livrer-a-linde-larme-dont-elle-avait-besoin-pour-finaliser-sa-nouvelle-doctrine-militaire-avec-son-dernier-bijou-anti-drone-le-laser-helma-p\/\" target=\"_blank\" rel=\"noopener\">La France va livrer \u00e0 l\u2019Inde l\u2019arme dont elle avait besoin pour finaliser sa nouvelle doctrine militaire avec son dernier bijou anti-drone : le laser HELMA-P<\/a><\/p>\n<\/blockquote>\n<p>Une capacit\u00e9 strat\u00e9gique b\u00e2tie pour durer<\/p>\n<p>Le c\u0153ur du projet repose sur une double constellation de satellites g\u00e9ostationnaires (un segment fran\u00e7ais, un segment allemand) capables de d\u00e9tecter le rayonnement infrarouge des lancements de missiles. Ces satellites suivront la trajectoire des engins, croiseront les donn\u00e9es avec des radars terrestres, et transmettront l\u2019alerte en temps r\u00e9el aux centres de commandement europ\u00e9ens.<\/p>\n<p>C\u2019est l\u2019architecture du syst\u00e8me \u00ab Odin\u2019s Eye \u00bb, financ\u00e9 en partie par le Fonds europ\u00e9en de d\u00e9fense, qui servira de squelette \u00e0 Jewel. Une interface commune est pr\u00e9vue pour relier les capteurs nationaux, harmoniser les protocoles d\u2019alerte et pr\u00e9parer l\u2019accueil d\u2019autres membres europ\u00e9ens. L\u2019objectif annonc\u00e9 : une capacit\u00e9 op\u00e9rationnelle d\u2019ici 2030.<\/p>\n<p>Une alerte qui ne se limite pas \u00e0 l\u2019espace<\/p>\n<p>Jewel ne se limite pas \u00e0 l\u2019orbite. Pour garantir une alerte efficace, il faut des capteurs compl\u00e9mentaires : radars au sol, syst\u00e8mes infrarouges, stations en haute altitude. Cette alerte \u00ab\u00a0multi-couches\u00a0\u00bb permettra de d\u00e9tecter des menaces de plus en plus furtives, comme les planeurs hypersoniques, capables de changer de trajectoire \u00e0 tr\u00e8s haute vitesse.<\/p>\n<p>Le maillon central sera un syst\u00e8me de commandement et de contr\u00f4le (C2) capable de traiter les donn\u00e9es en temps r\u00e9el, d\u2019\u00e9mettre une alerte en quelques secondes, et de coordonner les contre-mesures, comme l\u2019activation des missiles Aster 30 B1NT ou des syst\u00e8mes THAAD et Patriot.<\/p>\n<p>Vers une int\u00e9gration avec l\u2019OTAN\u2026 mais pas une soumission<\/p>\n<p>Jewel n\u2019a rien d\u2019un projet isol\u00e9 : il s\u2019int\u00e8gre dans la d\u00e9fense a\u00e9rienne et antimissile de l\u2019Alliance atlantique. La nouveaut\u00e9, c\u2019est que ce sont les Europ\u00e9ens et non plus uniquement les Am\u00e9ricains qui prennent les commandes. En cela, le projet est parfaitement compl\u00e9mentaire, mais incarne une volont\u00e9 de souverainet\u00e9 capacitaire : savoir d\u00e9tecter, alerter, et agir, sans d\u00e9pendre de l\u2019aval de Washington.<\/p>\n<p>Les promoteurs de Jewel esp\u00e8rent rallier d\u2019autres partenaires europ\u00e9ens. L\u2019Italie, la Pologne ou l\u2019Espagne pourraient rejoindre le programme pour \u00e9largir le r\u00e9seau et r\u00e9partir les investissements. L\u2019objectif \u00e0 terme : un bouclier d\u2019alerte europ\u00e9en couvrant l\u2019ensemble du continent, capable de d\u00e9tecter tout tir hostile, du Caucase \u00e0 la mer du Nord.<\/p>\n<p>Une r\u00e9ponse \u00e0 la mont\u00e9e des menaces hypersoniques<\/p>\n<p>La menace n\u2019est plus th\u00e9orique. Depuis 2022, la Russie a utilis\u00e9 plusieurs missiles hypersoniques Kinzhal en Ukraine. La Chine teste r\u00e9guli\u00e8rement ses syst\u00e8mes DF-17, pendant que les \u00c9tats-Unis finalisent leur propre triade hypersonique (ARRW, CPS, HAWC). En clair : l\u2019\u00e8re du missile lent est r\u00e9volue.<\/p>\n<p>Face \u00e0 ces engins qui filent \u00e0 plus de Mach 5 en changeant de cap, seule une alerte rapide et fiable permet une r\u00e9action viable. La France envoie ici un message clair : elle ne se contentera plus de subir. Avec Jewel, elle veut pouvoir d\u00e9tecter, anticiper, et d\u00e9cider, \u00e0 \u00e9galit\u00e9 avec les grandes puissances.<\/p>\n<blockquote class=\"wp-embedded-content\" data-secret=\"ir0PDowOdN\">\n<p><a href=\"https:\/\/www.forum-militaire.fr\/la-france-va-apporter-a-leurope-le-plus-grand-radar-de-surveillance-du-continent-et-bijou-de-technologie-aurore\/\" target=\"_blank\" rel=\"noopener\">La France va apporter \u00e0 l\u2019Europe le plus grand radar de surveillance du continent et bijou de technologie : Aurore<\/a><\/p>\n<\/blockquote>\n<p>Un tournant strat\u00e9gique franco-allemand<\/p>\n<p>On avait connu le SCAF (avion de combat du futur), le MGCS (char du futur), voici maintenant Jewel : la troisi\u00e8me grande coop\u00e9ration structurante franco-allemande en mati\u00e8re de d\u00e9fense. Mais l\u00e0 o\u00f9 les autres projets peinent \u00e0 avancer, Jewel semble lanc\u00e9 sur des rails politiques solides. L\u2019urgence technologique, le contexte g\u00e9opolitique, et les synergies industrielles pourraient permettre \u00e0 ce programme d\u2019aller vite\u2026 et loin.<\/p>\n<p>Catherine Vautrin ne s\u2019y est pas tromp\u00e9e : \u00ab Ce que nous posons aujourd\u2019hui, c\u2019est la premi\u00e8re pierre d\u2019une Europe capable de surveiller son ciel sans aide ext\u00e9rieure. \u00bb Un horizon encore lointain, mais qui commence ici, avec un satellite franco-allemand qui guettera les cieux. Et peut-\u00eatre, un jour, les prot\u00e9gera.<\/p>\n<p>Source : Minist\u00e8re des Arm\u00e9es<\/p>\n<p>Image : \u00a9OHB System AG<\/p>\n","protected":false},"excerpt":{"rendered":"Jewel : la France et l\u2019Allemagne lancent la premi\u00e8re alerte spatiale europ\u00e9enne. Le 15 octobre 2025, \u00e0 Paris,&hellip;\n","protected":false},"author":2,"featured_media":520507,"comment_status":"","ping_status":"","sticky":false,"template":"","format":"standard","meta":{"footnotes":""},"categories":[1587],"tags":[11,672,1804,1805,1803,1777,674,1801,12,1802],"class_list":{"0":"post-520506","1":"post","2":"type-post","3":"status-publish","4":"format-standard","5":"has-post-thumbnail","7":"category-allemagne","8":"tag-actualites","9":"tag-allemagne","10":"tag-bundesrepublik-deutschland","11":"tag-de","12":"tag-deutschland","13":"tag-eu","14":"tag-europe","15":"tag-germany","16":"tag-news","17":"tag-republique-federale-dallemagne"},"share_on_mastodon":{"url":"https:\/\/pubeurope.com\/@fr\/115514042245119902","error":""},"_links":{"self":[{"href":"https:\/\/www.europesays.com\/fr\/wp-json\/wp\/v2\/posts\/520506","targetHints":{"allow":["GET"]}}],"collection":[{"href":"https:\/\/www.europesays.com\/fr\/wp-json\/wp\/v2\/posts"}],"about":[{"href":"https:\/\/www.europesays.com\/fr\/wp-json\/wp\/v2\/types\/post"}],"author":[{"embeddable":true,"href":"https:\/\/www.europesays.com\/fr\/wp-json\/wp\/v2\/users\/2"}],"replies":[{"embeddable":true,"href":"https:\/\/www.europesays.com\/fr\/wp-json\/wp\/v2\/comments?post=520506"}],"version-history":[{"count":0,"href":"https:\/\/www.europesays.com\/fr\/wp-json\/wp\/v2\/posts\/520506\/revisions"}],"wp:featuredmedia":[{"embeddable":true,"href":"https:\/\/www.europesays.com\/fr\/wp-json\/wp\/v2\/media\/520507"}],"wp:attachment":[{"href":"https:\/\/www.europesays.com\/fr\/wp-json\/wp\/v2\/media?parent=520506"}],"wp:term":[{"taxonomy":"category","embeddable":true,"href":"https:\/\/www.europesays.com\/fr\/wp-json\/wp\/v2\/categories?post=520506"},{"taxonomy":"post_tag","embeddable":true,"href":"https:\/\/www.europesays.com\/fr\/wp-json\/wp\/v2\/tags?post=520506"}],"curies":[{"name":"wp","href":"https:\/\/api.w.org\/{rel}","templated":true}]}}