{"id":520514,"date":"2025-11-08T12:22:16","date_gmt":"2025-11-08T12:22:16","guid":{"rendered":"https:\/\/www.europesays.com\/fr\/520514\/"},"modified":"2025-11-08T12:22:16","modified_gmt":"2025-11-08T12:22:16","slug":"ambiance-endiablee-choc-des-milliardaires-decevant-coups-de-coeur-et-coups-de-griffe","status":"publish","type":"post","link":"https:\/\/www.europesays.com\/fr\/520514\/","title":{"rendered":"ambiance endiabl\u00e9e, choc des milliardaires d\u00e9cevant&#8230; Coups de c\u0153ur et coups de griffe"},"content":{"rendered":"<p>\n    D\u00e9couvrez ce qui a plu et d\u00e9plu \u00e0 notre envoy\u00e9 sp\u00e9cial au stade Jean-Bouin apr\u00e8s la victoire rennaise (0-1) chez le Paris\u00a0FC, vendredi soir lors de la 12e journ\u00e9e de Ligue\u00a01.<\/p>\n<p class=\"fig-paragraph\"><strong>COUPS DE C\u0152UR<\/strong><\/p>\n<p>Embolo, un but lib\u00e9rateur<\/p>\n<p class=\"fig-paragraph\">Il fallait voir l\u2019effusion de joie sur le banc rennais et les rempla\u00e7ants qui ont accouru le long de la ligne de touche. Tanc\u00e9 sur la pelouse parisienne, le Stade Rennais a\u00a0<a href=\"http:\/\/www.lefigaro.fr\/sports\/football\/ligue-1\/ligue-1-vainqueur-du-paris-fc-a-jean-bouin-rennes-confirme-son-regain-de-forme-20251107\" data-fig-type=\"NewsFlash\" data-gtm-custom-categorie=\"navigation\" data-gtm-custom-action=\"crossclick\" data-gtm-custom-label=\"Contextuel\" data-gtm-event=\"customEventSPE\" data-fig-domain=\"LEFIGARO\" target=\"_blank\" rel=\"noopener\">tr\u00e8s tardivement ouvert le score<\/a>\u00a0(81e), sur un face-\u00e0-face remport\u00e9 par Breel Embolo devant Obed Nkambadio. L\u2019international suisse, qui d\u00e9butait sur le banc pour le troisi\u00e8me match cons\u00e9cutif, a d\u00e9livr\u00e9 aussi bien lui-m\u00eame que tout un peuple breton, \u00e0 l\u2019image du kop visiteur aux premi\u00e8res loges pour voir les filets trembler et r\u00e9chauffer l\u2019atmosph\u00e8re.<\/p>\n<p>                                    <a class=\"fig-a11y-skip a11y-hidden\" href=\"#fig-a11y-skip-main-inarticle\"><br \/>\n        Passer la publicit\u00e9<br \/>\n    <\/a><\/p>\n<p>La Bretagne, \u00e7a vous gagne<\/p>\n<p class=\"fig-paragraph\">Le Roazhon Celtic Kop (RCK) s\u2019est vite appropri\u00e9 la ruche de Jean-Bouin. Les ultras du Stade Rennais ont donn\u00e9 le ton dans l\u2019ambiance avant m\u00eame le coup d\u2019envoi. Le tambour import\u00e9 d\u2019Ille-et-Vilaine battait d\u00e8s l\u2019\u00e9chauffement des joueurs, un tifo a \u00e9t\u00e9 d\u00e9ploy\u00e9 \u00e0 leur entr\u00e9e sur la pelouse, puis des torches ont embras\u00e9 le parcage visiteur plein \u00e0 craquer. La Ligue de football professionnel (LFP) a beau tenir en horreur les fumig\u00e8nes, on a vu des dizaines de spectateurs autour de nous photographier le spectacle visuel de cette tribune en feu. Les 90 minutes de chants et d\u2019encouragement, auquel ont fini par r\u00e9pondre comme il se devait les ultras Lutecia du PFC, ont donn\u00e9 vie au match.<\/p>\n<p class=\"fig-paragraph\"><strong>COUPS DE GRIFFE<\/strong><\/p>\n<p>Une premi\u00e8re demi-heure soporifique<\/p>\n<p class=\"fig-paragraph\">Heureusement que supporters rennais et parisiens faisaient du bruit, sans quoi les pr\u00e8s de 15.000 spectateurs pr\u00e9sents auraient fini par s\u2019endormir en cette douceur automnale du vendredi soir. Il n\u2019y avait quasiment rien \u00e0 se mettre sous la dent apr\u00e8s une demi-heure de jeu, la faute \u00e0 des d\u00e9fenses vigilantes et des attaquants peu inspir\u00e9s. Le PFC a \u00e9t\u00e9, comme souvent, bancal dans son animation offensive, s\u2019en remettant aux exploits d\u2019Ilan Kebbal. Sa tentative de lob spontan\u00e9e aux 40 m\u00e8tres a \u00e9t\u00e9 le premier frisson de la rencontre, m\u00eame si Brice Samba n\u2019a pas franchement trembl\u00e9 (23e).<\/p>\n<p>Un choc des milliardaires qui ne se voit pas<\/p>\n<p class=\"fig-paragraph\">La Ligue\u00a01 aime se vendre, et l\u2019identit\u00e9 des propri\u00e9taires des deux clubs \u00e9tait une aubaine pour pr\u00e9senter cette affiche sous l\u2019angle \u00e9conomique. Le Paris\u00a0FC de\u00a0<a href=\"http:\/\/www.lefigaro.fr\/sports\/football\/paris-fc-un-nouveau-directeur-general-nomme-symbole-de-la-reprise-en-main-de-la-famille-arnault-20250917\" data-fig-type=\"NewsFlash\" data-gtm-custom-categorie=\"navigation\" data-gtm-custom-action=\"crossclick\" data-gtm-custom-label=\"Contextuel\" data-gtm-event=\"customEventSPE\" data-fig-domain=\"LEFIGARO\" target=\"_blank\" rel=\"noopener\">Bernard Arnault<\/a>\u00a0(fortune estim\u00e9e \u00e0 158 milliards d\u2019euros) recevait le Stade Rennais de Fran\u00e7ois Pinault (51 milliards). Il y a de l\u2019argent dans les poches, mais pas sur le terrain. La cl\u00e9mence se justifie pour le PFC, rachet\u00e9 il y a tout juste un an et qui red\u00e9couvre l\u2019\u00e9lite. Un peu moins pour l\u2019entit\u00e9 bretonne, de plus en plus d\u00e9pensi\u00e8re mais de moins en moins performante.<\/p>\n","protected":false},"excerpt":{"rendered":"D\u00e9couvrez ce qui a plu et d\u00e9plu \u00e0 notre envoy\u00e9 sp\u00e9cial au stade Jean-Bouin apr\u00e8s la victoire rennaise&hellip;\n","protected":false},"author":2,"featured_media":520515,"comment_status":"","ping_status":"","sticky":false,"template":"","format":"standard","meta":{"footnotes":""},"categories":[2],"tags":[11,1011,27,12,445,25,3087],"class_list":{"0":"post-520514","1":"post","2":"type-post","3":"status-publish","4":"format-standard","5":"has-post-thumbnail","7":"category-actualites","8":"tag-actualites","9":"tag-fr","10":"tag-france","11":"tag-news","12":"tag-paris-fc","13":"tag-republique-francaise","14":"tag-stade-rennais"},"share_on_mastodon":{"url":"https:\/\/pubeurope.com\/@fr\/115514057989558039","error":""},"_links":{"self":[{"href":"https:\/\/www.europesays.com\/fr\/wp-json\/wp\/v2\/posts\/520514","targetHints":{"allow":["GET"]}}],"collection":[{"href":"https:\/\/www.europesays.com\/fr\/wp-json\/wp\/v2\/posts"}],"about":[{"href":"https:\/\/www.europesays.com\/fr\/wp-json\/wp\/v2\/types\/post"}],"author":[{"embeddable":true,"href":"https:\/\/www.europesays.com\/fr\/wp-json\/wp\/v2\/users\/2"}],"replies":[{"embeddable":true,"href":"https:\/\/www.europesays.com\/fr\/wp-json\/wp\/v2\/comments?post=520514"}],"version-history":[{"count":0,"href":"https:\/\/www.europesays.com\/fr\/wp-json\/wp\/v2\/posts\/520514\/revisions"}],"wp:featuredmedia":[{"embeddable":true,"href":"https:\/\/www.europesays.com\/fr\/wp-json\/wp\/v2\/media\/520515"}],"wp:attachment":[{"href":"https:\/\/www.europesays.com\/fr\/wp-json\/wp\/v2\/media?parent=520514"}],"wp:term":[{"taxonomy":"category","embeddable":true,"href":"https:\/\/www.europesays.com\/fr\/wp-json\/wp\/v2\/categories?post=520514"},{"taxonomy":"post_tag","embeddable":true,"href":"https:\/\/www.europesays.com\/fr\/wp-json\/wp\/v2\/tags?post=520514"}],"curies":[{"name":"wp","href":"https:\/\/api.w.org\/{rel}","templated":true}]}}