{"id":520523,"date":"2025-11-08T12:31:11","date_gmt":"2025-11-08T12:31:11","guid":{"rendered":"https:\/\/www.europesays.com\/fr\/520523\/"},"modified":"2025-11-08T12:31:11","modified_gmt":"2025-11-08T12:31:11","slug":"cc-championnat-deurope-u19-femmes-classement-actualite","status":"publish","type":"post","link":"https:\/\/www.europesays.com\/fr\/520523\/","title":{"rendered":"CC &#8211; Championnat d&rsquo;Europe &#8211; U19 Femmes : Classement &#8211; Actualit\u00e9"},"content":{"rendered":"<p style=\"text-align: justify;\">Barbora Bukovska (R\u00e9publique tch\u00e8que) a remport\u00e9, ce samedi, \u00e0 Middelkerke (Flandre-Occidentale), le Championnat d&rsquo;Europe de cyclo-cross dans la cat\u00e9gorie U19 Femmes. Elle a devanc\u00e9 Nynke Jochems (Pays-Bas) et Nicole Azzetti (Italie).<br \/>Barbora Bukovska succ\u00e8de \u00e0 Anja Grossmann (Suisse) au palmar\u00e8s.<\/p>\n<p>        R\u00e9sultats CC &#8211; Championnat d&rsquo;Europe &#8211; Juniors Femmes<\/p>\n<p style=\"text-align: justify;\">Source : <a href=\"http:\/\/www.uci.org\" target=\"_blank\" rel=\"noopener\">www.uci.org<\/a><\/p>\n","protected":false},"excerpt":{"rendered":"Barbora Bukovska (R\u00e9publique tch\u00e8que) a remport\u00e9, ce samedi, \u00e0 Middelkerke (Flandre-Occidentale), le Championnat d&rsquo;Europe de cyclo-cross dans la&hellip;\n","protected":false},"author":2,"featured_media":520524,"comment_status":"","ping_status":"","sticky":false,"template":"","format":"standard","meta":{"footnotes":""},"categories":[1411],"tags":[834,828,836,829,837,827,83,826,824,823,1154,207,814,817,815,816,822,821,832,211,839,1011,27,820,818,819,835,831,830,833,838,60,212,208,825],"class_list":{"0":"post-520523","1":"post","2":"type-post","3":"status-publish","4":"format-standard","5":"has-post-thumbnail","7":"category-cyclisme","8":"tag-attaque","9":"tag-belgique","10":"tag-braquet","11":"tag-bretagne","12":"tag-chute","13":"tag-competition","14":"tag-coupe-de-france","15":"tag-coureur","16":"tag-course-cyclisme","17":"tag-course-cycliste","18":"tag-cycling","19":"tag-cyclisme","20":"tag-direct","21":"tag-direct-velo","22":"tag-directvelo","23":"tag-directvelo-com","24":"tag-epreuve","25":"tag-epreuve-cycliste","26":"tag-federation-francaise-de-cyclisme","27":"tag-ffc","28":"tag-flandres","29":"tag-fr","30":"tag-france","31":"tag-live","32":"tag-live-course","33":"tag-live-epreuve","34":"tag-peloton","35":"tag-radio-peloton","36":"tag-radio-tour","37":"tag-ravitaillement","38":"tag-relance","39":"tag-sports","40":"tag-uci","41":"tag-velo","42":"tag-velos"},"share_on_mastodon":{"url":"https:\/\/pubeurope.com\/@fr\/115514093357026653","error":""},"_links":{"self":[{"href":"https:\/\/www.europesays.com\/fr\/wp-json\/wp\/v2\/posts\/520523","targetHints":{"allow":["GET"]}}],"collection":[{"href":"https:\/\/www.europesays.com\/fr\/wp-json\/wp\/v2\/posts"}],"about":[{"href":"https:\/\/www.europesays.com\/fr\/wp-json\/wp\/v2\/types\/post"}],"author":[{"embeddable":true,"href":"https:\/\/www.europesays.com\/fr\/wp-json\/wp\/v2\/users\/2"}],"replies":[{"embeddable":true,"href":"https:\/\/www.europesays.com\/fr\/wp-json\/wp\/v2\/comments?post=520523"}],"version-history":[{"count":0,"href":"https:\/\/www.europesays.com\/fr\/wp-json\/wp\/v2\/posts\/520523\/revisions"}],"wp:featuredmedia":[{"embeddable":true,"href":"https:\/\/www.europesays.com\/fr\/wp-json\/wp\/v2\/media\/520524"}],"wp:attachment":[{"href":"https:\/\/www.europesays.com\/fr\/wp-json\/wp\/v2\/media?parent=520523"}],"wp:term":[{"taxonomy":"category","embeddable":true,"href":"https:\/\/www.europesays.com\/fr\/wp-json\/wp\/v2\/categories?post=520523"},{"taxonomy":"post_tag","embeddable":true,"href":"https:\/\/www.europesays.com\/fr\/wp-json\/wp\/v2\/tags?post=520523"}],"curies":[{"name":"wp","href":"https:\/\/api.w.org\/{rel}","templated":true}]}}