{"id":520527,"date":"2025-11-08T12:33:10","date_gmt":"2025-11-08T12:33:10","guid":{"rendered":"https:\/\/www.europesays.com\/fr\/520527\/"},"modified":"2025-11-08T12:33:10","modified_gmt":"2025-11-08T12:33:10","slug":"avec-les-reseaux-sociaux-cest-plus-facile-de-se-faire-remarquer","status":"publish","type":"post","link":"https:\/\/www.europesays.com\/fr\/520527\/","title":{"rendered":"\u201cAvec les r\u00e9seaux sociaux, c\u2019est plus facile de se faire remarquer\u201d"},"content":{"rendered":"<p itemprop=\"description\"><strong>Propuls\u00e9e star d\u00e8s son plus jeune \u00e2ge, Lorie rappelle que ce parcours \u00e9tait exceptionnel\u2026 bien diff\u00e9rent de la c\u00e9l\u00e9brit\u00e9 \u201cinstantan\u00e9e\u201d offerte par les r\u00e9seaux sociaux aujourd\u2019hui.<\/strong><\/p>\n<p data-start=\"262\" data-end=\"783\">Quand on pense \u00e0 <strong data-start=\"279\" data-end=\"288\">Lorie<\/strong> aujourd&rsquo;hui, on ne peut pas nier qu&rsquo;elle a marqu\u00e9 de son empreinte la <strong data-start=\"359\" data-end=\"380\">chanson fran\u00e7aise<\/strong>. <a href=\"https:\/\/mradio.fr\/news\/coulisses\/55488\/lorie-sa-reaction-tres-drole-devant-sa-toute-premiere-apparition-a-la-television\" target=\"_blank\" rel=\"noopener\">Connue tr\u00e8s t\u00f4t \u00e0 l&rsquo;\u00e2ge de <strong data-start=\"409\" data-end=\"419\">19 ans<\/strong><\/a>, elle a v\u00e9cu une carri\u00e8re <strong data-start=\"446\" data-end=\"464\">multicasquette<\/strong>, <a href=\"https:\/\/mradio.fr\/news\/musique\/55307\/lorie-prepare-son-grand-retour-sur-scene-j-ai-repris-les-cours-de-chant-a-fond\" target=\"_blank\" rel=\"noopener\">alternant la <strong data-start=\"479\" data-end=\"490\">musique<\/strong><\/a>, la <strong data-start=\"495\" data-end=\"506\">com\u00e9die<\/strong> <a href=\"https:\/\/mradio.fr\/news\/musique\/54509\/lorie-son-tout-nouveau-projet-derriere-les-cameras\" target=\"_blank\" rel=\"noopener\">et m\u00eame la r\u00e9alisation.<\/a> La chanteuse, aujourd&rsquo;hui <strong data-start=\"557\" data-end=\"566\">maman<\/strong>, \u00e9tait l&rsquo;invit\u00e9e de <strong data-start=\"587\" data-end=\"611\">Christophe Beaugrand<\/strong> sur <strong data-start=\"616\" data-end=\"627\">M Radio<\/strong> pour revenir sur sa longue carri\u00e8re, son <strong data-start=\"669\" data-end=\"697\">retour sur sc\u00e8ne en 2025<\/strong>, ses <strong data-start=\"703\" data-end=\"716\">r\u00e9ussites<\/strong> et ses <strong data-start=\"724\" data-end=\"734\">\u00e9checs<\/strong>. L&rsquo;artiste de <strong data-start=\"749\" data-end=\"759\">43 ans<\/strong> avait beaucoup \u00e0 dire !<\/p>\n<p data-start=\"785\" data-end=\"1026\">Tout d&rsquo;abord, <strong data-start=\"799\" data-end=\"815\">Lorie Pester<\/strong> est revenue sur ses d\u00e9buts \u00e0 seulement <strong data-start=\"855\" data-end=\"865\">18 ans<\/strong> et a \u00e9voqu\u00e9 son tout premier titre \u00ab\u00a0<strong data-start=\"902\" data-end=\"917\">Pr\u00e8s de moi<\/strong>\u00ab\u00a0. Un morceau que le <strong data-start=\"938\" data-end=\"947\">label<\/strong> ne croyait pas \u00e0 ses d\u00e9buts avant de constater son succ\u00e8s sur <strong data-start=\"1010\" data-end=\"1022\">internet<\/strong> :<\/p>\n<p data-start=\"1028\" data-end=\"1411\">\u00ab\u00a0Ils disaient, \u2018ouai bon elle est sympa la chanson mais bon la petite Lorie qui a jamais rien fait bon\u2019. C\u2019\u00e9tait pas non cat\u00e9gorique mais c\u2019\u00e9tait pas oui non plus, c\u2019\u00e9tait \u2018on sait pas\u2019. On avait mis la chanson sur un site internet, en 2 mois on a eu 15 000 \u00e9coutes, ce qui \u00e9tait \u00e9norme \u00e0 l\u2019\u00e9poque, tout le monde avait pas d\u2019ordinateur chez soi, tout le monde avait pas internet.<\/p>\n<p data-start=\"1413\" data-end=\"1764\">En fait mon single devait sortir en avril et y a eu des probl\u00e8mes de fabrication et l\u00e0 Sony m\u2019appelle et me disent \u2018Ton single va falloir qu\u2019on le retarde un peu\u2019 du coup j\u2019\u00e9tais d\u00e9\u00e7ue et on m\u2019a dit \u2018\u00e7a va sortir le 2 mai\u2019. Et l\u00e0 c\u2019\u00e9tait g\u00e9nial, c\u2019\u00e9tait le jour de mon <strong data-start=\"1683\" data-end=\"1699\">anniversaire<\/strong>, le jour de mes 19 ans et je me suis dit que c\u2019\u00e9tait un signe.\u00a0\u00bb<\/p>\n<p data-start=\"1766\" data-end=\"1880\">C&rsquo;est \u00e0 partir de l\u00e0 que tout est all\u00e9 tr\u00e8s vite pour <strong data-start=\"1820\" data-end=\"1829\">Lorie<\/strong>, avec une quantit\u00e9 de travail tr\u00e8s <strong data-start=\"1865\" data-end=\"1876\">intense<\/strong> :<\/p>\n<p data-start=\"1882\" data-end=\"2138\">\u00ab\u00a0Y\u2019avait les <strong data-start=\"1896\" data-end=\"1913\">chor\u00e9graphies<\/strong>, les <strong data-start=\"1919\" data-end=\"1941\">tournages de clips<\/strong>, les <strong data-start=\"1947\" data-end=\"1965\">s\u00e9ances photos<\/strong>, le <strong data-start=\"1970\" data-end=\"1978\">look<\/strong>, les journ\u00e9es de <strong data-start=\"1996\" data-end=\"2005\">promo<\/strong> qui \u00e9taient dingues aussi\u2026 C\u2019\u00e9tait du <strong data-start=\"2044\" data-end=\"2054\">boulot<\/strong>, mais en m\u00eame temps quand t\u2019aimes ce que tu fais t\u2019as pas l\u2019impression de bosser.\u00a0\u00bb<\/p>\n<p data-start=\"2140\" data-end=\"2252\">Tout cela se poursuit avec son <strong data-start=\"2171\" data-end=\"2188\">second single<\/strong>, \u00ab\u00a0<strong data-start=\"2191\" data-end=\"2201\">Latino<\/strong>\u00ab\u00a0, un titre qui a failli ne jamais voir le jour :<\/p>\n<p data-start=\"2254\" data-end=\"2899\">\u00ab\u00a0Et Latino en fait a failli ne pas exister. Elle \u00e9tait pas sur l\u2019album. En fait on \u00e9tait en pleine <strong data-start=\"2354\" data-end=\"2385\">r\u00e9union strat\u00e9gie marketing<\/strong> avec Sony et moi j\u2019aimais \u00eatre \u00e0 toutes ses r\u00e9unions l\u00e0 m\u00eame si d\u2019habitude les autres artistes le font pas forc\u00e9ment mais moi j\u2019adorais \u00e7a. Et on faisait un tour de table et arrive mon tour \u00e0 la fin et j\u2019ai dit \u2018\u00e7a va bient\u00f4t \u00eatre l\u2019\u00e9t\u00e9, je veux un titre genre <strong data-start=\"2647\" data-end=\"2657\">latino<\/strong> parce que j\u2019ai envie de me la p\u00e9ter comme J.Lo\u2019. Et l\u00e0 ils m\u2019ont regard\u00e9 en mode mais qu\u2019est ce qu\u2019elle nous sort encore. Et mon <strong data-start=\"2787\" data-end=\"2801\">producteur<\/strong> a dit \u2018mais trop bonne id\u00e9e g\u00e9nial\u2019. Juste apr\u00e8s on est all\u00e9 en <strong data-start=\"2866\" data-end=\"2876\">studio<\/strong> et on a fait Latino.\u00a0\u00bb<\/p>\n<p data-start=\"2901\" data-end=\"2996\">Malgr\u00e9 son jeune \u00e2ge, <strong data-start=\"2923\" data-end=\"2932\">Lorie<\/strong> ne se laissait pas faire face aux <strong data-start=\"2967\" data-end=\"2992\">g\u00e9ants de l\u2019industrie<\/strong> :<\/p>\n<p data-start=\"2998\" data-end=\"3443\">\u00ab\u00a0C\u2019est tr\u00e8s compliqu\u00e9, ce qui est bien c\u2019est qu\u2019aujourd\u2019hui y a de plus en plus d\u2019<strong data-start=\"3081\" data-end=\"3106\">artistes ind\u00e9pendants<\/strong>, des gens qui imposent davantage. Mais c\u2019est vrai que quand moi je suis arriv\u00e9e c\u2019\u00e9tait la fin des <strong data-start=\"3206\" data-end=\"3219\">Boys Band<\/strong>, produits <strong data-start=\"3230\" data-end=\"3243\">marketing<\/strong> tout \u00e7a et moi quand je suis arriv\u00e9e on m\u2019a vite catalogu\u00e9e \u2018ok donc tu vas te mettre l\u00e0 et tu vas chanter \u00e7a\u2019. J\u2019ai dit \u2018alors non les gars je crois que vous avez pas compris, \u00e7a va pas le faire\u2019.\u00a0\u00bb<\/p>\n<p data-start=\"3445\" data-end=\"3646\">Enfin, elle a conclu l&rsquo;interview en \u00e9voquant la <strong data-start=\"3493\" data-end=\"3516\">g\u00e9n\u00e9ration actuelle<\/strong>, affirmant qu&rsquo;aujourd&rsquo;hui il est plus simple pour les jeunes artistes de se faire <strong data-start=\"3599\" data-end=\"3612\">remarquer<\/strong> gr\u00e2ce aux <strong data-start=\"3623\" data-end=\"3642\">r\u00e9seaux sociaux<\/strong> :<\/p>\n<p data-start=\"3648\" data-end=\"4073\">\u00ab\u00a0Aujourd\u2019hui je trouve que c\u2019est peut-\u00eatre beaucoup plus facile avec les <strong data-start=\"3722\" data-end=\"3741\">r\u00e9seaux sociaux<\/strong>, <strong data-start=\"3743\" data-end=\"3755\">internet<\/strong>. Avant fallait vraiment aller taper aux portes des <strong data-start=\"3807\" data-end=\"3829\">maisons de disques<\/strong>, peut-\u00eatre conna\u00eetre des gens parce que les portes \u00e9taient assez <strong data-start=\"3895\" data-end=\"3906\">ferm\u00e9es<\/strong>. On peut se faire ses petits <strong data-start=\"3936\" data-end=\"3958\">clips faits maison<\/strong>. Aujourd\u2019hui avec <strong data-start=\"3977\" data-end=\"3989\">internet<\/strong> et les <strong data-start=\"3997\" data-end=\"4016\">r\u00e9seaux sociaux<\/strong>, c\u2019est beaucoup plus facile de se faire <strong data-start=\"4057\" data-end=\"4070\">remarquer<\/strong>.\u00a0\u00bb<\/p>\n","protected":false},"excerpt":{"rendered":"Propuls\u00e9e star d\u00e8s son plus jeune \u00e2ge, Lorie rappelle que ce parcours \u00e9tait exceptionnel\u2026 bien diff\u00e9rent de la&hellip;\n","protected":false},"author":2,"featured_media":520528,"comment_status":"","ping_status":"","sticky":false,"template":"","format":"standard","meta":{"footnotes":""},"categories":[1359],"tags":[11,3723,2937,1695,1697,58,59,1011,26,27,3722,3724,626,973,3725,1825],"class_list":{"0":"post-520527","1":"post","2":"type-post","3":"status-publish","4":"format-standard","5":"has-post-thumbnail","7":"category-people","8":"tag-actualites","9":"tag-actus","10":"tag-artistes","11":"tag-chanson","12":"tag-concert","13":"tag-divertissement","14":"tag-entertainment","15":"tag-fr","16":"tag-francaise","17":"tag-france","18":"tag-mradio","19":"tag-musicale","20":"tag-paris","21":"tag-people","22":"tag-podcast","23":"tag-radio"},"share_on_mastodon":{"url":"https:\/\/pubeurope.com\/@fr\/115514101275539154","error":""},"_links":{"self":[{"href":"https:\/\/www.europesays.com\/fr\/wp-json\/wp\/v2\/posts\/520527","targetHints":{"allow":["GET"]}}],"collection":[{"href":"https:\/\/www.europesays.com\/fr\/wp-json\/wp\/v2\/posts"}],"about":[{"href":"https:\/\/www.europesays.com\/fr\/wp-json\/wp\/v2\/types\/post"}],"author":[{"embeddable":true,"href":"https:\/\/www.europesays.com\/fr\/wp-json\/wp\/v2\/users\/2"}],"replies":[{"embeddable":true,"href":"https:\/\/www.europesays.com\/fr\/wp-json\/wp\/v2\/comments?post=520527"}],"version-history":[{"count":0,"href":"https:\/\/www.europesays.com\/fr\/wp-json\/wp\/v2\/posts\/520527\/revisions"}],"wp:featuredmedia":[{"embeddable":true,"href":"https:\/\/www.europesays.com\/fr\/wp-json\/wp\/v2\/media\/520528"}],"wp:attachment":[{"href":"https:\/\/www.europesays.com\/fr\/wp-json\/wp\/v2\/media?parent=520527"}],"wp:term":[{"taxonomy":"category","embeddable":true,"href":"https:\/\/www.europesays.com\/fr\/wp-json\/wp\/v2\/categories?post=520527"},{"taxonomy":"post_tag","embeddable":true,"href":"https:\/\/www.europesays.com\/fr\/wp-json\/wp\/v2\/tags?post=520527"}],"curies":[{"name":"wp","href":"https:\/\/api.w.org\/{rel}","templated":true}]}}