{"id":520535,"date":"2025-11-08T12:38:12","date_gmt":"2025-11-08T12:38:12","guid":{"rendered":"https:\/\/www.europesays.com\/fr\/520535\/"},"modified":"2025-11-08T12:38:12","modified_gmt":"2025-11-08T12:38:12","slug":"les-banquets-geants-du-canon-francais-la-promesse-dun-entre-soi-rassurant-avec-le-divertissement-en-prime","status":"publish","type":"post","link":"https:\/\/www.europesays.com\/fr\/520535\/","title":{"rendered":"Les banquets g\u00e9ants du Canon fran\u00e7ais, \u00ab\u00a0la promesse d\u2019un entre-soi rassurant, avec le divertissement en prime\u00a0\u00bb"},"content":{"rendered":"<p>                     <img loading=\"lazy\" decoding=\"async\" src=\"https:\/\/www.europesays.com\/fr\/wp-content\/uploads\/2025\/11\/87a5067_upload-1-tnsalrhhaik4-le-monde-quignon-canon-021.jpg\" alt=\"Au banquet du Canon Fran\u00e7ais, au ch\u00e2teau de Blossac, \u00e0 Goven (Ille-et-Vilaine), le 7\u00a0novembre\u00a02025\"   width=\"664\" height=\"443\"\/>    Au banquet du Canon Fran\u00e7ais, au ch\u00e2teau de Blossac, \u00e0 Goven (Ille-et-Vilaine), le 7\u00a0novembre\u00a02025  LOUISE QUIGNON POUR \u00ab\u00a0LE MONDE\u00a0\u00bb                 <\/p>\n<p class=\"article__paragraph  \">Malgr\u00e9 un tarif d\u2019entr\u00e9e \u00e0 80\u00a0euros, les grands banquets organis\u00e9s par Le Canon fran\u00e7ais ne d\u00e9semplissent pas. Pour le\u00a0sociologue et auteur de l\u2019ouvrage Ceux qui restent (La D\u00e9couverte, 2019) Beno\u00eet Coquard, ces \u00e9v\u00e9nements s\u2019inscrivent dans \u00ab\u00a0une dynamique de r\u00e9appropriation des produits culturels populaires\u00a0\u00bb.<\/p>\n<p>                Des places qui s\u2019arrachent, 1\u00a0500 participants en moyenne par banquet\u2026 Qu\u2019est-ce que le succ\u00e8s des banquets du Canon fran\u00e7ais vous para\u00eet-il traduire\u00a0?           <\/p>\n<p class=\"article__paragraph  \">Les banquets g\u00e9ants s\u2019inscrivent dans une \u00e9poque o\u00f9 les f\u00eates rurales connaissent un regain d\u2019int\u00e9r\u00eat symbolique, tout en restant objectivement rares, compliqu\u00e9es \u00e0 organiser par manque de b\u00e9n\u00e9voles et moins bien publicis\u00e9es que ces gros \u00e9v\u00e9nements lucratifs.<\/p>\n<p class=\"article__paragraph  \">Le produit r\u00e9pond donc \u00e0 une attente, en particulier pour de jeunes adultes, plus encore chez les ruraux. Un ingr\u00e9dient du succ\u00e8s, c\u2019est, \u00e0 mon sens, la promotion s\u00e9lective d\u2019un pass\u00e9 et de traditions qui parlent \u00e0 des jeunes nostalgiques d\u2019\u00e9poques qu\u2019ils et elles n\u2019ont pas directement connues, sauf \u00e0 travers des r\u00e9cits ou go\u00fbts musicaux de leurs parents.<\/p>\n<p class=\"reading-mode-only \"><strong>Il vous reste 71.89% de cet article \u00e0 lire. La suite est r\u00e9serv\u00e9e aux abonn\u00e9s.<\/strong><\/p>\n","protected":false},"excerpt":{"rendered":"Au banquet du Canon Fran\u00e7ais, au ch\u00e2teau de Blossac, \u00e0 Goven (Ille-et-Vilaine), le 7\u00a0novembre\u00a02025 LOUISE QUIGNON POUR \u00ab\u00a0LE&hellip;\n","protected":false},"author":2,"featured_media":520536,"comment_status":"","ping_status":"","sticky":false,"template":"","format":"standard","meta":{"footnotes":""},"categories":[1354],"tags":[58,59,1346,1011,27,1360],"class_list":{"0":"post-520535","1":"post","2":"type-post","3":"status-publish","4":"format-standard","5":"has-post-thumbnail","7":"category-films","8":"tag-divertissement","9":"tag-entertainment","10":"tag-films","11":"tag-fr","12":"tag-france","13":"tag-movies"},"share_on_mastodon":{"url":"https:\/\/pubeurope.com\/@fr\/115514121478168861","error":""},"_links":{"self":[{"href":"https:\/\/www.europesays.com\/fr\/wp-json\/wp\/v2\/posts\/520535","targetHints":{"allow":["GET"]}}],"collection":[{"href":"https:\/\/www.europesays.com\/fr\/wp-json\/wp\/v2\/posts"}],"about":[{"href":"https:\/\/www.europesays.com\/fr\/wp-json\/wp\/v2\/types\/post"}],"author":[{"embeddable":true,"href":"https:\/\/www.europesays.com\/fr\/wp-json\/wp\/v2\/users\/2"}],"replies":[{"embeddable":true,"href":"https:\/\/www.europesays.com\/fr\/wp-json\/wp\/v2\/comments?post=520535"}],"version-history":[{"count":0,"href":"https:\/\/www.europesays.com\/fr\/wp-json\/wp\/v2\/posts\/520535\/revisions"}],"wp:featuredmedia":[{"embeddable":true,"href":"https:\/\/www.europesays.com\/fr\/wp-json\/wp\/v2\/media\/520536"}],"wp:attachment":[{"href":"https:\/\/www.europesays.com\/fr\/wp-json\/wp\/v2\/media?parent=520535"}],"wp:term":[{"taxonomy":"category","embeddable":true,"href":"https:\/\/www.europesays.com\/fr\/wp-json\/wp\/v2\/categories?post=520535"},{"taxonomy":"post_tag","embeddable":true,"href":"https:\/\/www.europesays.com\/fr\/wp-json\/wp\/v2\/tags?post=520535"}],"curies":[{"name":"wp","href":"https:\/\/api.w.org\/{rel}","templated":true}]}}