{"id":520539,"date":"2025-11-08T12:40:13","date_gmt":"2025-11-08T12:40:13","guid":{"rendered":"https:\/\/www.europesays.com\/fr\/520539\/"},"modified":"2025-11-08T12:40:13","modified_gmt":"2025-11-08T12:40:13","slug":"booba-se-mele-au-clash-entre-orelsan-et-mbappe-et-sen-prend-une-fois-de-plus-au-footballeur","status":"publish","type":"post","link":"https:\/\/www.europesays.com\/fr\/520539\/","title":{"rendered":"Booba se m\u00eale au clash entre Orelsan et Mbapp\u00e9 (et s\u2019en prend une fois de plus au footballeur)"},"content":{"rendered":"<p>        <img decoding=\"async\" loading=\"lazy\" src=\"https:\/\/www.europesays.com\/fr\/wp-content\/uploads\/2025\/11\/8e8c061_1701288950320-000-jx8ro.jpg\"  width=\"728\" height=\"410\" alt=\"Booba se m\u00eale au clash entre Orelsan et Mbapp\u00e9 (et s\u2019en prend une fois de plus au footballeur). (image d\u2019illustration)\"\/>  <\/p>\n<p>GABRIEL BOUYS \/ AFP<\/p>\n<p>Booba se m\u00eale au clash entre Orelsan et Mbapp\u00e9 (et s\u2019en prend une fois de plus au footballeur). (image d\u2019illustration)<\/p>\n<p>      <strong>EN BREF<\/strong> <strong>\u2022 <\/strong>Kylian Mbapp\u00e9 a vivement r\u00e9pliqu\u00e9 au titre d\u2019Orelsan, \u00ab\u00a0La Petite Voix\u00a0\u00bb, dans lequel le rapeur met en sc\u00e8ne un personnage qui le critique.<br \/><strong>\u2022 <\/strong>Booba s\u2019immisce dans ces bisbilles, et soutien Orelsan.<br \/><strong>\u2022 <\/strong>Une habitude pour Booba, coutumier des clashs sur les r\u00e9seaux sociaux et souvent critique \u00e0 l\u2019\u00e9gard de Kylian Mbapp\u00e9.                         <\/p>\n<p class=\"asset asset-text\">FOOTBALL &#8211; Il a remis une pi\u00e8ce (inattendue) dans la machine. Le rappeur Booba est venu ajouter son grain de sel dans le <a href=\"https:\/\/www.huffingtonpost.fr\/culture\/article\/mbappe-repond-au-tacle-d-orelsan-sur-son-album-la-fuite-en-avant-par-une-violente-balayette_256915.html\" rel=\"nofollow noopener\" target=\"_blank\">clash, d\u00e9j\u00e0 tr\u00e8s m\u00e9diatis\u00e9<\/a>, entre <a href=\"https:\/\/www.huffingtonpost.fr\/culture\/article\/mbappe-repond-au-tacle-d-orelsan-sur-son-album-la-fuite-en-avant-par-une-violente-balayette_256915.html\" rel=\"nofollow noopener\" target=\"_blank\">Orelsan<\/a> et Kylian Mbapp\u00e9. Le vendredi 7\u00a0novembre, ce dernier a vivement r\u00e9pondu au chanteur de Basique qui l\u2019a tacl\u00e9 dans un des titres de son dernier album, La Fuite en avant. Cette r\u00e9plique du joueur du Real Madrid a beaucoup fait r\u00e9agir sur les r\u00e9seaux sociaux\u2026 au point que Booba s\u2019en est m\u00eal\u00e9.<\/p>\n<p class=\"asset asset-text\">Tout est parti d\u2019un morceau d\u2019Orelsan sorti r\u00e9cemment, La Petite Voix, o\u00f9 il imagine une voix int\u00e9rieure parasitant son cerveau avec des propos n\u00e9gatifs et anxiog\u00e8nes. L\u2019artiste normand y balance une punchline bien sentie envers le clan <a href=\"https:\/\/www.huffingtonpost.fr\/sport\/article\/face-au-paris-saint-germain-ethan-mbappe-egalise-pour-le-losc-et-fait-exulter-son-frere-kylian_255639.html\" rel=\"nofollow noopener\" target=\"_blank\">Mbapp\u00e9<\/a> qui a pris la t\u00eate du Stade Malherbe Caen \u2013 son club de c\u0153ur dont les r\u00e9sultats sportifs et financiers sont tr\u00e8s loin d\u2019\u00eatre au beau fixe.<\/p>\n<p class=\"asset asset-text\">\u00ab\u00a0Et fais pas semblant d\u2019aimer ta ville, elle est claqu\u00e9e\u00a0\u00bb, l\u00e2che Orelsan avant d\u2019ajouter\u00a0: \u00ab\u00a0Ouais, tu vas faire couler ta ville comme les Mbapp\u00e9\u00a0\u00bb. Sans surprise, ces propos n\u2019ont pas du tout plus au footballeur, qui s\u2019est fendu d\u2019un message incendiaire publi\u00e9 vendredi sur X et <strong>que vous pouvez voir ci-dessous<\/strong>. \u00ab\u00a0T\u2019es le bienvenu pour \u201csauver\u201d la ville que tu aimes tant\u00a0\u00bb, a-t-il \u00e9crit avant d\u2019ajouter un post-scriptum plus que sal\u00e9.<\/p>\n<p> La lecture de ce contenu est susceptible d\u2019entra\u00eener un d\u00e9p\u00f4t de cookies de la part de l\u2019op\u00e9rateur tiers qui l\u2019h\u00e9berge. Compte-tenu des choix que vous avez exprim\u00e9s en mati\u00e8re de d\u00e9p\u00f4t de cookies, nous avons bloqu\u00e9 l\u2019affichage de ce contenu. Si vous souhaitez y acc\u00e9der, vous devez accepter la cat\u00e9gorie de cookies \u201cContenus tiers\u201d en cliquant sur le bouton ci-dessous. <\/p>\n<p> Lire la Vid\u00e9o        <\/p>\n<p class=\"asset asset-text\">\u00ab\u00a0Le mec a fait que nous supplier pour entrer avec 1\u00a0% sans payer parce qu\u2019il a pas un rond mais pour avoir la bonne image du petit gars de Normandie (sic)\u00a0\u00bb, cingle le joueur du Real Madrid, dont le message cumule plus de 25\u00a0millions de vues. De fait, plusieurs articles dont l\u2019un publi\u00e9 par <a href=\"https:\/\/www.ouest-france.fr\/sport\/football\/kylian-mbappe\/interet-du-clan-mbappe-et-dorelsan-pour-le-rachat-du-sm-caen-info-ou-intox-4abd6716-4021-11ef-b308-87d59cb0f918\" target=\"_blank\" rel=\"noopener nofollow\" title=\"Nouvelle fen\u00eatre\">Ouest-France<\/a> indiquait en juillet\u00a02024\u00a0qu\u2019Orelsan \u00e9tait pressenti pour investir \u00ab\u00a0\u00e0 un bien moindre niveau\u00a0\u00bb que Kylian Mbapp\u00e9 dans le club normand.<\/p>\n<p>    \u00ab\u00a0Bravo\u00a0\u00bb \u00e0 Orelsan qui \u00ab\u00a0dit les termes\u00a0\u00bb    <\/p>\n<p class=\"asset asset-text\">C\u2019est cette r\u00e9ponse du footballeur qui a fini par faire r\u00e9agir <a href=\"https:\/\/www.huffingtonpost.fr\/faits-divers\/article\/le-rappeur-booba-place-en-garde-a-vue-apres-une-plainte-pour-harcelement-de-gims_256066.html\" rel=\"nofollow noopener\" target=\"_blank\">Booba<\/a>. Le \u00ab\u00a0Duc de Boulogne\u00a0\u00bb a r\u00e9pondu sur X au message d\u2019un internaute qui affirmait qu\u2019avec son morceau, \u00ab\u00a0Orelsan [a] r\u00e9ussi ce que Booba a essay\u00e9 mille fois sans succ\u00e8s, tacler Mbapp\u00e9 et r\u00e9ussir \u00e0 le faire r\u00e9agir pour qu\u2019il contribue malgr\u00e9 lui \u00e0 la promo de son album\u00a0\u00bb. \u00ab\u00a0Analyse incroyable bravo\u00a0\u00bb, a reconnu le rappeur avant d\u2019ajouter\u00a0: \u00ab\u00a0Il est pas fauch\u00e9 le Orelsan et il a dit les termes\u00a0!\u00a0!\u00a0!\u00a0\u00bb<\/p>\n<p> La lecture de ce contenu est susceptible d\u2019entra\u00eener un d\u00e9p\u00f4t de cookies de la part de l\u2019op\u00e9rateur tiers qui l\u2019h\u00e9berge. Compte-tenu des choix que vous avez exprim\u00e9s en mati\u00e8re de d\u00e9p\u00f4t de cookies, nous avons bloqu\u00e9 l\u2019affichage de ce contenu. Si vous souhaitez y acc\u00e9der, vous devez accepter la cat\u00e9gorie de cookies \u201cContenus tiers\u201d en cliquant sur le bouton ci-dessous. <\/p>\n<p> Lire la Vid\u00e9o        <\/p>\n<p class=\"asset asset-text\">Dans un autre message publi\u00e9 t\u00f4t ce samedi, Booba adresse son \u00ab\u00a0bravo\u00a0\u00bb au \u00ab\u00a0strat\u00e8ge\u00a0\u00bb Orelsan et se moque de Kylian Mbapp\u00e9\u00a0: \u00ab\u00a0Pas fut fut le Madril\u00e8nois (sic)\u00a0\u00bb. Cette intervention de l\u2019interpr\u00e8te de Valid\u00e9 n\u2019est pas si surprenante\u00a0: il est un adepte des clashs sur les r\u00e9seaux sociaux \u2013 y compris quand ils ne le concernent pas au d\u00e9part \u2013 et semble avoir une dent contre le joueur du Real Madrid.<\/p>\n<p> La lecture de ce contenu est susceptible d\u2019entra\u00eener un d\u00e9p\u00f4t de cookies de la part de l\u2019op\u00e9rateur tiers qui l\u2019h\u00e9berge. Compte-tenu des choix que vous avez exprim\u00e9s en mati\u00e8re de d\u00e9p\u00f4t de cookies, nous avons bloqu\u00e9 l\u2019affichage de ce contenu. Si vous souhaitez y acc\u00e9der, vous devez accepter la cat\u00e9gorie de cookies \u201cContenus tiers\u201d en cliquant sur le bouton ci-dessous. <\/p>\n<p> Lire la Vid\u00e9o        <\/p>\n<p class=\"asset asset-text\">Comme le rapportait L\u2019\u00c9quipe en juin dernier, Booba avait menac\u00e9 Kylian Mbapp\u00e9 dans un message \u00e9trange sur X, lui reprochant d\u2019avoir d\u00e9pos\u00e9 plainte contre le PSG. \u00ab\u00a0Si tu ne laisses pas Nasser [al-Khela\u00effi, pr\u00e9sident directeur du club, ndlr.] tranquille, je vais lui dire ce que tu fais \u00e0 Palm Beach, avec qui et pourquoi tu as chop\u00e9 une gastro (sic)\u00a0\u00bb, avait-il \u00e9crit. \u00ab\u00a0Joue au foot, marque des buts et vends des maillots, poursuivait le rappeur, tu vas pas nous p\u00e9ter les couilles longtemps Kyky.\u00a0\u00bb<\/p>\n","protected":false},"excerpt":{"rendered":"GABRIEL BOUYS \/ AFP Booba se m\u00eale au clash entre Orelsan et Mbapp\u00e9 (et s\u2019en prend une fois&hellip;\n","protected":false},"author":2,"featured_media":520540,"comment_status":"","ping_status":"","sticky":false,"template":"","format":"standard","meta":{"footnotes":""},"categories":[9],"tags":[3646,12232,58,63,1011,27,6477,21953,973,60],"class_list":{"0":"post-520539","1":"post","2":"type-post","3":"status-publish","4":"format-standard","5":"has-post-thumbnail","7":"category-sports","8":"tag-booba","9":"tag-clash","10":"tag-divertissement","11":"tag-football","12":"tag-fr","13":"tag-france","14":"tag-kylian-mbappe","15":"tag-orelsan","16":"tag-people","17":"tag-sports"},"share_on_mastodon":{"url":"https:\/\/pubeurope.com\/@fr\/115514128854339819","error":""},"_links":{"self":[{"href":"https:\/\/www.europesays.com\/fr\/wp-json\/wp\/v2\/posts\/520539","targetHints":{"allow":["GET"]}}],"collection":[{"href":"https:\/\/www.europesays.com\/fr\/wp-json\/wp\/v2\/posts"}],"about":[{"href":"https:\/\/www.europesays.com\/fr\/wp-json\/wp\/v2\/types\/post"}],"author":[{"embeddable":true,"href":"https:\/\/www.europesays.com\/fr\/wp-json\/wp\/v2\/users\/2"}],"replies":[{"embeddable":true,"href":"https:\/\/www.europesays.com\/fr\/wp-json\/wp\/v2\/comments?post=520539"}],"version-history":[{"count":0,"href":"https:\/\/www.europesays.com\/fr\/wp-json\/wp\/v2\/posts\/520539\/revisions"}],"wp:featuredmedia":[{"embeddable":true,"href":"https:\/\/www.europesays.com\/fr\/wp-json\/wp\/v2\/media\/520540"}],"wp:attachment":[{"href":"https:\/\/www.europesays.com\/fr\/wp-json\/wp\/v2\/media?parent=520539"}],"wp:term":[{"taxonomy":"category","embeddable":true,"href":"https:\/\/www.europesays.com\/fr\/wp-json\/wp\/v2\/categories?post=520539"},{"taxonomy":"post_tag","embeddable":true,"href":"https:\/\/www.europesays.com\/fr\/wp-json\/wp\/v2\/tags?post=520539"}],"curies":[{"name":"wp","href":"https:\/\/api.w.org\/{rel}","templated":true}]}}