{"id":520565,"date":"2025-11-08T12:56:13","date_gmt":"2025-11-08T12:56:13","guid":{"rendered":"https:\/\/www.europesays.com\/fr\/520565\/"},"modified":"2025-11-08T12:56:13","modified_gmt":"2025-11-08T12:56:13","slug":"cet-endroit-est-devenu-le-lieu-des-enfants-la-comedie-et-lesplanade-inaugurees","status":"publish","type":"post","link":"https:\/\/www.europesays.com\/fr\/520565\/","title":{"rendered":"\u00ab\u00a0cet endroit est devenu le lieu des enfants\u00a0\u00bb, la Com\u00e9die et l&rsquo;Esplanade inaugur\u00e9es"},"content":{"rendered":"<p>\nLa place de la Com\u00e9die et l&rsquo;Esplanade Charles de Gaulles transform\u00e9es ont \u00e9t\u00e9 inaugur\u00e9es ce samedi 7 novembre, avec \u00e9galement l&rsquo;ouverture du square forain.<\/p>\n<p>\n\u00a9 InfOccitanie \u2013 A.F \/ Les deux man\u00e8ges du square forain ont \u00e9t\u00e9 inaugur\u00e9s \u00e9galement.<\/p>\n<p><a data-no-instant=\"1\" href=\"https:\/\/nimes-metropole-entreprises.fr\/le-territoire-de-nimes-metropole\/un-reseau-economique-et-collaboratif\/digiweek-de-nimes-metropole\/\" rel=\"noopener nofollow\" class=\"a2t-link\" aria-label=\"461-image\" target=\"_blank\"><img decoding=\"async\" loading=\"lazy\" src=\"https:\/\/www.europesays.com\/fr\/wp-content\/uploads\/2025\/11\/1762508179_745_461-image.jpeg\" alt=\"\"   width=\"1220\" height=\"260\"\/><\/a><\/p>\n<p>\u00ab\u00a0Le grand chantier d\u2019embellissement de la Com\u00e9die et de l\u2019Esplanade s\u2019ach\u00e8ve enfin\u00a0\u00bb, s\u2019est r\u00e9jouit <strong>Micha\u00ebl Delafosse<\/strong>, maire de <a href=\"https:\/\/infoccitanie.fr\/tag\/montpellier\/\" rel=\"nofollow noopener\" target=\"_blank\"><strong>Montpellier<\/strong><\/a>, ce 7 novembre, \u00e0 quelques pas du square forain, inaugur\u00e9 \u00e9galement ce samedi. D\u00e9sormais enfants et familles peuvent profiter du man\u00e8ge de la Com\u00e9die, anciennement situ\u00e9 en face du magasin Monoprix, ainsi que d\u2019un nouveau man\u00e8ge \u00e0 chaises volantes. \u00ab\u00a0Cet endroit est devenu le lieu des enfants comme il est le lieu de tous\u00a0\u00bb, insiste le maire de <strong><a href=\"https:\/\/www.montpellier.fr\/\" target=\"_blank\" rel=\"nofollow noopener\">Montpellier<\/a><\/strong>, avant de proc\u00e9der au traditionnel coup\u00e9 de ruban, accompagn\u00e9 d\u2019\u00e9lus mais aussi d\u2019enfants montpelli\u00e9rains.<\/p>\n<p>Cette inauguration a \u00e9t\u00e9 \u00e9galement accompagn\u00e9e de fanfares et chorales ainsi que d\u2019autres animations \u00e0 destination des enfants. Les man\u00e8ges restent gratuits quelques heures apr\u00e8s l\u2019ouverture du square.<\/p>\n<blockquote class=\"twitter-tweet\" data-width=\"500\" data-dnt=\"true\">\n<p lang=\"fr\" dir=\"ltr\">La place de la Com\u00e9die et l\u2019Esplanade Charles de Gaulle transform\u00e9es ont \u00e9t\u00e9 inaugur\u00e9es ce samedi, comprenant \u00e9galement l\u2019ouverture du square forain. Les man\u00e8ges sont gratuits pendant quelques heures. <a href=\"https:\/\/t.co\/9PeDaJzMCg\" target=\"_blank\" rel=\"nofollow\">pic.twitter.com\/9PeDaJzMCg<\/a><\/p>\n<p>\u2014 InfOccitanie (@infoccitanie) <a href=\"https:\/\/twitter.com\/infoccitanie\/status\/1987114352277606862?ref_src=twsrc%5Etfw\" target=\"_blank\" rel=\"nofollow noopener\">November 8, 2025<\/a><\/p><\/blockquote>\n<p> <script async src=\"https:\/\/platform.twitter.com\/widgets.js\" charset=\"utf-8\"><\/script><\/p>\n","protected":false},"excerpt":{"rendered":"La place de la Com\u00e9die et l&rsquo;Esplanade Charles de Gaulles transform\u00e9es ont \u00e9t\u00e9 inaugur\u00e9es ce samedi 7 novembre,&hellip;\n","protected":false},"author":2,"featured_media":520566,"comment_status":"","ping_status":"","sticky":false,"template":"","format":"standard","meta":{"footnotes":""},"categories":[9599],"tags":[1111,11,1777,674,1011,27,2208,12,2680,45588,25],"class_list":{"0":"post-520565","1":"post","2":"type-post","3":"status-publish","4":"format-standard","5":"has-post-thumbnail","7":"category-montpellier","8":"tag-actu","9":"tag-actualites","10":"tag-eu","11":"tag-europe","12":"tag-fr","13":"tag-france","14":"tag-montpellier","15":"tag-news","16":"tag-occitanie","17":"tag-place-de-la-comedie","18":"tag-republique-francaise"},"share_on_mastodon":{"url":"https:\/\/pubeurope.com\/@fr\/115514192241008313","error":""},"_links":{"self":[{"href":"https:\/\/www.europesays.com\/fr\/wp-json\/wp\/v2\/posts\/520565","targetHints":{"allow":["GET"]}}],"collection":[{"href":"https:\/\/www.europesays.com\/fr\/wp-json\/wp\/v2\/posts"}],"about":[{"href":"https:\/\/www.europesays.com\/fr\/wp-json\/wp\/v2\/types\/post"}],"author":[{"embeddable":true,"href":"https:\/\/www.europesays.com\/fr\/wp-json\/wp\/v2\/users\/2"}],"replies":[{"embeddable":true,"href":"https:\/\/www.europesays.com\/fr\/wp-json\/wp\/v2\/comments?post=520565"}],"version-history":[{"count":0,"href":"https:\/\/www.europesays.com\/fr\/wp-json\/wp\/v2\/posts\/520565\/revisions"}],"wp:featuredmedia":[{"embeddable":true,"href":"https:\/\/www.europesays.com\/fr\/wp-json\/wp\/v2\/media\/520566"}],"wp:attachment":[{"href":"https:\/\/www.europesays.com\/fr\/wp-json\/wp\/v2\/media?parent=520565"}],"wp:term":[{"taxonomy":"category","embeddable":true,"href":"https:\/\/www.europesays.com\/fr\/wp-json\/wp\/v2\/categories?post=520565"},{"taxonomy":"post_tag","embeddable":true,"href":"https:\/\/www.europesays.com\/fr\/wp-json\/wp\/v2\/tags?post=520565"}],"curies":[{"name":"wp","href":"https:\/\/api.w.org\/{rel}","templated":true}]}}