{"id":520567,"date":"2025-11-08T12:58:38","date_gmt":"2025-11-08T12:58:38","guid":{"rendered":"https:\/\/www.europesays.com\/fr\/520567\/"},"modified":"2025-11-08T12:58:38","modified_gmt":"2025-11-08T12:58:38","slug":"revivez-la-large-victoire-de-la-berrichonne-a-quevilly","status":"publish","type":"post","link":"https:\/\/www.europesays.com\/fr\/520567\/","title":{"rendered":"revivez la large victoire de la Berrichonne \u00e0 Quevilly"},"content":{"rendered":"<p><strong>Quevilly-Rouen M\u00e9tropole\u00a0: 0<\/strong><br \/><strong>Berrichonne\u00a0: 3<\/strong><\/p>\n<p>Le direct<\/p>\n<p><strong>90e\u00a0+\u00a05\u00a0: <\/strong>C\u2019est fini \u00e0 Rouen sur ce net succ\u00e8s de la Berrichonne qui s\u2019est dessin\u00e9 rapidement apr\u00e8s la pause. Un succ\u00e8s qui lui permet de se relancer et de respirer un peu en prenant ses distances avec la zone rouge.<\/p>\n<p><strong>87e\u00a0: <\/strong>Alors que la Berri vogue tranquillement vers le succ\u00e8s, David Gomis fait sa toute premi\u00e8re apparition en suppl\u00e9ant un Issam Bouaoune qui aura \u00e0 nouveau \u00e9t\u00e9 le meilleur Castelroussin sur le terrain.<\/p>\n<p><strong>67e\u00a0: Buuuttttt <\/strong>de la Berrichonne qui prend sans doute un avantage d\u00e9finitif. Sur un corner c\u00f4t\u00e9 gauche jou\u00e9 \u00e0 deux, Goncalves centre pour la t\u00eate de Magassa, visiblement d\u00e9vi\u00e9e dans son propre but par Dede-L\u2019homme, le d\u00e9fenseur central de QRM. <strong>(0-3)<\/strong><\/p>\n<p><strong>53e\u00a0: Buttttt <\/strong>de la Berrichonne qui fait rapidement le break. Issam Bouaoune, encore lui, intercepte magnifiquement dans le rond central une perc\u00e9e d\u2019un Normand, le contre rapide atterrit dans les pieds de Zakouani qui fusille Bonnevie d\u2019un tir puissant sous la barre. <strong>(0-2)<\/strong><\/p>\n<p><strong>47e\u00a0: Buuutttt <\/strong>de la Berrichonne d\u00e8s la reprise. Sur un coup de pied arr\u00eat\u00e9, Magassa remet de la t\u00eate au deuxi\u00e8me poteau pour Bouaoune qui croise parfaitement sa reprise et ouvre le score. C\u2019est le premier but cette saison du jeune Tourangeau. <strong>(0-1)<\/strong><\/p>\n<p><strong>46e\u00a0: <\/strong>Le match reprend \u00e0 Rouen entre QRM et Ch\u00e2teauroux. Aucun changement des deux c\u00f4t\u00e9s.<\/p>\n<p><strong>45e +\u00a01\u00a0: <\/strong>C\u2019est la mi-temps au stade Robert-Diochon de Rouen, atteinte sur un score vierge et de parit\u00e9 entre deux formations qui ont du mal \u00e0 se montrer dangereuses.<\/p>\n<p><strong>34e\u00a0: <\/strong>Cette fois, c\u2019est Leborgne, au rebond d\u2019un centre repouss\u00e9 de Kapo Sylva, un ancien de la Berri, qui inqui\u00e8te Lavall\u00e9e. Dans la foul\u00e9e, Jad Koembo \u00e9carte une situation chaude devant Anani. La Berri faiblit et Quevilly se rebiffe.<\/p>\n<p><strong>30e\u00a0: <\/strong>Si la possession du ballon reste nettement \u00e0 l\u2019avantage des Castelroussins, ce sont bien les Normands les plus dangereux, \u00e0 l\u2019image de cette frappe enroul\u00e9e des 20\u00a0m de Diliwidi qui vient tutoyer la lucarne gauche de Lavall\u00e9e.<\/p>\n<p><strong>17e\u00a0: <\/strong>premi\u00e8re incursion dans la surface de QRM. Sur un coup franc, Anani se retrouve \u00e9trangement seul mais ne peut appuyer suffisamment sa t\u00eate pour surprendre Lavall\u00e9e.<\/p>\n<p><strong>10e\u00a0: <\/strong>La Berrichonne monopolise le ballon dans ce d\u00e9but de match face \u00e0 une formation de QRM qui ne se livre pas et attend les Castelroussins en bloc m\u00e9dian.<\/p>\n<p><strong>1re\u00a0<\/strong>: c\u2019est parti au stade Robert-Diochon entre Quevilly et la Berri.<\/p>\n<p>Avant-match<\/p>\n<p><strong>Une attaque new-look<\/strong>. Valentin Guichard l\u2019avait sugg\u00e9r\u00e9, il allait faire quelques changements dans son onze d\u00e9part. Il en a effectu\u00e9 plusieurs, en repla\u00e7ant Diarra en d\u00e9fense centrale, et en modifiant totalement sa ligne d\u2019attaque compos\u00e9e de Verdier et Zakouani sur les c\u00f4t\u00e9s et Ahmed dans l\u2019axe. En plus de Kelo (pas du voyage), Noc (suspendu), El Hriti, Piquionne et Jean ne sont pas retenus parmi les titulaires. Jean n\u2019est d\u2019ailleurs sur la feuille de match o\u00f9 Gomis fait une premi\u00e8re apparition<\/p>\n<p><strong>Berrichonne<\/strong>\u00a0: Lavall\u00e9e\u00a0&#8211; Koembo, Magassa, Diarra (cap), Goncalves\u00a0&#8211; Bouaoune, Demb\u00e9l\u00e9\u00a0&#8211; Trinker\u00a0&#8211; Zakouani, Ahmed, Verdier.<br \/>Rempla\u00e7ants\u00a0: El Hriti, Bena, Gomis, Freitas, Piquionne.<\/p>\n<p><strong>QRM\u00a0:<\/strong> Bonnevie\u00a0&#8211; Tre, Theresin, Dede L\u2019homme, Diallo\u00a0&#8211; Vandenbossche, Bouekou\u00a0&#8211; Leborgne\u00a0&#8211; Sylva, Anani, Diliwidi.<br \/>Rempla\u00e7ants\u00a0: Bouneb, Gaya, Moujetzky, Mounsesse, Samoura.<\/p>\n<p><strong>Ferveur<\/strong>. Si les deux clubs de football de la ville \u00e9voluent sur le m\u00eame terrain du stade Diochon (ainsi que le rugby en Nationale), l\u2019engouement populaire n\u2019a rien d\u2019\u00e9quivalent. L\u00e0 o\u00f9 le FC Rouen remplit les 8.500 places du stade, seulement 1.500 sont attendues pour venir voir QRM face \u00e0 la Berri.<\/p>\n<p><strong>Le groupe<\/strong>. Valentin Guichard a choisi un groupe de dix-huit joueurs pour le d\u00e9placement \u00e0 QRM. Exit Kelo, Tamba et Noc (suspendu), retours de Verdier, Bena et Freitas et arriv\u00e9e de Gomis. Deux de ces dix-huit joueurs ne figureront pas sur la feuille de match.<\/p>\n<p><strong>La 13e\u00a0journ\u00e9e.<\/strong> Avec un bon r\u00e9sultat ramen\u00e9 de QRM, la Berrichonne peut esp\u00e9rer r\u00e9aliser une bonne op\u00e9ration au classement en s\u2019\u00e9cartant encore plus nettement de la zone de rel\u00e9gation. Saint-Brieuc (\u00e0 Villefranche) et Bourg-en-Bresse (face \u00e0 Dijon) n\u2019auront pas la t\u00e2che simple.<\/p>\n<p><strong>Couteau dans la plaie<\/strong>. On appelle cela remuer le couteau dans la plaie. Les trois buts inscrits par Aubagne face \u00e0 la Berrichonne figurent tous dans le top\u00a05 de la 12e\u00a0journ\u00e9e. Il faut dire que les Proven\u00e7aux se sont montr\u00e9s particuli\u00e8rement inspir\u00e9s.<\/p>\n","protected":false},"excerpt":{"rendered":"Quevilly-Rouen M\u00e9tropole\u00a0: 0Berrichonne\u00a0: 3 Le direct 90e\u00a0+\u00a05\u00a0: C\u2019est fini \u00e0 Rouen sur ce net succ\u00e8s de la Berrichonne&hellip;\n","protected":false},"author":2,"featured_media":520568,"comment_status":"","ping_status":"","sticky":false,"template":"","format":"standard","meta":{"footnotes":""},"categories":[9587],"tags":[1392,1111,11,4351,1777,674,63,1011,27,5052,19881,19880,3238,12,5161,25,9590,60],"class_list":{"0":"post-520567","1":"post","2":"type-post","3":"status-publish","4":"format-standard","5":"has-post-thumbnail","7":"category-rouen","8":"tag-a-la-une-local","9":"tag-actu","10":"tag-actualites","11":"tag-chateauroux","12":"tag-eu","13":"tag-europe","14":"tag-football","15":"tag-fr","16":"tag-france","17":"tag-indre","18":"tag-la-berri-foot","19":"tag-la-berrichonne-football","20":"tag-national","21":"tag-news","22":"tag-normandie","23":"tag-republique-francaise","24":"tag-rouen","25":"tag-sports"},"share_on_mastodon":{"url":"https:\/\/pubeurope.com\/@fr\/115514199430727060","error":""},"_links":{"self":[{"href":"https:\/\/www.europesays.com\/fr\/wp-json\/wp\/v2\/posts\/520567","targetHints":{"allow":["GET"]}}],"collection":[{"href":"https:\/\/www.europesays.com\/fr\/wp-json\/wp\/v2\/posts"}],"about":[{"href":"https:\/\/www.europesays.com\/fr\/wp-json\/wp\/v2\/types\/post"}],"author":[{"embeddable":true,"href":"https:\/\/www.europesays.com\/fr\/wp-json\/wp\/v2\/users\/2"}],"replies":[{"embeddable":true,"href":"https:\/\/www.europesays.com\/fr\/wp-json\/wp\/v2\/comments?post=520567"}],"version-history":[{"count":0,"href":"https:\/\/www.europesays.com\/fr\/wp-json\/wp\/v2\/posts\/520567\/revisions"}],"wp:featuredmedia":[{"embeddable":true,"href":"https:\/\/www.europesays.com\/fr\/wp-json\/wp\/v2\/media\/520568"}],"wp:attachment":[{"href":"https:\/\/www.europesays.com\/fr\/wp-json\/wp\/v2\/media?parent=520567"}],"wp:term":[{"taxonomy":"category","embeddable":true,"href":"https:\/\/www.europesays.com\/fr\/wp-json\/wp\/v2\/categories?post=520567"},{"taxonomy":"post_tag","embeddable":true,"href":"https:\/\/www.europesays.com\/fr\/wp-json\/wp\/v2\/tags?post=520567"}],"curies":[{"name":"wp","href":"https:\/\/api.w.org\/{rel}","templated":true}]}}