{"id":520569,"date":"2025-11-08T13:01:19","date_gmt":"2025-11-08T13:01:19","guid":{"rendered":"https:\/\/www.europesays.com\/fr\/520569\/"},"modified":"2025-11-08T13:01:19","modified_gmt":"2025-11-08T13:01:19","slug":"des-proxenetes-juges-et-condamnes-lun-des-prevenus-senfuit-du-tribunal","status":"publish","type":"post","link":"https:\/\/www.europesays.com\/fr\/520569\/","title":{"rendered":"des prox\u00e9n\u00e8tes jug\u00e9s et condamn\u00e9s, l&rsquo;un des pr\u00e9venus s&rsquo;enfuit du tribunal"},"content":{"rendered":"<p itemprop=\"description\"><strong>Ce jeudi, le tribunal correctionnel de Grenoble se penchait sur le cas de trois jeunes individus, deux hommes et une femmes, poursuivis pour prox\u00e9n\u00e9tisme aggrav\u00e9.<\/strong><\/p>\n<p>Ils \u00e9taient soup\u00e7onn\u00e9s d&rsquo;avoir exploit\u00e9 une adolescente de 17 ans, orpheline et qui s&rsquo;\u00e9tait enfuie de son foyer \u00e0 Vizille. R\u00e9guli\u00e8rement frapp\u00e9e, elle \u00e9tait oblig\u00e9e de se prostituer sur un site d&rsquo;escort sous le nom de Jasmine.<\/p>\n<p>L&rsquo;enqu\u00eate a permis d&rsquo;estimer qu&rsquo;elle devait accueillir entre 20 et 30 clients par jour. Elle \u00e9tait v\u00e9hicul\u00e9e dans plusieurs villes comme Lyon, Nice ou Aix-les-Bains. Ses passes rapportaient quotidiennement \u00e0 ses souteneurs entre 1000 et 2000 euros.<\/p>\n<p>Le calvaire a dur\u00e9 plusieurs mois, entre novembre 2022 et f\u00e9vrier 2023.<\/p>\n<p>Les deux suspects principaux, \u00e2g\u00e9s de 22 et 24 ans, ont \u00e9cop\u00e9 de 4 et 6 ans de prison ferme. Quant \u00e0 la femme, demi-soeur de la victime qui lui louait des appartements tout en sachant qu&rsquo;elle se prostituait, elle a \u00e9t\u00e9 condamn\u00e9e \u00e0 18 mois de prison dont 12 avec sursis et effectuera sa peine sous bracelet \u00e9lectronique.<\/p>\n<p>Selon le Dauphin\u00e9 Lib\u00e9r\u00e9, le pr\u00e9venu qui a \u00e9cop\u00e9 des 6 ans de prison ferme a quitt\u00e9 le tribunal grenoblois pendant le d\u00e9lib\u00e9r\u00e9 et a pris la fuite. Un mandat d&rsquo;arr\u00eat a \u00e9t\u00e9 d\u00e9livr\u00e9 \u00e0 son encontre.<\/p>\n","protected":false},"excerpt":{"rendered":"Ce jeudi, le tribunal correctionnel de Grenoble se penchait sur le cas de trois jeunes individus, deux hommes&hellip;\n","protected":false},"author":2,"featured_media":520570,"comment_status":"","ping_status":"","sticky":false,"template":"","format":"standard","meta":{"footnotes":""},"categories":[9566],"tags":[1111,11,7733,8279,2430,7736,650,7734,2889,2263,1777,674,1011,27,2731,8280,6417,1114,108,4662,12,3725,1825,25,7737],"class_list":{"0":"post-520569","1":"post","2":"type-post","3":"status-publish","4":"format-standard","5":"has-post-thumbnail","7":"category-grenoble","8":"tag-actu","9":"tag-actualites","10":"tag-alpes","11":"tag-alpes1","12":"tag-auvergne-rhone-alpes","13":"tag-cds","14":"tag-cinema","15":"tag-ecoute","16":"tag-emission","17":"tag-equipe","18":"tag-eu","19":"tag-europe","20":"tag-fr","21":"tag-france","22":"tag-grenoble","23":"tag-haute","24":"tag-information","25":"tag-infos","26":"tag-isere","27":"tag-journal","28":"tag-news","29":"tag-podcast","30":"tag-radio","31":"tag-republique-francaise","32":"tag-winamp"},"share_on_mastodon":{"url":"https:\/\/pubeurope.com\/@fr\/115514211364998300","error":""},"_links":{"self":[{"href":"https:\/\/www.europesays.com\/fr\/wp-json\/wp\/v2\/posts\/520569","targetHints":{"allow":["GET"]}}],"collection":[{"href":"https:\/\/www.europesays.com\/fr\/wp-json\/wp\/v2\/posts"}],"about":[{"href":"https:\/\/www.europesays.com\/fr\/wp-json\/wp\/v2\/types\/post"}],"author":[{"embeddable":true,"href":"https:\/\/www.europesays.com\/fr\/wp-json\/wp\/v2\/users\/2"}],"replies":[{"embeddable":true,"href":"https:\/\/www.europesays.com\/fr\/wp-json\/wp\/v2\/comments?post=520569"}],"version-history":[{"count":0,"href":"https:\/\/www.europesays.com\/fr\/wp-json\/wp\/v2\/posts\/520569\/revisions"}],"wp:featuredmedia":[{"embeddable":true,"href":"https:\/\/www.europesays.com\/fr\/wp-json\/wp\/v2\/media\/520570"}],"wp:attachment":[{"href":"https:\/\/www.europesays.com\/fr\/wp-json\/wp\/v2\/media?parent=520569"}],"wp:term":[{"taxonomy":"category","embeddable":true,"href":"https:\/\/www.europesays.com\/fr\/wp-json\/wp\/v2\/categories?post=520569"},{"taxonomy":"post_tag","embeddable":true,"href":"https:\/\/www.europesays.com\/fr\/wp-json\/wp\/v2\/tags?post=520569"}],"curies":[{"name":"wp","href":"https:\/\/api.w.org\/{rel}","templated":true}]}}