{"id":520571,"date":"2025-11-08T13:02:18","date_gmt":"2025-11-08T13:02:18","guid":{"rendered":"https:\/\/www.europesays.com\/fr\/520571\/"},"modified":"2025-11-08T13:02:18","modified_gmt":"2025-11-08T13:02:18","slug":"deux-jeunes-hommes-en-urgence-absolue-apres-un-accident-sur-une-route-des-cotes-darmor","status":"publish","type":"post","link":"https:\/\/www.europesays.com\/fr\/520571\/","title":{"rendered":"Deux jeunes hommes en urgence absolue apr\u00e8s un accident sur une route des C\u00f4tes-d\u2019Armor"},"content":{"rendered":"<tr wp_automatic_readability=\"5.8846153846154\">\n<td valign=\"middle\" align=\"center\" class=\"col-logo\" wp_automatic_readability=\"5\">\n    <img decoding=\"async\" src=\"https:\/\/maville.com\/design\/images\/logo-of-monetise.svg?version=20130627\" alt=\"logo Ouest-France\" height=\"66\"\/><\/p>\n<p>Contenu r\u00e9serv\u00e9 aux abonn\u00e9s<\/p>\n<\/td>\n<td class=\"col-titre\">\n\t\t\tSamedi 08 novembre 2025 09:35<br \/>\n\t\t\t<a class=\"icon-bulle sizeL count\" href=\"#ancreAvis\"><br \/>\n\t&#8230;<br \/>\n<\/a><\/td>\n<\/tr>\n<p>\t\t<a class=\"mavillebox2 elmt-photo\" href=\"https:\/\/maville.com\/photosmvi\/2025\/11\/08\/P35569289D7055125G.jpg\" title=\" Deux jeunes hommes ont \u00e9t\u00e9 bless\u00e9s et m\u00e9dicalis\u00e9s sur place par le Smur \u00e0 Jugon-les-Lacs, dans la nuit de ce samedi 8\u00a0novembre 2025  \u00a9  photo d\u2019illustration \/ Archives Ouest-France  \" rel=\"galerie_actu noopener\" target=\"_blank\"><br \/>\n\t<img decoding=\"async\" src=\"https:\/\/www.europesays.com\/fr\/wp-content\/uploads\/2025\/11\/P35569289D7055125G_crop_640-330_.jpg\" alt=\"photo  deux jeunes hommes ont \u00e9t\u00e9 bless\u00e9s et m\u00e9dicalis\u00e9s sur place par le smur \u00e0 jugon-les-lacs, dans la nuit de ce samedi 8\u00a0novembre 2025  \u00a9  photo d\u2019illustration \/ archives ouest-france \"\/><br \/>\n\t1<br \/>\n<\/a><\/p>\n<p class=\"elmt-legende\"> Deux jeunes hommes ont \u00e9t\u00e9 bless\u00e9s et m\u00e9dicalis\u00e9s sur place par le Smur \u00e0 Jugon-les-Lacs, dans la nuit de ce samedi 8\u00a0novembre 2025  \u00a9  photo d\u2019illustration \/ Archives Ouest-France  <\/p>\n<p>\t\tDeux jeunes hommes ont percut\u00e9 un talus, vendredi 7 novembre 2025, \u00e0 23 h, \u00e0 Jugon-les-Lacs (C\u00f4tes-d\u2019Armor). En urgence absolue, le conducteur et son passager ont \u00e9t\u00e9 transport\u00e9s au centre hospitalier de Pontchaillou, \u00e0 Rennes (Ille-et-Vilaine).<\/p>\n<p><b>Cet article est r\u00e9serv\u00e9 aux abonn\u00e9s<\/b><\/p>\n<p>Pour un acc\u00e8s imm\u00e9diat, abonnez-vous<\/p>\n<p><b>1\u00e8re semaine offerte<\/b><\/p>\n<p>\t\tOuest-France<\/p>\n<p>Retrouvez d&rsquo;autres actus sur les communes de :<\/p>\n<p>\t\t&#13;<\/p>\n","protected":false},"excerpt":{"rendered":"Contenu r\u00e9serv\u00e9 aux abonn\u00e9s Samedi 08 novembre 2025 09:35 &#8230; 1 Deux jeunes hommes ont \u00e9t\u00e9 bless\u00e9s et&hellip;\n","protected":false},"author":2,"featured_media":520572,"comment_status":"","ping_status":"","sticky":false,"template":"","format":"standard","meta":{"footnotes":""},"categories":[2821],"tags":[3084,119,1111,11,4936,829,4935,1777,674,1011,27,1101,4074,12,584,25,209,3083],"class_list":{"0":"post-520571","1":"post","2":"type-post","3":"status-publish","4":"format-standard","5":"has-post-thumbnail","7":"category-rennes","8":"tag-absolue","9":"tag-accident","10":"tag-actu","11":"tag-actualites","12":"tag-armor","13":"tag-bretagne","14":"tag-cotes-d","15":"tag-eu","16":"tag-europe","17":"tag-fr","18":"tag-france","19":"tag-hommes","20":"tag-jeunes","21":"tag-news","22":"tag-rennes","23":"tag-republique-francaise","24":"tag-route","25":"tag-urgence"},"share_on_mastodon":{"url":"https:\/\/pubeurope.com\/@fr\/115514216406813865","error":""},"_links":{"self":[{"href":"https:\/\/www.europesays.com\/fr\/wp-json\/wp\/v2\/posts\/520571","targetHints":{"allow":["GET"]}}],"collection":[{"href":"https:\/\/www.europesays.com\/fr\/wp-json\/wp\/v2\/posts"}],"about":[{"href":"https:\/\/www.europesays.com\/fr\/wp-json\/wp\/v2\/types\/post"}],"author":[{"embeddable":true,"href":"https:\/\/www.europesays.com\/fr\/wp-json\/wp\/v2\/users\/2"}],"replies":[{"embeddable":true,"href":"https:\/\/www.europesays.com\/fr\/wp-json\/wp\/v2\/comments?post=520571"}],"version-history":[{"count":0,"href":"https:\/\/www.europesays.com\/fr\/wp-json\/wp\/v2\/posts\/520571\/revisions"}],"wp:featuredmedia":[{"embeddable":true,"href":"https:\/\/www.europesays.com\/fr\/wp-json\/wp\/v2\/media\/520572"}],"wp:attachment":[{"href":"https:\/\/www.europesays.com\/fr\/wp-json\/wp\/v2\/media?parent=520571"}],"wp:term":[{"taxonomy":"category","embeddable":true,"href":"https:\/\/www.europesays.com\/fr\/wp-json\/wp\/v2\/categories?post=520571"},{"taxonomy":"post_tag","embeddable":true,"href":"https:\/\/www.europesays.com\/fr\/wp-json\/wp\/v2\/tags?post=520571"}],"curies":[{"name":"wp","href":"https:\/\/api.w.org\/{rel}","templated":true}]}}