{"id":520577,"date":"2025-11-08T13:06:44","date_gmt":"2025-11-08T13:06:44","guid":{"rendered":"https:\/\/www.europesays.com\/fr\/520577\/"},"modified":"2025-11-08T13:06:44","modified_gmt":"2025-11-08T13:06:44","slug":"basket-betclic-elite-contre-strasbourg-le-msb-en-quete-de-constance-et-de-maturite","status":"publish","type":"post","link":"https:\/\/www.europesays.com\/fr\/520577\/","title":{"rendered":"Basket. Betclic \u00c9lite\u00a0: contre Strasbourg, le MSB en qu\u00eate de constance et de maturit\u00e9"},"content":{"rendered":"<tr wp_automatic_readability=\"3.9047619047619\">\n<td valign=\"middle\" align=\"center\" class=\"col-logo\">\n    <img decoding=\"async\" src=\"https:\/\/www.europesays.com\/fr\/wp-content\/uploads\/2025\/11\/maine-libre.gif\" alt=\"logo Maine Libre\" height=\"66\"\/><\/p>\n<\/td>\n<td class=\"col-titre\">\n\t\t\tVendredi 07 novembre 2025 20:43<br \/>\n\t\t\t<a class=\"icon-bulle sizeL count\" href=\"#ancreAvis\"><br \/>\n\t&#8230;<br \/>\n<\/a><\/td>\n<\/tr>\n<p>\t\t<a class=\"mavillebox2 elmt-photo\" href=\"https:\/\/maville.com\/photosmvi\/2025\/11\/07\/P35568497D7054385G.jpg\" title=\" L\u2019int\u00e9rieur manceau Trevor Hudgins, le 1er\u00a0novembre, lors du succ\u00e8s manceau \u00e0 Cholet.  \u00a9  Photo\u00a0: Le Maine Libre - Yvon LOU\u00c9  \" rel=\"galerie_actu noopener\" target=\"_blank\"><br \/>\n\t<img decoding=\"async\" src=\"https:\/\/www.europesays.com\/fr\/wp-content\/uploads\/2025\/11\/P35568497D7054385G_crop_640-330_.jpg\" alt=\"photo  l\u2019int\u00e9rieur manceau trevor hudgins, le 1er\u00a0novembre, lors du succ\u00e8s manceau \u00e0 cholet.  \u00a9  photo\u00a0: le maine libre - yvon lou\u00e9 \"\/><br \/>\n\t1<br \/>\n<\/a><\/p>\n<p class=\"elmt-legende\"> L\u2019int\u00e9rieur manceau Trevor Hudgins, le 1er\u00a0novembre, lors du succ\u00e8s manceau \u00e0 Cholet.  \u00a9  Photo\u00a0: Le Maine Libre &#8211; Yvon LOU\u00c9  <\/p>\n<p>\t\tTrois jours apr\u00e8s leur revers europ\u00e9en contre le Benfica \u00e0 Lisbonne, les Sarthois peuvent rebondir d\u00e8s ce samedi 8\u00a0novembre 2025 (18\u00a0h), en recevant Strasbourg \u00e0 Antar\u00e8s, pour le compte de la 7e journ\u00e9e du championnat de France.<\/p>\n<p><b>Cet article est r\u00e9serv\u00e9 aux abonn\u00e9s<\/b><\/p>\n<p>Pour un acc\u00e8s imm\u00e9diat, abonnez-vous<\/p>\n<p><b>1\u00e8re semaine offerte<\/b><\/p>\n<p>\t\t Yvain PRAUD. \u00a0\u00a0<br \/>\n\t\tMaine Libre<\/p>\n<p>Retrouvez d&rsquo;autres actus sur la commune de :<\/p>\n<p>\t\t&#13;<\/p>\n","protected":false},"excerpt":{"rendered":"Vendredi 07 novembre 2025 20:43 &#8230; 1 L\u2019int\u00e9rieur manceau Trevor Hudgins, le 1er\u00a0novembre, lors du succ\u00e8s manceau \u00e0&hellip;\n","protected":false},"author":2,"featured_media":520578,"comment_status":"","ping_status":"","sticky":false,"template":"","format":"standard","meta":{"footnotes":""},"categories":[2820],"tags":[1111,11,1465,64149,35123,1773,1777,674,1011,27,775,2047,29270,64150,12,9742,25,640],"class_list":{"0":"post-520577","1":"post","2":"type-post","3":"status-publish","4":"format-standard","5":"has-post-thumbnail","7":"category-strasbourg","8":"tag-actu","9":"tag-actualites","10":"tag-basket","11":"tag-betclic","12":"tag-constance","13":"tag-elite","14":"tag-eu","15":"tag-europe","16":"tag-fr","17":"tag-france","18":"tag-grand-est","19":"tag-mans","20":"tag-maturite","21":"tag-msb","22":"tag-news","23":"tag-quete","24":"tag-republique-francaise","25":"tag-strasbourg"},"share_on_mastodon":{"url":"https:\/\/pubeurope.com\/@fr\/115514232107259573","error":""},"_links":{"self":[{"href":"https:\/\/www.europesays.com\/fr\/wp-json\/wp\/v2\/posts\/520577","targetHints":{"allow":["GET"]}}],"collection":[{"href":"https:\/\/www.europesays.com\/fr\/wp-json\/wp\/v2\/posts"}],"about":[{"href":"https:\/\/www.europesays.com\/fr\/wp-json\/wp\/v2\/types\/post"}],"author":[{"embeddable":true,"href":"https:\/\/www.europesays.com\/fr\/wp-json\/wp\/v2\/users\/2"}],"replies":[{"embeddable":true,"href":"https:\/\/www.europesays.com\/fr\/wp-json\/wp\/v2\/comments?post=520577"}],"version-history":[{"count":0,"href":"https:\/\/www.europesays.com\/fr\/wp-json\/wp\/v2\/posts\/520577\/revisions"}],"wp:featuredmedia":[{"embeddable":true,"href":"https:\/\/www.europesays.com\/fr\/wp-json\/wp\/v2\/media\/520578"}],"wp:attachment":[{"href":"https:\/\/www.europesays.com\/fr\/wp-json\/wp\/v2\/media?parent=520577"}],"wp:term":[{"taxonomy":"category","embeddable":true,"href":"https:\/\/www.europesays.com\/fr\/wp-json\/wp\/v2\/categories?post=520577"},{"taxonomy":"post_tag","embeddable":true,"href":"https:\/\/www.europesays.com\/fr\/wp-json\/wp\/v2\/tags?post=520577"}],"curies":[{"name":"wp","href":"https:\/\/api.w.org\/{rel}","templated":true}]}}