{"id":520589,"date":"2025-11-08T13:20:16","date_gmt":"2025-11-08T13:20:16","guid":{"rendered":"https:\/\/www.europesays.com\/fr\/520589\/"},"modified":"2025-11-08T13:20:16","modified_gmt":"2025-11-08T13:20:16","slug":"ce-quil-veut-pour-sa-ville","status":"publish","type":"post","link":"https:\/\/www.europesays.com\/fr\/520589\/","title":{"rendered":"ce qu&rsquo;il veut pour sa ville"},"content":{"rendered":"<p>            Par<br \/>\n        <strong><br \/>\n            <a href=\"https:\/\/actu.fr\/auteur\/david-saint-sernin\" title=\"Consulter tous les articles de David Saint-Sernin\" rel=\"nofollow noopener\" target=\"_blank\">David Saint-Sernin<\/a><br \/>\n        <\/strong><\/p>\n<p>        Publi\u00e9 le<\/p>\n<p>            8 nov. 2025 \u00e0 10h35        <\/p>\n<p>C\u2019est officiel. <strong>Fr\u00e9d\u00e9ric Parre<\/strong> (Parti socialiste), <a href=\"https:\/\/actu.fr\/occitanie\/tournefeuille_31557\" rel=\"nofollow noopener\" target=\"_blank\">maire de Tournefeuille<\/a> depuis novembre\u00a02024 (il a succ\u00e9d\u00e9 \u00e0 <a href=\"https:\/\/actu.fr\/occitanie\/tournefeuille_31557\/pres-de-toulouse-le-maire-de-tournefeuille-demissionne-tournebeton-ca-n-existe-plus_61911951.html\" rel=\"nofollow noopener\" target=\"_blank\">Dominique Fouchier, d\u00e9missionnaire<\/a>) est candidat lors des prochaines municipales.<\/p>\n<p>\u00ab\u2009Poursuivre le travail\u2009\u00bb<\/p>\n<p class=\" wall-content\">Il s\u2019est officiellement d\u00e9clar\u00e9 jeudi 6 novembre 2025. Il conduira la liste \u00ab\u2009Tournefeuille au c\u0153ur\u2009\u00bb \u00e0 la t\u00eate d\u2019une liste dans laquelle seront notamment r\u00e9unis les socialistes, les \u00e9cologistes et les communistes.<\/p>\n<p class=\" wall-content\">\u00ab\u2009Les conditions sont r\u00e9unies. J\u2019ai tr\u00e8s appr\u00e9ci\u00e9 cette ann\u00e9e malgr\u00e9 un contexte compliqu\u00e9. La passion l\u2019emporte sur tout le reste. J\u2019ai \u00e9t\u00e9 d\u00e9sign\u00e9 par les socialistes pour candidater. J\u2019ai autour de moi une majorit\u00e9 municipale qui est engag\u00e9e pour poursuivre le travail. Nous allons \u00e9largir la liste \u00e0 la soci\u00e9t\u00e9 civile avec des personnes qui partagent les m\u00eames valeurs\u2009\u00bb, indique l\u2019\u00e9lu qui se place dans la continuit\u00e9 de Claude Raynal (maire de 1997 \u00e0 2015) et de Dominique Fouchier (maire de 2015 \u00e0 2024) pour conduire la destin\u00e9e de la 3e ville de Haute-Garonne derri\u00e8re Toulouse et Colomiers.\u00a0Une ville qui n\u2019a cess\u00e9 de grossir depuis les ann\u00e9es 70 et qui pourrait franchir la barre des 30\u2009000\u00a0habitants lors des r\u00e9sultats du prochain recensement.<\/p>\n<p>De nombreux d\u00e9fis<\/p>\n<p class=\" wall-content\">Comme de tr\u00e8s nombreuses communes de l\u2019agglom\u00e9ration, Tournefeuille va devoir faire face \u00e0 de nombreux d\u00e9fis\u2009: notamment celui de la construction de logements avec un plan local d\u2019urbanisme intercommunal qui demande \u00e0 chaque commune de participer \u00e0 l\u2019effort, celui de l\u2019accessibilit\u00e9 avec des bouchons qui grossissent ann\u00e9e apr\u00e8s ann\u00e9e dans l\u2019ouest toulousain, et celui de la s\u00e9curit\u00e9 sur lequel elle a d\u00e9j\u00e0 lanc\u00e9 un gros chantier ces deux derni\u00e8res ann\u00e9es apr\u00e8s une flamb\u00e9e des cambriolages.<\/p>\n<p>\u00ab\u2009Un projet ambitieux mais r\u00e9aliste\u2009\u00bb<\/p>\n<p class=\" wall-content\">Face \u00e0 ces d\u00e9fis multiples, Fr\u00e9d\u00e9ric Parre annonce \u00ab\u2009porter un projet ambitieux mais r\u00e9aliste pour pr\u00e9parer l\u2019avenir de Tournefeuille sans rien c\u00e9der \u00e0 la qualit\u00e9 de vie, et alors que le mandat \u00e0 venir va \u00eatre difficile, tr\u00e8s compliqu\u00e9 avec les contraintes budg\u00e9taires \u00e0 venir. Mais nous sommes sereins car nous avons eu une gestion saine de nos finances\u2009\u00bb.<\/p>\n<p>Vid\u00e9os : en ce moment sur Actu<\/p>\n<p class=\" wall-content\">Si le temps du programme complet viendra au d\u00e9but de l\u2019ann\u00e9e 2026, indique le maire-candidat, celui-ci annonce vouloir continuer \u00e0 porter ces efforts sur les th\u00e9matiques du quotidien.<\/p>\n<p class=\" wall-content\">\u00ab\u2009Notre action sera port\u00e9e par des orientations classiques comme la solidarit\u00e9, la transition \u00e9cologique, le sport, la citoyennet\u00e9. Nous aurons \u00e9galement des propositions sur la d\u00e9mocratie locale. Nous allons continuer \u00e0 investir sur la transition \u00e9cologique dans la continuit\u00e9 de ce qui a \u00e9t\u00e9 fait ces derni\u00e8res ann\u00e9es. avec la construction d\u2019ombri\u00e8res et l\u2019am\u00e9nagement de cours oasis dans les \u00e9coles. Des \u00e9coles que nous avons r\u00e9nov\u00e9es\u2009\u00bb, explique le maire-candidat.<\/p>\n<p>Votre r\u00e9gion, votre actu !<\/p>\n<p>Recevez chaque jour les infos qui comptent pour vous.<\/p>\n<p>\t<a href=\"https:\/\/actu.fr\/newsletter\" class=\"ac-btn ac-btn--corner ac-btn--medium ac-btn--blue800\" rel=\"nofollow noopener\" target=\"_blank\">S&rsquo;incrire<\/a><br \/>\n\u00ab\u2009La ville va devoir se reconstruire sur elle-m\u00eame\u2009\u00bb<\/p>\n<p class=\" wall-content\">Sur la construction, Fr\u00e9d\u00e9ric Parre estime qu\u2019il \u00ab\u2009va falloir que la ville se reconstruise sur elle-m\u00eame sur les axes principaux, et notamment dans l\u2019hyper-centre. Dans ce cadre, on aura \u00e0 c\u0153ur de construire pour accueillir tous les publics avec un objectif de logements sociaux puisqu\u2019avec un taux de 19\u2009%, nous sommes en dessous du seuil de tol\u00e9rance qui nous \u00e9vite de payer des p\u00e9nalit\u00e9s et bien en dessous du taux de 25\u2009% d\u00e9fini par la loi. On va donc construire des logements sociaux, mais toujours dans la concertation et en pr\u00e9servant le patrimoine de la ville\u2009\u00bb.<\/p>\n<p class=\" wall-content\">Durant le prochain mandat, les diff\u00e9rents partenaires r\u00e9unis au sein de \u00ab\u2009Tournefeuille au coeur\u2009\u00bb indiquent vouloir lancer une r\u00e9flexion autour de l\u2019activit\u00e9 de la salle de Spectacle Le Phare, moins bien positionn\u00e9e dans le paysage culturel de l\u2019agglom\u00e9ration, mais \u00ab\u2009qui a trouv\u00e9 une autre place en accueillant les associations de la commune et des \u00e9v\u00e9nements qui n\u00e9cessitent des places importantes\u2009\u00bb.<\/p>\n<p>    <img   decoding=\"async\" loading=\"lazy\" src=\"https:\/\/www.europesays.com\/fr\/wp-content\/uploads\/2025\/11\/img-6110-960x640.jpg\" alt=\"De gauche \u00e0 droite, Isabelle Meiffren premi\u00e8re adjointe au maire \u00e0 la transition \u00e9cologique, Fr\u00e9d\u00e9ric Parre, le maire de Tournefeuille, Many Coulibaly du Parti socialiste et Assan   Lakehoul, secr\u00e9taire g\u00e9n\u00e9ral du mouvement jeunes communistes de France.&#10;&#10;Assan Lakehoul Assan : Parti Commun&#10;&#10;\" width=\"960\" height=\"640\"\/><br \/>\n    De gauche \u00e0 droite, Isabelle Meiffren premi\u00e8re adjointe au maire \u00e0 la transition \u00e9cologique, Fr\u00e9d\u00e9ric Parre, le maire de Tournefeuille et candidat, Assan Lakehoul, secr\u00e9taire g\u00e9n\u00e9ral du mouvement jeunes communistes de France et Many Coulibaly, membre du Parti socialiste de Haute-Garonne. (\u00a9David Saint-Sernin\/Actu Toulouse)Le programme d\u00e9voil\u00e9 d\u00e9but 2026<\/p>\n<p class=\" wall-content\">Pour nourrir son projet, l\u2019\u00e9quipe de campagne va justement organiser au Phare deux forums les jeudi 27\u00a0novembre et les 4\u00a0d\u00e9cembre.<\/p>\n<p class=\" wall-content\">La liste de Tournefeuille au C\u0153ur sera compl\u00e8te en janvier et ne comportera pas des membres de la France Insoumise, parti politique avec lequel \u00ab\u2009il n\u2019est pas possible de cr\u00e9er une union\u2009\u00bb, assure Fr\u00e9d\u00e9ric Parre qui devra affronter <a href=\"https:\/\/actu.fr\/occitanie\/tournefeuille_31557\/municipales-2026-battu-de-peu-en-2020-laurent-soulie-repart-a-l-assaut-de-tournefeuille_63227109.html\" rel=\"nofollow noopener\" target=\"_blank\">Laurent Souli\u00e9, battu de 48\u00a0voix en 2020, qui conduira un rassemblement du centre et de la droite<\/a> et tr\u00e8s vraisemblablement une liste citoyenne (proche de LFI), ainsi qu\u2019une liste Rassemblement National (RN).<\/p>\n<p class=\" wall-content\">Personnalisez votre actualit\u00e9 en ajoutant vos villes et m\u00e9dias en favori avec <a href=\"https:\/\/moncompte.actu.fr\" title=\"D\u00e9couvez Mon Actu\" rel=\"nofollow noopener\" data-trk=\"{&quot;cta&quot;:{&quot;action&quot;:&quot;https:\\\/\\\/moncompte.actu.fr&quot;,&quot;category&quot;:&quot;mon compte&quot;,&quot;from&quot;:&quot;article footer&quot;,&quot;name&quot;:&quot;Mon actu&quot;,&quot;type&quot;:&quot;cta&quot;}}\" target=\"_blank\">Mon Actu<\/a>.<\/p>\n","protected":false},"excerpt":{"rendered":"Par David Saint-Sernin Publi\u00e9 le 8 nov. 2025 \u00e0 10h35 C\u2019est officiel. Fr\u00e9d\u00e9ric Parre (Parti socialiste), maire de&hellip;\n","protected":false},"author":2,"featured_media":520590,"comment_status":"","ping_status":"","sticky":false,"template":"","format":"standard","meta":{"footnotes":""},"categories":[2816],"tags":[1111,11,1777,674,1011,27,3434,12,2680,316,25,2312],"class_list":{"0":"post-520589","1":"post","2":"type-post","3":"status-publish","4":"format-standard","5":"has-post-thumbnail","7":"category-toulouse","8":"tag-actu","9":"tag-actualites","10":"tag-eu","11":"tag-europe","12":"tag-fr","13":"tag-france","14":"tag-municipales-2026","15":"tag-news","16":"tag-occitanie","17":"tag-politique","18":"tag-republique-francaise","19":"tag-toulouse"},"share_on_mastodon":{"url":"https:\/\/pubeurope.com\/@fr\/115514286740678001","error":""},"_links":{"self":[{"href":"https:\/\/www.europesays.com\/fr\/wp-json\/wp\/v2\/posts\/520589","targetHints":{"allow":["GET"]}}],"collection":[{"href":"https:\/\/www.europesays.com\/fr\/wp-json\/wp\/v2\/posts"}],"about":[{"href":"https:\/\/www.europesays.com\/fr\/wp-json\/wp\/v2\/types\/post"}],"author":[{"embeddable":true,"href":"https:\/\/www.europesays.com\/fr\/wp-json\/wp\/v2\/users\/2"}],"replies":[{"embeddable":true,"href":"https:\/\/www.europesays.com\/fr\/wp-json\/wp\/v2\/comments?post=520589"}],"version-history":[{"count":0,"href":"https:\/\/www.europesays.com\/fr\/wp-json\/wp\/v2\/posts\/520589\/revisions"}],"wp:featuredmedia":[{"embeddable":true,"href":"https:\/\/www.europesays.com\/fr\/wp-json\/wp\/v2\/media\/520590"}],"wp:attachment":[{"href":"https:\/\/www.europesays.com\/fr\/wp-json\/wp\/v2\/media?parent=520589"}],"wp:term":[{"taxonomy":"category","embeddable":true,"href":"https:\/\/www.europesays.com\/fr\/wp-json\/wp\/v2\/categories?post=520589"},{"taxonomy":"post_tag","embeddable":true,"href":"https:\/\/www.europesays.com\/fr\/wp-json\/wp\/v2\/tags?post=520589"}],"curies":[{"name":"wp","href":"https:\/\/api.w.org\/{rel}","templated":true}]}}