{"id":520599,"date":"2025-11-08T13:25:15","date_gmt":"2025-11-08T13:25:15","guid":{"rendered":"https:\/\/www.europesays.com\/fr\/520599\/"},"modified":"2025-11-08T13:25:15","modified_gmt":"2025-11-08T13:25:15","slug":"un-invite-surprise-dans-le-groupe-de-marseille-ligue-1-j12-marseille-brest","status":"publish","type":"post","link":"https:\/\/www.europesays.com\/fr\/520599\/","title":{"rendered":"Un invit\u00e9 surprise dans le groupe de Marseille &#8211; Ligue 1 &#8211; J12 &#8211; Marseille-Brest"},"content":{"rendered":"<p>Le revoil\u00e0 !<\/p>\n<p><a target=\"_blank\" href=\"https:\/\/www.sofoot.com\/breves\/amine-harit-neal-maupay-pol-lirola-et-ulisses-garcia-ecartes-du-groupe-de-lom-en-ligue-des-champions\" rel=\"noopener\">Mis au placard depuis le d\u00e9but de la saison, <\/a><strong><a target=\"_blank\" href=\"https:\/\/www.sofoot.com\/breves\/amine-harit-neal-maupay-pol-lirola-et-ulisses-garcia-ecartes-du-groupe-de-lom-en-ligue-des-champions\" rel=\"noopener\">Neal Maupay<\/a> fait son retour dans le groupe de l\u2019Olympique de Marseille<\/strong> \u00e0 l\u2019occasion de la douzi\u00e8me journ\u00e9e de Ligue 1. L\u2019attaquant vient compenser les nombreuses absences offensives du club fran\u00e7ais, qui doit notamment faire sans Bilal Nadir ou Amine Gouiri.<\/p>\n<p><a class=\"tti\" href=\"https:\/\/twitter.com\/OM_Officiel\/status\/1987089017687380013\" target=\"_blank\" rel=\"noopener\"><img decoding=\"async\" loading=\"lazy\" src=\"https:\/\/www.europesays.com\/fr\/wp-content\/uploads\/2025\/11\/1762608315_197_grande.jpg\" alt=\"Tweet\"\/><\/a><\/p>\n<p>\u00ab\u202fJe le vois en meilleure forme physique, je le vois plus positif, a indiqu\u00e9 Roberto De Zerbi en conf\u00e9rence de presse, pour <strong>justifier ce r\u00e9trop\u00e9dalage<\/strong> et questionn\u00e9 sur la possibilit\u00e9 que l\u2019ancien banni foule la pelouse. Je ne sais pas encore qui jouera, je vous mens parfois\u2026 Mais cette fois-ci, je vous dis la v\u00e9rit\u00e9 sur la formation : je ne sais toujours pas qui jouera, ni comment nous allons jouer.\u202f\u00bb<\/p>\n<p>L\u2019instinct de buteur est <a target=\"_blank\" href=\"https:\/\/www.sofoot.com\/breves\/neal-maupay-rejoue-et-marque-avec-lom#goog_rewarded\" rel=\"noopener\">toujours l\u00e0<\/a>, en tout cas.<\/p>\n<p>\t\t\t\t\t\t\t\t\t\t<a class=\"lien-connexe\" href=\"https:\/\/www.sofoot.com\/articles\/en-direct-marseille-brest-2025-11\" target=\"_blank\" rel=\"noopener\">En direct\u202f: Marseille-Brest (0-0)<\/a>\t\t\t\t\t<script async src=\"https:\/\/platform.twitter.com\/widgets.js\" charset=\"utf-8\"><\/script><\/p>\n","protected":false},"excerpt":{"rendered":"Le revoil\u00e0 ! Mis au placard depuis le d\u00e9but de la saison, Neal Maupay fait son retour dans&hellip;\n","protected":false},"author":2,"featured_media":520600,"comment_status":"","ping_status":"","sticky":false,"template":"","format":"standard","meta":{"footnotes":""},"categories":[2814],"tags":[1111,47,11,61,69,65,64,1777,674,63,1011,27,68,66,884,12,62,70,882,25,67],"class_list":{"0":"post-520599","1":"post","2":"type-post","3":"status-publish","4":"format-standard","5":"has-post-thumbnail","7":"category-marseille","8":"tag-actu","9":"tag-actualite","10":"tag-actualites","11":"tag-actus-football","12":"tag-bundesliga","13":"tag-championnats-europeens","14":"tag-equipe-de-france","15":"tag-eu","16":"tag-europe","17":"tag-football","18":"tag-fr","19":"tag-france","20":"tag-ligua","21":"tag-ligue-1","22":"tag-marseille","23":"tag-news","24":"tag-news-foot","25":"tag-premier-league","26":"tag-provence-alpes-cote-dazur","27":"tag-republique-francaise","28":"tag-serie-a"},"share_on_mastodon":{"url":"https:\/\/pubeurope.com\/@fr\/115514305937148177","error":""},"_links":{"self":[{"href":"https:\/\/www.europesays.com\/fr\/wp-json\/wp\/v2\/posts\/520599","targetHints":{"allow":["GET"]}}],"collection":[{"href":"https:\/\/www.europesays.com\/fr\/wp-json\/wp\/v2\/posts"}],"about":[{"href":"https:\/\/www.europesays.com\/fr\/wp-json\/wp\/v2\/types\/post"}],"author":[{"embeddable":true,"href":"https:\/\/www.europesays.com\/fr\/wp-json\/wp\/v2\/users\/2"}],"replies":[{"embeddable":true,"href":"https:\/\/www.europesays.com\/fr\/wp-json\/wp\/v2\/comments?post=520599"}],"version-history":[{"count":0,"href":"https:\/\/www.europesays.com\/fr\/wp-json\/wp\/v2\/posts\/520599\/revisions"}],"wp:featuredmedia":[{"embeddable":true,"href":"https:\/\/www.europesays.com\/fr\/wp-json\/wp\/v2\/media\/520600"}],"wp:attachment":[{"href":"https:\/\/www.europesays.com\/fr\/wp-json\/wp\/v2\/media?parent=520599"}],"wp:term":[{"taxonomy":"category","embeddable":true,"href":"https:\/\/www.europesays.com\/fr\/wp-json\/wp\/v2\/categories?post=520599"},{"taxonomy":"post_tag","embeddable":true,"href":"https:\/\/www.europesays.com\/fr\/wp-json\/wp\/v2\/tags?post=520599"}],"curies":[{"name":"wp","href":"https:\/\/api.w.org\/{rel}","templated":true}]}}