{"id":520601,"date":"2025-11-08T13:26:15","date_gmt":"2025-11-08T13:26:15","guid":{"rendered":"https:\/\/www.europesays.com\/fr\/520601\/"},"modified":"2025-11-08T13:26:15","modified_gmt":"2025-11-08T13:26:15","slug":"lyon-un-jeune-homme-blesse-par-balle-dans-le-8e-les-tireurs-prennent-la-fuite-en-trottinette","status":"publish","type":"post","link":"https:\/\/www.europesays.com\/fr\/520601\/","title":{"rendered":"Lyon . Un jeune homme bless\u00e9 par balle dans le 8e, les tireurs prennent la fuite en trottinette"},"content":{"rendered":"<p>Un jeune homme a \u00e9t\u00e9 bless\u00e9 par balle au genou droit, en fin de journ\u00e9e, vendredi, \u00e0 Lyon 8e, a appris Le Progr\u00e8s. Selon nos informations, un homme, accompagn\u00e9 d\u2019un complice, a ouvert le feu en direction d\u2019un groupe, rue St\u00e9phane-Coignet, dans le secteur Santy-Viviani.<\/p>\n<p>Les deux suspects, mont\u00e9s sur une trottinette, les visages dissimul\u00e9s par des masques chirurgicaux, ont pris la fuite, apr\u00e8s une s\u00e9rie de tirs avec une arme de poing, en direction des jambes de leurs cibles et en l\u2019air. L\u2019action fait davantage penser \u00e0 une op\u00e9ration d\u2019intimidation qu\u2019\u00e0 une volont\u00e9 de tuer.<\/p>\n<p>Ce contenu est bloqu\u00e9 car vous n&rsquo;avez pas accept\u00e9 les cookies et autres traceurs.<\/p>\n<p>En cliquant sur \u00ab J\u2019accepte \u00bb, les cookies et autres traceurs seront d\u00e9pos\u00e9s et vous pourrez visualiser les contenus  (<a href=\"\" class=\"consentModule_policy\" target=\"_blank\" title=\"Consulter la politique de protection des donn\u00e9es du fournisseur\">plus d&rsquo;informations<\/a>).<\/p>\n<p>En cliquant sur \u00ab J\u2019accepte tous les cookies \u00bb, vous autorisez des d\u00e9p\u00f4ts de cookies et autres traceurs pour le stockage de vos donn\u00e9es sur nos sites et applications \u00e0 des fins de personnalisation et de ciblage publicitaire.<\/p>\n<p class=\"consentModule_secondaryText\">Vous gardez la possibilit\u00e9 de retirer votre consentement \u00e0 tout moment en consultant notre <a href=\"https:\/\/www.leprogres.fr\/protection-des-donnees\" target=\"_blank\" title=\"Consulter notre politique de protection des donn\u00e9es\" rel=\"noopener\">politique de protection des donn\u00e9es<\/a>. <br \/>&#13;<br \/>\n            <a href=\"https:\/\/www.leprogres.fr\/faits-divers-justice\/2025\/11\/08\/javascript:Didomi.notice.show()\" class=\"consentModule_cmp\" target=\"_blank\" rel=\"noopener\">G\u00e9rer mes choix<\/a>&#13;\n        <\/p>\n<p>&#13;<br \/>\n                        J&rsquo;accepte&#13;<br \/>\n            J&rsquo;accepte tous les cookies&#13;\n        <\/p>\n<p>  Sept douilles retrouv\u00e9es<\/p>\n<p>La victime a \u00e9t\u00e9 \u00ab\u00a0l\u00e9g\u00e8rement bless\u00e9e\u00a0\u00bb, selon une source s\u00e9curitaire interrog\u00e9e par Le Progr\u00e8s. Elle a \u00e9t\u00e9 transport\u00e9e par les autres membres du groupe, aux urgences de l\u2019h\u00f4pital priv\u00e9 Jean-Mermoz (Lyon 8e), avant d\u2019\u00eatre transf\u00e9r\u00e9e \u00e0 l\u2019h\u00f4pital \u00c9douard-Herriot (Lyon 3e), o\u00f9 elle devait \u00eatre op\u00e9r\u00e9e.<\/p>\n<p>Les enqu\u00eateurs ont retrouv\u00e9 sept douilles sur place, lors des constatations d\u2019usage. La victime, connue des services de police, n\u2019avait pas encore \u00e9t\u00e9 entendue \u00e0 la mi-journ\u00e9e, samedi.<\/p>\n<p>La M\u00e9tropole de Lyon est le th\u00e9\u00e2tre de coups de feu r\u00e9guliers, souvent sur fond de trafic de stup\u00e9fiants, avec une <a href=\"https:\/\/www.leprogres.fr\/faits-divers-justice\/2025\/10\/03\/marseille-a-moins-d-homicides-que-nous-16-meurtres-en-2025-dans-l-agglo-lyonnaise-les-reponses-du-procureur\" target=\"_blank\" rel=\"noopener\">hausse pr\u00e9occupante des \u00ab\u00a0narchomicides\u00a0\u00bb<\/a> ces derniers mois.<\/p>\n","protected":false},"excerpt":{"rendered":"Un jeune homme a \u00e9t\u00e9 bless\u00e9 par balle au genou droit, en fin de journ\u00e9e, vendredi, \u00e0 Lyon&hellip;\n","protected":false},"author":2,"featured_media":520602,"comment_status":"","ping_status":"","sticky":false,"template":"","format":"standard","meta":{"footnotes":""},"categories":[1889],"tags":[1111,11,2430,271,272,2757,1777,674,274,1011,27,2428,2756,12,25,2429],"class_list":{"0":"post-520601","1":"post","2":"type-post","3":"status-publish","4":"format-standard","5":"has-post-thumbnail","7":"category-lyon","8":"tag-actu","9":"tag-actualites","10":"tag-auvergne-rhone-alpes","11":"tag-crime","12":"tag-delit-et-contravention","13":"tag-edition-lyon-villeurbanne","14":"tag-eu","15":"tag-europe","16":"tag-faits-divers-justice","17":"tag-fr","18":"tag-france","19":"tag-lyon","20":"tag-lyon-bassin","21":"tag-news","22":"tag-republique-francaise","23":"tag-rhone"},"share_on_mastodon":{"url":"https:\/\/pubeurope.com\/@fr\/115514309606507115","error":""},"_links":{"self":[{"href":"https:\/\/www.europesays.com\/fr\/wp-json\/wp\/v2\/posts\/520601","targetHints":{"allow":["GET"]}}],"collection":[{"href":"https:\/\/www.europesays.com\/fr\/wp-json\/wp\/v2\/posts"}],"about":[{"href":"https:\/\/www.europesays.com\/fr\/wp-json\/wp\/v2\/types\/post"}],"author":[{"embeddable":true,"href":"https:\/\/www.europesays.com\/fr\/wp-json\/wp\/v2\/users\/2"}],"replies":[{"embeddable":true,"href":"https:\/\/www.europesays.com\/fr\/wp-json\/wp\/v2\/comments?post=520601"}],"version-history":[{"count":0,"href":"https:\/\/www.europesays.com\/fr\/wp-json\/wp\/v2\/posts\/520601\/revisions"}],"wp:featuredmedia":[{"embeddable":true,"href":"https:\/\/www.europesays.com\/fr\/wp-json\/wp\/v2\/media\/520602"}],"wp:attachment":[{"href":"https:\/\/www.europesays.com\/fr\/wp-json\/wp\/v2\/media?parent=520601"}],"wp:term":[{"taxonomy":"category","embeddable":true,"href":"https:\/\/www.europesays.com\/fr\/wp-json\/wp\/v2\/categories?post=520601"},{"taxonomy":"post_tag","embeddable":true,"href":"https:\/\/www.europesays.com\/fr\/wp-json\/wp\/v2\/tags?post=520601"}],"curies":[{"name":"wp","href":"https:\/\/api.w.org\/{rel}","templated":true}]}}