{"id":520605,"date":"2025-11-08T13:29:40","date_gmt":"2025-11-08T13:29:40","guid":{"rendered":"https:\/\/www.europesays.com\/fr\/520605\/"},"modified":"2025-11-08T13:29:40","modified_gmt":"2025-11-08T13:29:40","slug":"arbre-de-lannee-lile-de-france-a-son-fier-representant","status":"publish","type":"post","link":"https:\/\/www.europesays.com\/fr\/520605\/","title":{"rendered":"Arbre de l&rsquo;ann\u00e9e\u00a0: l&rsquo;\u00cele-de-France a son fier repr\u00e9sentant"},"content":{"rendered":"\n<p style=\"margin-bottom: 0cm;\">Il s&rsquo;agit d&rsquo;un majestueux c\u00e8dre du Liban, haut de 30 m\u00e8tres, qui a \u00e9t\u00e9 plant\u00e9 aux alentours de 1750. L&rsquo;arbre, qui pousse \u00e0 Livry-Gargan en Seine-Saint-Denis, se trouve dans une propri\u00e9t\u00e9 priv\u00e9 dont la moiti\u00e9 a \u00e9t\u00e9 achet\u00e9e par la mairie en 1930. Il domine la Nationale 3 et fait partie des 120 arbres propos\u00e9s au concours. Apr\u00e8s une s\u00e9lection par un jury, 13 v\u00e9g\u00e9taux ont \u00e9t\u00e9 choisis pour repr\u00e9senter leur r\u00e9gion.\u00a0Celui qui recevra le plus de votes remportera le Prix du Public et sera le candidat de la France au concours Europ\u00e9en. Votez en cliquant sur <a href=\"https:\/\/www.arbredelannee.com\/\" rel=\"noopener\" target=\"_blank\">https:\/\/www.arbredelannee.com<\/a>.<\/p>\n<p style=\"margin-bottom: 0cm;\">\u00a0<\/p>\n<p lang=\"fr-FR\" style=\"margin-bottom: 0cm;\">Nicolas Chacun<\/p>\n<p>!function(f,b,e,v,n,t,s){if(f.fbq)return;n=f.fbq=function(){n.callMethod?<br \/>\nn.callMethod.apply(n,arguments):n.queue.push(arguments)};if(!f._fbq)f._fbq=n;<br \/>\nn.push=n;n.loaded=!0;n.version=&rsquo;2.0&prime;;n.queue=[];t=b.createElement(e);t.async=!0;<br \/>\nt.src=v;s=b.getElementsByTagName(e)[0];s.parentNode.insertBefore(t,s)}(window,<br \/>\ndocument,&rsquo;script&rsquo;,&rsquo;https:\/\/connect.facebook.net\/en_US\/fbevents.js&rsquo;);<br \/>\nfbq(&lsquo;init&rsquo;, &lsquo;278974969201861&rsquo;); \/\/ Insert your pixel ID here.<br \/>\nfbq(&lsquo;track&rsquo;, &lsquo;PageView&rsquo;);<\/p>\n","protected":false},"excerpt":{"rendered":"Il s&rsquo;agit d&rsquo;un majestueux c\u00e8dre du Liban, haut de 30 m\u00e8tres, qui a \u00e9t\u00e9 plant\u00e9 aux alentours de&hellip;\n","protected":false},"author":2,"featured_media":520606,"comment_status":"","ping_status":"","sticky":false,"template":"","format":"standard","meta":{"footnotes":""},"categories":[1592],"tags":[1111,11,1933,1936,1777,1939,674,1011,27,662,1934,12,1940,626,1935,25,1937,1941,1938],"class_list":{"0":"post-520605","1":"post","2":"type-post","3":"status-publish","4":"format-standard","5":"has-post-thumbnail","7":"category-ile-de-france","8":"tag-actu","9":"tag-actualites","10":"tag-actualites-locales","11":"tag-essonne","12":"tag-eu","13":"tag-eure-et-loir","14":"tag-europe","15":"tag-fr","16":"tag-france","17":"tag-ile-de-france","18":"tag-infos-locales","19":"tag-news","20":"tag-oise","21":"tag-paris","22":"tag-pres-de-chez-vous","23":"tag-republique-francaise","24":"tag-seine-et-marne","25":"tag-somme","26":"tag-yvelines"},"share_on_mastodon":{"url":"https:\/\/pubeurope.com\/@fr\/115514321387126012","error":""},"_links":{"self":[{"href":"https:\/\/www.europesays.com\/fr\/wp-json\/wp\/v2\/posts\/520605","targetHints":{"allow":["GET"]}}],"collection":[{"href":"https:\/\/www.europesays.com\/fr\/wp-json\/wp\/v2\/posts"}],"about":[{"href":"https:\/\/www.europesays.com\/fr\/wp-json\/wp\/v2\/types\/post"}],"author":[{"embeddable":true,"href":"https:\/\/www.europesays.com\/fr\/wp-json\/wp\/v2\/users\/2"}],"replies":[{"embeddable":true,"href":"https:\/\/www.europesays.com\/fr\/wp-json\/wp\/v2\/comments?post=520605"}],"version-history":[{"count":0,"href":"https:\/\/www.europesays.com\/fr\/wp-json\/wp\/v2\/posts\/520605\/revisions"}],"wp:featuredmedia":[{"embeddable":true,"href":"https:\/\/www.europesays.com\/fr\/wp-json\/wp\/v2\/media\/520606"}],"wp:attachment":[{"href":"https:\/\/www.europesays.com\/fr\/wp-json\/wp\/v2\/media?parent=520605"}],"wp:term":[{"taxonomy":"category","embeddable":true,"href":"https:\/\/www.europesays.com\/fr\/wp-json\/wp\/v2\/categories?post=520605"},{"taxonomy":"post_tag","embeddable":true,"href":"https:\/\/www.europesays.com\/fr\/wp-json\/wp\/v2\/tags?post=520605"}],"curies":[{"name":"wp","href":"https:\/\/api.w.org\/{rel}","templated":true}]}}