{"id":520621,"date":"2025-11-08T13:39:11","date_gmt":"2025-11-08T13:39:11","guid":{"rendered":"https:\/\/www.europesays.com\/fr\/520621\/"},"modified":"2025-11-08T13:39:11","modified_gmt":"2025-11-08T13:39:11","slug":"le-prince-harry-melancolique-cette-phrase-qui-seme-le-doute-sur-son-envie-de-retourner-vivre-au-royaume-uni","status":"publish","type":"post","link":"https:\/\/www.europesays.com\/fr\/520621\/","title":{"rendered":"Le prince Harry m\u00e9lancolique\u00a0: cette phrase qui s\u00e8me le doute sur son envie de retourner vivre au Royaume-Uni"},"content":{"rendered":"<p class=\"ap-StoryElement ap-StoryElement--mb ap-StoryText\">Un bel hommage \u00e0 son pays. Ce mercredi 5 novembre 2025, il a sign\u00e9 un texte, intitul\u00e9 \u00ab\u00a0Le lien, les plaisanteries, le courage : ce que signifie \u00eatre britannique\u00a0\u00bb. Alors qu&rsquo;il a quitt\u00e9 l&rsquo;Angleterre et la famille royale en 2020, pour aller vivre aux \u00c9tats-Unis, ce texte montre qu&rsquo;il est toujours attach\u00e9 \u00e0 son pays natal.<\/p>\n<p class=\"ap-StoryElement ap-StoryElement--mb ap-StoryText\">Depuis ses retrouvailles avec son p\u00e8re, le roi Charles III, le 10 septembre dernier, des rumeurs \u00e9voquaient un possible retour \u00ab\u00a0\u00e0 la maison\u00a0\u00bb pour le duc de Sussex. Si celles-ci avaient \u00e9t\u00e9 d\u00e9menties, la publication de ce texte, sign\u00e9 par la main du mari de Meghan Markle, n&rsquo;a fait relancer les sp\u00e9culations.<\/p>\n","protected":false},"excerpt":{"rendered":"Un bel hommage \u00e0 son pays. Ce mercredi 5 novembre 2025, il a sign\u00e9 un texte, intitul\u00e9 \u00ab\u00a0Le&hellip;\n","protected":false},"author":2,"featured_media":520622,"comment_status":"","ping_status":"","sticky":false,"template":"","format":"standard","meta":{"footnotes":""},"categories":[1588],"tags":[11,4708,1777,674,12,26202,267,473,1853,1851,1850,1852],"class_list":{"0":"post-520621","1":"post","2":"type-post","3":"status-publish","4":"format-standard","5":"has-post-thumbnail","7":"category-royaume-uni","8":"tag-actualites","9":"tag-angleterre","10":"tag-eu","11":"tag-europe","12":"tag-news","13":"tag-nostalgie","14":"tag-prince-harry","15":"tag-royaume-uni","16":"tag-royaume-uni-de-grande-bretagne-et-dirlande-du-nord","17":"tag-uk","18":"tag-united-kingdom","19":"tag-united-kingdom-of-great-britain-and-northern-ireland"},"share_on_mastodon":{"url":"https:\/\/pubeurope.com\/@fr\/115514360722999427","error":""},"_links":{"self":[{"href":"https:\/\/www.europesays.com\/fr\/wp-json\/wp\/v2\/posts\/520621","targetHints":{"allow":["GET"]}}],"collection":[{"href":"https:\/\/www.europesays.com\/fr\/wp-json\/wp\/v2\/posts"}],"about":[{"href":"https:\/\/www.europesays.com\/fr\/wp-json\/wp\/v2\/types\/post"}],"author":[{"embeddable":true,"href":"https:\/\/www.europesays.com\/fr\/wp-json\/wp\/v2\/users\/2"}],"replies":[{"embeddable":true,"href":"https:\/\/www.europesays.com\/fr\/wp-json\/wp\/v2\/comments?post=520621"}],"version-history":[{"count":0,"href":"https:\/\/www.europesays.com\/fr\/wp-json\/wp\/v2\/posts\/520621\/revisions"}],"wp:featuredmedia":[{"embeddable":true,"href":"https:\/\/www.europesays.com\/fr\/wp-json\/wp\/v2\/media\/520622"}],"wp:attachment":[{"href":"https:\/\/www.europesays.com\/fr\/wp-json\/wp\/v2\/media?parent=520621"}],"wp:term":[{"taxonomy":"category","embeddable":true,"href":"https:\/\/www.europesays.com\/fr\/wp-json\/wp\/v2\/categories?post=520621"},{"taxonomy":"post_tag","embeddable":true,"href":"https:\/\/www.europesays.com\/fr\/wp-json\/wp\/v2\/tags?post=520621"}],"curies":[{"name":"wp","href":"https:\/\/api.w.org\/{rel}","templated":true}]}}