{"id":520623,"date":"2025-11-08T13:40:14","date_gmt":"2025-11-08T13:40:14","guid":{"rendered":"https:\/\/www.europesays.com\/fr\/520623\/"},"modified":"2025-11-08T13:40:14","modified_gmt":"2025-11-08T13:40:14","slug":"samedi-en-allemagne-junko-vers-un-nouveau-grosser-preis-von-bayern","status":"publish","type":"post","link":"https:\/\/www.europesays.com\/fr\/520623\/","title":{"rendered":"Samedi en Allemagne &#8211; Junko vers un nouveau Grosser Preis von Bayern ?"},"content":{"rendered":"<p style=\"text-align: justify;\">Double laur\u00e9at de Groupe I, dont ce Grosser Preis von Bayern en 2023, le prot\u00e9g\u00e9 des fr\u00e8res <strong>Wertheimer<\/strong> va tenter d&rsquo;inscrire une nouvelle fois son nom au palmar\u00e8s de cette \u00e9preuve. Il avait, dans la foul\u00e9e, remport\u00e9 le Hong Kong Vase, son plus beau fleuron.\u00a0<\/p>\n<p style=\"text-align: justify;\">\u00a0Le prot\u00e9g\u00e9 d&rsquo;<strong>Andr\u00e9 Fabre<\/strong> n&rsquo;a pas encore pass\u00e9 le poteau en t\u00eate cette saison, mais a tout de m\u00eame montr\u00e9 qu&rsquo;\u00e0 l&rsquo;\u00e2ge de 6 ans, il \u00e9tait toujours ingambe. Le fils <strong>d&rsquo;Intello <\/strong>a\u00a0termin\u00e9 deuxi\u00e8me du Grosser Preis von Baden (Groupe I), derri\u00e8re<strong> Rebel&rsquo;s Romance<\/strong>, et troisi\u00e8me du Grand Prix de Saint-Cloud, derri\u00e8re <strong>Calandagan et Aventure<\/strong>. Le maitre Cantilien a emprunt\u00e9 la m\u00eame voie qu&rsquo;en 2023 pour pr\u00e9parer le Groupe I de ce samedi, c&rsquo;est \u00e0 dire effectuer une rentr\u00e9e dans le Prix du Conseil de Paris. Mont\u00e9 par\u00a0<strong>Bauyrzhan Murzabayev<\/strong> en 2023, cette ann\u00e9e le premier jockey de la casaque,\u00a0<strong>Maxime Guyon<\/strong> fait le d\u00e9placement pour lui \u00eatre associ\u00e9.\u00a0<\/p>\n<p style=\"text-align: justify;\">Pour remporter la premi\u00e8re course de son ann\u00e9e 2025, Junko devra devancer <strong>Bay City Roller<\/strong>, deuxi\u00e8me des Qatar Prix Niel et Dollar, \u00e0 Longchamp.\u00a0<\/p>\n<p>\u00a0<\/p>\n","protected":false},"excerpt":{"rendered":"Double laur\u00e9at de Groupe I, dont ce Grosser Preis von Bayern en 2023, le prot\u00e9g\u00e9 des fr\u00e8res Wertheimer&hellip;\n","protected":false},"author":2,"featured_media":520624,"comment_status":"","ping_status":"","sticky":false,"template":"","format":"standard","meta":{"footnotes":""},"categories":[1587],"tags":[11,672,1804,1805,1803,1777,674,3014,1801,12,3016,1802],"class_list":{"0":"post-520623","1":"post","2":"type-post","3":"status-publish","4":"format-standard","5":"has-post-thumbnail","7":"category-allemagne","8":"tag-actualites","9":"tag-allemagne","10":"tag-bundesrepublik-deutschland","11":"tag-de","12":"tag-deutschland","13":"tag-eu","14":"tag-europe","15":"tag-galop","16":"tag-germany","17":"tag-news","18":"tag-plat","19":"tag-republique-federale-dallemagne"},"share_on_mastodon":{"url":"https:\/\/pubeurope.com\/@fr\/115514364984454974","error":""},"_links":{"self":[{"href":"https:\/\/www.europesays.com\/fr\/wp-json\/wp\/v2\/posts\/520623","targetHints":{"allow":["GET"]}}],"collection":[{"href":"https:\/\/www.europesays.com\/fr\/wp-json\/wp\/v2\/posts"}],"about":[{"href":"https:\/\/www.europesays.com\/fr\/wp-json\/wp\/v2\/types\/post"}],"author":[{"embeddable":true,"href":"https:\/\/www.europesays.com\/fr\/wp-json\/wp\/v2\/users\/2"}],"replies":[{"embeddable":true,"href":"https:\/\/www.europesays.com\/fr\/wp-json\/wp\/v2\/comments?post=520623"}],"version-history":[{"count":0,"href":"https:\/\/www.europesays.com\/fr\/wp-json\/wp\/v2\/posts\/520623\/revisions"}],"wp:featuredmedia":[{"embeddable":true,"href":"https:\/\/www.europesays.com\/fr\/wp-json\/wp\/v2\/media\/520624"}],"wp:attachment":[{"href":"https:\/\/www.europesays.com\/fr\/wp-json\/wp\/v2\/media?parent=520623"}],"wp:term":[{"taxonomy":"category","embeddable":true,"href":"https:\/\/www.europesays.com\/fr\/wp-json\/wp\/v2\/categories?post=520623"},{"taxonomy":"post_tag","embeddable":true,"href":"https:\/\/www.europesays.com\/fr\/wp-json\/wp\/v2\/tags?post=520623"}],"curies":[{"name":"wp","href":"https:\/\/api.w.org\/{rel}","templated":true}]}}