{"id":520625,"date":"2025-11-08T13:41:12","date_gmt":"2025-11-08T13:41:12","guid":{"rendered":"https:\/\/www.europesays.com\/fr\/520625\/"},"modified":"2025-11-08T13:41:12","modified_gmt":"2025-11-08T13:41:12","slug":"ces-promesses-soi-disant-radicales-du-nouveau-maire-de-new-york-en-place-depuis-longtemps-en-europe-lexpress","status":"publish","type":"post","link":"https:\/\/www.europesays.com\/fr\/520625\/","title":{"rendered":"ces promesses soi-disant \u00ab\u00a0radicales\u00a0\u00bb du nouveau maire de New York, en place depuis longtemps en Europe \u2013 L&rsquo;Express"},"content":{"rendered":"<p class=\"paragraph article-body-paragraph article__item   article-body-paragraph--first \">Donald Trump se plait \u00e0 le d\u00e9signer comme un communiste. L&rsquo;int\u00e9ress\u00e9, <a href=\"https:\/\/www.lexpress.fr\/monde\/amerique\/zohran-mamdani-les-cinq-defis-qui-attendent-le-futur-maire-progressiste-de-new-york-5JAYI3MBAZDXVAVYQU65B352S4\/\" rel=\"nofollow noopener\" title=\"https:\/\/www.lexpress.fr\/monde\/amerique\/zohran-mamdani-les-cinq-defis-qui-attendent-le-futur-maire-progressiste-de-new-york-5JAYI3MBAZDXVAVYQU65B352S4\/\" target=\"_blank\">Zohran Mamdani<\/a>, d\u00e9mocrate de 34 ans et \u00e9lu maire de New York depuis le 5 novembre dernier, pr\u00e9f\u00e8re se dire <a href=\"https:\/\/www.lexpress.fr\/idees-et-debats\/zohran-mamdani-pourquoi-il-echouera-comme-tous-les-socialistes-avant-lui-par-rainer-zitelmann-X5A675N36RADBEALZ6QES6IULA\/\" target=\"_blank\" rel=\"noreferrer nofollow noopener\" title=\"https:\/\/www.lexpress.fr\/idees-et-debats\/zohran-mamdani-pourquoi-il-echouera-comme-tous-les-socialistes-avant-lui-par-rainer-zitelmann-X5A675N36RADBEALZ6QES6IULA\/\">socialiste<\/a>. Le terme, qui d\u00e9finit sans accroche en Europe une famille politique \u00e9tablie, g\u00e9n\u00e8re aux Etats-Unis beaucoup de confusion et de peur, car associ\u00e9 aux politiques r\u00e9pressives de l\u2019URSS ou encore de la Chine communiste.<\/p>\n<p class=\"paragraph article-body-paragraph article__item   \">Outre-Atlantique, plusieurs propositions sociales de son programme sont ainsi d\u00e9crites comme \u00ab\u00a0radicales\u00a0\u00bb par ses d\u00e9tracteurs, voire inapplicables, trop ch\u00e8res et irr\u00e9alistes. Nombre d&rsquo;entre elles sont pourtant d\u00e9j\u00e0 en place dans de nombreuses villes d\u2019Europe, note le m\u00e9dia britannique <a href=\"https:\/\/www.theguardian.com\/us-news\/2025\/nov\/06\/europe-zohran-mamdani-policies-normal\" target=\"_blank\" rel=\"noreferrer nofollow noopener\" title=\"https:\/\/www.theguardian.com\/us-news\/2025\/nov\/06\/europe-zohran-mamdani-policies-normal\">The Guardian<\/a>.<\/p>\n<p>Vienne, un exemple europ\u00e9en de ville abordable ?<\/p>\n<p class=\"paragraph article-body-paragraph article__item   \">L\u2019\u00e9dile a tout d\u2019abord d\u00e9cid\u00e9 de s\u2019attaquer aux loyers exorbitants de New York. Zohran Mamdani envisage ainsi de geler le loyer de deux millions de r\u00e9sidents d\u2019appartements r\u00e9glement\u00e9s. Une proposition <a href=\"https:\/\/www.lexpress.fr\/idees-et-debats\/apres-les-bombes-cest-la-plus-sure-facon-de-detruire-une-ville-pourquoi-le-controle-des-loyers-JHMJXIE33BGABM5NNU6LUCKT2U\/\" target=\"_blank\" rel=\"noreferrer nofollow noopener\" title=\"https:\/\/www.lexpress.fr\/idees-et-debats\/apres-les-bombes-cest-la-plus-sure-facon-de-detruire-une-ville-pourquoi-le-controle-des-loyers-JHMJXIE33BGABM5NNU6LUCKT2U\/\">critiqu\u00e9e par de nombreux \u00e9conomistes<\/a>. En plus du gel des loyers, le nouveau maire de la Grosse Pomme pr\u00e9voit \u00e9galement la construction de 200 000 logements aux loyers encadr\u00e9s sur dix ans.<\/p>\n<p class=\"paragraph article-body-paragraph article__item   \">Or, en Europe, plusieurs grandes villes ont d\u00e9cid\u00e9 de r\u00e9guler fortement le secteur, \u00e0 l\u2019image de Vienne. La capitale autrichienne est souvent \u00e9rig\u00e9e en exemple europ\u00e9en, puisque pr\u00e8s de la moiti\u00e9 des locataires Viennois vit dans des logements subventionn\u00e9s &#8211; soit parce qu\u2019ils appartiennent \u00e0 la ville, soit \u00e0 des organismes non lucratifs &#8211; et paie donc des loyers mod\u00e9r\u00e9s.<\/p>\n<p><strong class=\"article-body-link-list__item text-gray-800 article-body-link-list__item--one-item\">LIRE AUSSI : <a class=\"article-body-link-list__item-link\" href=\"https:\/\/www.lexpress.fr\/monde\/amerique\/pourquoi-zohran-mamdani-va-devenir-le-meilleur-ennemi-de-donald-trump-KNXBTKOQW5ACPAVCU3MU7VABLY\/\" rel=\"nofollow noopener\" target=\"_blank\">Pourquoi Zohran Mamdani va devenir le \u00ab\u00a0meilleur ennemi\u00a0\u00bb de Donald Trump<\/a><\/strong><\/p>\n<p class=\"paragraph article-body-paragraph article__item   \">L\u2019origine de cette politique du logement remonte \u00e0 l\u2019entre-deux-guerres, lorsque la ville a commenc\u00e9 \u00e0 construire des centaines de logements municipaux pour r\u00e9pondre \u00e0 la crise du logement. Ainsi, depuis 1920, 220 000 logements municipaux ont \u00e9t\u00e9 construits, un record en Europe, selon <a href=\"https:\/\/www.spiegel.de\/ausland\/bezahlbares-wohnen-wie-wien-zum-groessten-vermieter-europas-wurde-a-7b980817-c992-450f-8263-8372ccbb5dba\" target=\"_blank\" rel=\"noreferrer nofollow noopener\" title=\"https:\/\/www.spiegel.de\/ausland\/bezahlbares-wohnen-wie-wien-zum-groessten-vermieter-europas-wurde-a-7b980817-c992-450f-8263-8372ccbb5dba\">Der Spiegel<\/a>. Cela repr\u00e9sentait pr\u00e8s de 20 % des logements de la capitale autrichienne en 2022. Par ailleurs, les loyers des logements priv\u00e9s construits avant 1953 sont plafonn\u00e9s. Ce mod\u00e8le reste toutefois critiqu\u00e9, notamment en raison des fortes charges qui p\u00e8sent sur les locataires ou parce qu\u2019il plomberait l\u2019investissement priv\u00e9 et donc le dynamisme du march\u00e9 immobilier. Paris, de son c\u00f4t\u00e9, a mis en place un encadrement des loyers d\u00e8s 2019.<\/p>\n<p>La garde d\u2019enfants, deuxi\u00e8me facteur d\u2019exil des New-Yorkais<\/p>\n<p class=\"paragraph article-body-paragraph article__item   \">Apr\u00e8s le co\u00fbt des loyers, un autre facteur qui p\u00e8se le plus sur la d\u00e9pense des familles new-yorkaises est le co\u00fbt de la garde d\u2019enfants. Selon les \u00e9quipes de Zohran Mamdani, il serait m\u00eame une des raisons les plus fr\u00e9quentes avanc\u00e9es par les familles en exil hors de la ville. Selon <a href=\"https:\/\/www.independent.co.uk\/news\/world\/americas\/us-politics\/zohran-mamdani-policy-child-care-new-york-mayor-b2859110.html\" target=\"_blank\" rel=\"noreferrer nofollow noopener\" title=\"https:\/\/www.independent.co.uk\/news\/world\/americas\/us-politics\/zohran-mamdani-policy-child-care-new-york-mayor-b2859110.html\">The Independant<\/a>, le co\u00fbt annuel moyen d\u2019un mode de garde dans une structure collective d\u2019un jeune enfant new yorkais s\u2019\u00e9l\u00e8ve \u00e0 26 000 dollars (environ 22 000 euros). L\u2019\u00e9dile propose ainsi la mise en place d\u2019une garde gratuite pour tous les enfants \u00e2g\u00e9s de 6 semaines \u00e0 5 ans, un projet dont les co\u00fbts sont estim\u00e9s \u00e0 6 milliards de dollars par an. Selon le magazine am\u00e9ricain <a href=\"https:\/\/time.com\/7331036\/mamdani-nyc-mayor-election-campaign-promises\/?utm_source=chatgpt.com\" target=\"_blank\" rel=\"noreferrer nofollow noopener\" title=\"https:\/\/time.com\/7331036\/mamdani-nyc-mayor-election-campaign-promises\/?utm_source=chatgpt.com\">Time<\/a>, l\u2019\u00e9lu a peu d\u00e9taill\u00e9 la mani\u00e8re dont il souhaitait financer cette mesure, si ce n\u2019est d\u2019augmenter les taxes sur les habitants les plus riches de la m\u00e9galopole am\u00e9ricaine. Il projette par ailleurs d\u2019augmenter les salaires des professionnels de la petite enfance.<\/p>\n<p><strong class=\"article-body-link-list__item text-gray-800 article-body-link-list__item--one-item\">LIRE AUSSI : <a class=\"article-body-link-list__item-link\" href=\"https:\/\/www.lexpress.fr\/idees-et-debats\/ken-girardin-avec-zohran-mamdani-les-investisseurs-fuiront-new-york-en-masse-MSR2X7WNZ5AUXNM5VD35XLLL3E\/\" rel=\"nofollow noopener\" target=\"_blank\">Ken Girardin : \u00ab\u00a0Si Zohran Mamdani applique son programme \u00e9conomique, New York sera m\u00e9connaissable\u00a0\u00bb<\/a><\/strong><\/p>\n<p class=\"paragraph article-body-paragraph article__item   \">De l\u2019autre c\u00f4t\u00e9 de l\u2019Atlantique, plusieurs pays et villes pourraient servir de mod\u00e8le \u00e0 Mamdani. En France, l\u2019\u00e9cole maternelle publique est gratuite et obligatoire d\u00e8s trois ans. Avant cet \u00e2ge, des cr\u00e8ches municipales proposent des tarifs adapt\u00e9s selon le revenu des parents. En Su\u00e8de, les villes sont dans l\u2019obligation de proposer un accueil subventionn\u00e9 dans des structures publiques \u00e0 tous les enfants de un \u00e0 cinq ans. Et d\u00e8s leurs trois ans, ils ont le droit \u00e0 15 heures d\u2019accueil gratuit par semaine dans une \u00e9cole maternelle. Au Portugal, le gouvernement a lanc\u00e9 en 2022 un programme d\u2019aide gratuite \u00e0 la garde des enfants \u00e2g\u00e9s d\u2019un an et plus, bien que les places soient encore limit\u00e9es et r\u00e9serv\u00e9es aux familles aux revenus modestes. Enfin, \u00e0 Berlin, la garde d\u2019enfants est gratuite en cr\u00e8che. D\u2019autres L\u00e4nder allemands ont embo\u00eet\u00e9 le pas \u00e0 la ville-Etat en r\u00e9duisant le prix de ces structures.<\/p>\n<p>Un souffle d\u2019espoir pour la gauche europ\u00e9enne<\/p>\n<p class=\"paragraph article-body-paragraph article__item   \">Un autre combat de Zohran Mamdani est l\u2019acc\u00e8s aux transports publics. Il pr\u00e9voit de rendre gratuits les bus publics, une mesure d\u00e9j\u00e0 en place dans plusieurs m\u00e9tropoles europ\u00e9ennes. A commencer par Tallinn, la capitale estonienne, dont les bus et les tramways sont gratuits depuis 2013. Une \u00e9tude relay\u00e9e par le Guardian montre une augmentation de l\u2019utilisation des transports publics de 14 % un an apr\u00e8s la r\u00e9forme et une meilleure mobilit\u00e9 des classes. Depuis 2020, les transports publics sont \u00e9galement gratuits dans la ville de Luxembourg. Et en France, Montpellier et Dunkerque ont saut\u00e9 le pas.<\/p>\n<p><strong class=\"article-body-link-list__item text-gray-800 article-body-link-list__item--one-item\">LIRE AUSSI : <a class=\"article-body-link-list__item-link\" href=\"https:\/\/www.lexpress.fr\/idees-et-debats\/zohran-mamdani-les-six-enseignements-dun-seisme-politique-qui-depasse-new-york-QBMNMGO5GBCXNE6YLQJ3H2CZHY\/\" rel=\"nofollow noopener\" target=\"_blank\">Zohran Mamdani \u00e0 New York : un s\u00e9isme politique que la France ferait bien de regarder de pr\u00e8s<\/a><\/strong><\/p>\n<p class=\"paragraph article-body-paragraph article__item    article__text__endpicto\">Si plusieurs mesures propos\u00e9es par le nouveau maire de New York sont d\u00e9j\u00e0 des droits acquis de longue date en Europe, la victoire de Zohran Mamdani est tout de m\u00eame <a href=\"https:\/\/www.lexpress.fr\/monde\/europe\/de-paris-a-berlin-la-gauche-europeenne-veut-sinspirer-de-la-victoire-de-zohran-mamdani-HZ3KBJ4QQBD23MKKUGKZ5YXURY\/\" target=\"_blank\" rel=\"noreferrer nofollow noopener\" title=\"https:\/\/www.lexpress.fr\/monde\/europe\/de-paris-a-berlin-la-gauche-europeenne-veut-sinspirer-de-la-victoire-de-zohran-mamdani-HZ3KBJ4QQBD23MKKUGKZ5YXURY\/\">\u00e9rig\u00e9e en exemple par la gauche europ\u00e9enne<\/a>. Le souffle d\u2019espoir qui a travers\u00e9 l\u2019Atlantique ne concerne pas tant les mesures propos\u00e9es par Mamdani, sans doute inadapt\u00e9es pour des pays europ\u00e9ens, mais le symbole politique de la victoire d\u2019une gauche assum\u00e9e. Et ce, dans un pays qui a \u00e9lu un <a href=\"https:\/\/www.lexpress.fr\/monde\/amerique\/six-mois-de-donald-trump-a-la-maison-blanche-une-croissance-sous-tension-une-democratie-sous-IVL5P3DKKNDQTJZTJ7B764QUZM\/\" target=\"_blank\" rel=\"noreferrer nofollow noopener\" title=\"https:\/\/www.lexpress.fr\/monde\/amerique\/six-mois-de-donald-trump-a-la-maison-blanche-une-croissance-sous-tension-une-democratie-sous-IVL5P3DKKNDQTJZTJ7B764QUZM\/\">an plus t\u00f4t<\/a> le r\u00e9publicain <a href=\"https:\/\/www.lexpress.fr\/monde\/amerique\/de-new-york-a-la-californie-donald-trump-essuie-une-serie-de-revers-un-an-apres-son-election-FYSHCKFTVFEYVBDETDW3CMSAMQ\/\" target=\"_blank\" rel=\"noreferrer nofollow noopener\" title=\"https:\/\/www.lexpress.fr\/monde\/amerique\/de-new-york-a-la-californie-donald-trump-essuie-une-serie-de-revers-un-an-apres-son-election-FYSHCKFTVFEYVBDETDW3CMSAMQ\/\">Donald Trump<\/a>, qui a depuis largement coup\u00e9 dans l\u2019aide internationale, a fait de la lutte contre l\u2019immigration son cheval de bataille et baiss\u00e9 les imp\u00f4ts pour les plus riches.<\/p>\n","protected":false},"excerpt":{"rendered":"Donald Trump se plait \u00e0 le d\u00e9signer comme un communiste. L&rsquo;int\u00e9ress\u00e9, Zohran Mamdani, d\u00e9mocrate de 34 ans et&hellip;\n","protected":false},"author":2,"featured_media":520626,"comment_status":"","ping_status":"","sticky":false,"template":"","format":"standard","meta":{"footnotes":""},"categories":[1586],"tags":[11,782,1777,674,1011,27,74,12,25],"class_list":{"0":"post-520625","1":"post","2":"type-post","3":"status-publish","4":"format-standard","5":"has-post-thumbnail","7":"category-europe","8":"tag-actualites","9":"tag-ameriques","10":"tag-eu","11":"tag-europe","12":"tag-fr","13":"tag-france","14":"tag-monde","15":"tag-news","16":"tag-republique-francaise"},"share_on_mastodon":{"url":"https:\/\/pubeurope.com\/@fr\/115514368720552677","error":""},"_links":{"self":[{"href":"https:\/\/www.europesays.com\/fr\/wp-json\/wp\/v2\/posts\/520625","targetHints":{"allow":["GET"]}}],"collection":[{"href":"https:\/\/www.europesays.com\/fr\/wp-json\/wp\/v2\/posts"}],"about":[{"href":"https:\/\/www.europesays.com\/fr\/wp-json\/wp\/v2\/types\/post"}],"author":[{"embeddable":true,"href":"https:\/\/www.europesays.com\/fr\/wp-json\/wp\/v2\/users\/2"}],"replies":[{"embeddable":true,"href":"https:\/\/www.europesays.com\/fr\/wp-json\/wp\/v2\/comments?post=520625"}],"version-history":[{"count":0,"href":"https:\/\/www.europesays.com\/fr\/wp-json\/wp\/v2\/posts\/520625\/revisions"}],"wp:featuredmedia":[{"embeddable":true,"href":"https:\/\/www.europesays.com\/fr\/wp-json\/wp\/v2\/media\/520626"}],"wp:attachment":[{"href":"https:\/\/www.europesays.com\/fr\/wp-json\/wp\/v2\/media?parent=520625"}],"wp:term":[{"taxonomy":"category","embeddable":true,"href":"https:\/\/www.europesays.com\/fr\/wp-json\/wp\/v2\/categories?post=520625"},{"taxonomy":"post_tag","embeddable":true,"href":"https:\/\/www.europesays.com\/fr\/wp-json\/wp\/v2\/tags?post=520625"}],"curies":[{"name":"wp","href":"https:\/\/api.w.org\/{rel}","templated":true}]}}