{"id":520634,"date":"2025-11-08T13:48:13","date_gmt":"2025-11-08T13:48:13","guid":{"rendered":"https:\/\/www.europesays.com\/fr\/520634\/"},"modified":"2025-11-08T13:48:13","modified_gmt":"2025-11-08T13:48:13","slug":"pour-lalterna-stade-poitevin-vainqueur-du-plessis-robinson-cest-bon-a-la-maison","status":"publish","type":"post","link":"https:\/\/www.europesays.com\/fr\/520634\/","title":{"rendered":"pour l\u2019Alterna Stade Poitevin, vainqueur du Plessis-Robinson, c\u2019est bon \u00e0 la maison"},"content":{"rendered":"<p><strong>Alterna Stade Poitevin\u00a0&#8211; Plessis-Robinson\u00a0: 3-1<\/strong><\/p>\n<p>Cela valait le coup de rester debout. Les 1.621 spectateurs pr\u00e9sents \u00e0 Lawson-Body, dont le d\u00e9sormais ex-pr\u00e9sident Fran\u00e7ois Garreau et le footballeur Florentin Pogba, ont d\u00fb patienter un petit peu avant la lib\u00e9ration. Avant de pouvoir, enfin, savourer la premi\u00e8re victoire \u00e0 domicile de la saison de l\u2019Alterna Stade Poitevin, apr\u00e8s la d\u00e9faite conc\u00e9d\u00e9e \u00e0 l\u2019Arena Futuroscope <a target=\"_self\" href=\"https:\/\/www.lanouvellerepublique.fr\/poitiers\/msl-montpellier-gache-la-fete-de-l-alterna-stade-poitevin-a-l-arena-1761255637\" rel=\"noopener\">face \u00e0 Montpellier<\/a> il y a un peu plus de deux semaines. Mais elle est finalement arriv\u00e9e gr\u00e2ce aux mains de Thomas Pujol, assez solides pour contrer l\u2019attaque de Nathan Canovas dans une fin de quatri\u00e8me set irrespirable (25-23).<\/p>\n<p>Le Plessis-Robinson n\u2019\u00e9tait pas dans le quatuor de t\u00eate de la MSL pour rien avant cette 5e\u00a0journ\u00e9e de championnat. Victorieuse \u00e0 Chaumont (1-3) et Nice (1-3) en ce d\u00e9but de saison, la formation francilienne, pourtant diminu\u00e9e par les absences (Dukic, Dutra, Platacs), n\u2019a pas offert grand-chose aux Stadistes et cela donne encore un peu plus de relief au succ\u00e8s de Dan Lewis et ses prot\u00e9g\u00e9s. \u00ab\u00a0Cette \u00e9quipe n\u2019a pas de stars mais ses joueurs jouent \u00e0 un haut niveau et ensemble surtout, expliquait le coach poitevin. Ils ne commettent pas de fautes. Si tu leur offres des points, c\u2019est fini contre eux.\u00a0\u00bb Mais l\u2019Alterna Stade Poitevin en a surtout r\u00e9colt\u00e9 trois nouveaux&#8230;. <\/p>\n<p>    Cet article a \u00e9t\u00e9 tronqu\u00e9. Abonnez-vous pour lire l&rsquo;article complet sur notre site.<\/p>\n<p style=\"margin: 0 !important; padding: 0 !important; font-size: 12px !important;\">Cet article a \u00e9t\u00e9 tronqu\u00e9. Abonnez-vous pour lire l&rsquo;article complet.<\/p>\n<p>    <a href=\"https:\/\/www.lanouvellerepublique.fr\/abonnements\" style=\"display: inline-block; margin-top: 5px !important; padding: 6px 12px !important; background: #cb1c27; color: white; text-decoration: none; border-radius: 4px; font-size: 12px !important;\" target=\"_blank\" rel=\"noopener\"><br \/>\n      S&rsquo;abonner<br \/>\n    <\/a><\/p>\n","protected":false},"excerpt":{"rendered":"Alterna Stade Poitevin\u00a0&#8211; Plessis-Robinson\u00a0: 3-1 Cela valait le coup de rester debout. Les 1.621 spectateurs pr\u00e9sents \u00e0 Lawson-Body,&hellip;\n","protected":false},"author":2,"featured_media":520635,"comment_status":"","ping_status":"","sticky":false,"template":"","format":"standard","meta":{"footnotes":""},"categories":[1417],"tags":[1654,1011,27,1655,1653,60,1470,1469],"class_list":{"0":"post-520634","1":"post","2":"type-post","3":"status-publish","4":"format-standard","5":"has-post-thumbnail","7":"category-volley","8":"tag-alterna-stade-poitevin-volley-ball","9":"tag-fr","10":"tag-france","11":"tag-ligue-a","12":"tag-poitiers","13":"tag-sports","14":"tag-volley","15":"tag-volleyball"},"share_on_mastodon":{"url":"https:\/\/pubeurope.com\/@fr\/115514396121310885","error":""},"_links":{"self":[{"href":"https:\/\/www.europesays.com\/fr\/wp-json\/wp\/v2\/posts\/520634","targetHints":{"allow":["GET"]}}],"collection":[{"href":"https:\/\/www.europesays.com\/fr\/wp-json\/wp\/v2\/posts"}],"about":[{"href":"https:\/\/www.europesays.com\/fr\/wp-json\/wp\/v2\/types\/post"}],"author":[{"embeddable":true,"href":"https:\/\/www.europesays.com\/fr\/wp-json\/wp\/v2\/users\/2"}],"replies":[{"embeddable":true,"href":"https:\/\/www.europesays.com\/fr\/wp-json\/wp\/v2\/comments?post=520634"}],"version-history":[{"count":0,"href":"https:\/\/www.europesays.com\/fr\/wp-json\/wp\/v2\/posts\/520634\/revisions"}],"wp:featuredmedia":[{"embeddable":true,"href":"https:\/\/www.europesays.com\/fr\/wp-json\/wp\/v2\/media\/520635"}],"wp:attachment":[{"href":"https:\/\/www.europesays.com\/fr\/wp-json\/wp\/v2\/media?parent=520634"}],"wp:term":[{"taxonomy":"category","embeddable":true,"href":"https:\/\/www.europesays.com\/fr\/wp-json\/wp\/v2\/categories?post=520634"},{"taxonomy":"post_tag","embeddable":true,"href":"https:\/\/www.europesays.com\/fr\/wp-json\/wp\/v2\/tags?post=520634"}],"curies":[{"name":"wp","href":"https:\/\/api.w.org\/{rel}","templated":true}]}}