{"id":520636,"date":"2025-11-08T13:49:11","date_gmt":"2025-11-08T13:49:11","guid":{"rendered":"https:\/\/www.europesays.com\/fr\/520636\/"},"modified":"2025-11-08T13:49:11","modified_gmt":"2025-11-08T13:49:11","slug":"direct-irlande-japon-une-balade-irlandaise-pour-le-trefle-suivez-le-test-match-de-la-tournee-dautomne-2025","status":"publish","type":"post","link":"https:\/\/www.europesays.com\/fr\/520636\/","title":{"rendered":"Direct. Irlande &#8211; Japon : une balade irlandaise pour le Tr\u00e8fle ? Suivez le test-match de la tourn\u00e9e d&rsquo;automne 2025"},"content":{"rendered":"<p>\n                Bonjour et bienvenue sur Rugbyrama pour suivre en direct la rencontre opposant l&rsquo;Irlande au Japon dans le cadre de la tourn\u00e9e d&rsquo;automne 2025.\n            <\/p>\n<p>Apr\u00e8s sa d\u00e9faite face \u00e0 la Nouvelle-Z\u00e9lande \u00e0 Chicago, l&rsquo;Irlande doit se reprendre face \u00e0 un adversaire plus modeste.<\/p>\n<p>Les Brave Blossoms esp\u00e8rent quant \u00e0 eux plonger les Verts dans le doute&#8230;<\/p>\n<p>La rencontre se d\u00e9roule \u00e0 l&rsquo;Aviva Stadium de Dublin.<\/p>\n","protected":false},"excerpt":{"rendered":"Bonjour et bienvenue sur Rugbyrama pour suivre en direct la rencontre opposant l&rsquo;Irlande au Japon dans le cadre&hellip;\n","protected":false},"author":2,"featured_media":520637,"comment_status":"","ping_status":"","sticky":false,"template":"","format":"standard","meta":{"footnotes":""},"categories":[1416],"tags":[1011,27,479,1468,60],"class_list":{"0":"post-520636","1":"post","2":"type-post","3":"status-publish","4":"format-standard","5":"has-post-thumbnail","7":"category-rugby","8":"tag-fr","9":"tag-france","10":"tag-rugby","11":"tag-rugby-football","12":"tag-sports"},"share_on_mastodon":{"url":"https:\/\/pubeurope.com\/@fr\/115514400091868960","error":""},"_links":{"self":[{"href":"https:\/\/www.europesays.com\/fr\/wp-json\/wp\/v2\/posts\/520636","targetHints":{"allow":["GET"]}}],"collection":[{"href":"https:\/\/www.europesays.com\/fr\/wp-json\/wp\/v2\/posts"}],"about":[{"href":"https:\/\/www.europesays.com\/fr\/wp-json\/wp\/v2\/types\/post"}],"author":[{"embeddable":true,"href":"https:\/\/www.europesays.com\/fr\/wp-json\/wp\/v2\/users\/2"}],"replies":[{"embeddable":true,"href":"https:\/\/www.europesays.com\/fr\/wp-json\/wp\/v2\/comments?post=520636"}],"version-history":[{"count":0,"href":"https:\/\/www.europesays.com\/fr\/wp-json\/wp\/v2\/posts\/520636\/revisions"}],"wp:featuredmedia":[{"embeddable":true,"href":"https:\/\/www.europesays.com\/fr\/wp-json\/wp\/v2\/media\/520637"}],"wp:attachment":[{"href":"https:\/\/www.europesays.com\/fr\/wp-json\/wp\/v2\/media?parent=520636"}],"wp:term":[{"taxonomy":"category","embeddable":true,"href":"https:\/\/www.europesays.com\/fr\/wp-json\/wp\/v2\/categories?post=520636"},{"taxonomy":"post_tag","embeddable":true,"href":"https:\/\/www.europesays.com\/fr\/wp-json\/wp\/v2\/tags?post=520636"}],"curies":[{"name":"wp","href":"https:\/\/api.w.org\/{rel}","templated":true}]}}