{"id":520638,"date":"2025-11-08T13:50:13","date_gmt":"2025-11-08T13:50:13","guid":{"rendered":"https:\/\/www.europesays.com\/fr\/520638\/"},"modified":"2025-11-08T13:50:13","modified_gmt":"2025-11-08T13:50:13","slug":"atp-finals-alex-de-minaur-avant-daffronter-carlos-alcaraz-pour-le-premier-match-du-masters-de-turin-je-suis-tres-satisfait-de-ma-saison-sur-cette-surface-jai-pratique-un-excellent-tennis-mai","status":"publish","type":"post","link":"https:\/\/www.europesays.com\/fr\/520638\/","title":{"rendered":"ATP Finals > Alex De Minaur, avant d&rsquo;affronter Carlos Alcaraz pour le premier match du Masters de Turin : \u00ab\u00a0Je suis tr\u00e8s satisfait de ma saison sur cette surface. J&rsquo;ai pratiqu\u00e9 un excellent tennis. Maintenant, il faut d\u00e9montrer tout le travail accompli durant la saison\u00a0\u00bb"},"content":{"rendered":"<p>Alex De Minaur est un des joueurs les plus redou\u00adtables du circuit sur dur indoor, et l\u2019a prouv\u00e9 maintes et maintes fois au cours des derni\u00e8res ann\u00e9es. Mais l\u2019Australien a encore du mal \u00e0 briller dans les plus grands tour\u00adnois, et avant d\u2019af\u00adfronter Carlos Alcaraz en ouver\u00adture du Masters de Turin ce dimanche 9 novembre (\u00e0 partir de 14 heures), il a affich\u00e9 sa d\u00e9termination.<\/p>\n<p><strong>\u00ab\u202fGlobalement, je suis tr\u00e8s satis\u00adfait de ma saison sur cette surface.\u00a0J\u2019ai jou\u00e9 de mani\u00e8re r\u00e9gu\u00adli\u00e8re et j\u2019ai pratiqu\u00e9 un excellent tennis. Nous allons main\u00adte\u00adnant affronter un groupe tr\u00e8s relev\u00e9. Tous les joueurs \u00e0 cette table sont capables de jouer un tennis de tr\u00e8s haut niveau, et ce sera un beau d\u00e9fi pour chacun d\u2019entre nous.\u00a0Nous sommes tous impa\u00adtients de commencer et nous voulons terminer l\u2019ann\u00e9e en beaut\u00e9 avec une semaine de grand tennis, en d\u00e9mon\u00adtrant tout le travail accompli durant la saison\u202f\u00bb<\/strong>, a d\u00e9clar\u00e9 De Minaur devant la presse.<\/p>\n<p class=\"post-published-date\" style=\"color: silver; font-size: 75%; text-align: left;\">Publi\u00e9 le samedi 8 novembre 2025 \u00e0 13:42<\/p>\n","protected":false},"excerpt":{"rendered":"Alex De Minaur est un des joueurs les plus redou\u00adtables du circuit sur dur indoor, et l\u2019a prouv\u00e9&hellip;\n","protected":false},"author":2,"featured_media":137072,"comment_status":"","ping_status":"","sticky":false,"template":"","format":"standard","meta":{"footnotes":""},"categories":[1415],"tags":[1744,8081,1011,27,60,1467],"class_list":{"0":"post-520638","1":"post","2":"type-post","3":"status-publish","4":"format-standard","5":"has-post-thumbnail","7":"category-tennis","8":"tag-alcaraz","9":"tag-de-minaur","10":"tag-fr","11":"tag-france","12":"tag-sports","13":"tag-tennis"},"share_on_mastodon":{"url":"https:\/\/pubeurope.com\/@fr\/115514403948579026","error":""},"_links":{"self":[{"href":"https:\/\/www.europesays.com\/fr\/wp-json\/wp\/v2\/posts\/520638","targetHints":{"allow":["GET"]}}],"collection":[{"href":"https:\/\/www.europesays.com\/fr\/wp-json\/wp\/v2\/posts"}],"about":[{"href":"https:\/\/www.europesays.com\/fr\/wp-json\/wp\/v2\/types\/post"}],"author":[{"embeddable":true,"href":"https:\/\/www.europesays.com\/fr\/wp-json\/wp\/v2\/users\/2"}],"replies":[{"embeddable":true,"href":"https:\/\/www.europesays.com\/fr\/wp-json\/wp\/v2\/comments?post=520638"}],"version-history":[{"count":0,"href":"https:\/\/www.europesays.com\/fr\/wp-json\/wp\/v2\/posts\/520638\/revisions"}],"wp:featuredmedia":[{"embeddable":true,"href":"https:\/\/www.europesays.com\/fr\/wp-json\/wp\/v2\/media\/137072"}],"wp:attachment":[{"href":"https:\/\/www.europesays.com\/fr\/wp-json\/wp\/v2\/media?parent=520638"}],"wp:term":[{"taxonomy":"category","embeddable":true,"href":"https:\/\/www.europesays.com\/fr\/wp-json\/wp\/v2\/categories?post=520638"},{"taxonomy":"post_tag","embeddable":true,"href":"https:\/\/www.europesays.com\/fr\/wp-json\/wp\/v2\/tags?post=520638"}],"curies":[{"name":"wp","href":"https:\/\/api.w.org\/{rel}","templated":true}]}}