{"id":520645,"date":"2025-11-08T13:57:27","date_gmt":"2025-11-08T13:57:27","guid":{"rendered":"https:\/\/www.europesays.com\/fr\/520645\/"},"modified":"2025-11-08T13:57:27","modified_gmt":"2025-11-08T13:57:27","slug":"au-petit-palais-le-peintre-finlandais-pekka-halonen-devoile-sa-vraie-nature","status":"publish","type":"post","link":"https:\/\/www.europesays.com\/fr\/520645\/","title":{"rendered":"Au Petit Palais, le peintre finlandais Pekka Halonen d\u00e9voile sa vraie nature"},"content":{"rendered":"<p class=\"editor-content__paragraph\">Il fallait voir le sourire d\u2019Annick Lemoine, directrice du Petit Palais, lorsqu\u2019elle a ouvert \u00e0 quelques journalistes en juin dernier la porte de la <strong>maison-atelier de Pekka Halonen<\/strong> (1865\u20131933), perch\u00e9e sur un \u00e9peron rocheux <strong>au bord du lac de Tuusula<\/strong>, \u00e0 trente kilom\u00e8tres d\u2019Helsinki. Ce sourire, c\u2019est exactement le m\u00eame que l\u2019on a retrouv\u00e9 \u00e0 Paris, lorsqu\u2019elle a d\u00e9voil\u00e9 en ce d\u00e9but de mois de novembre la salle la plus impressionnante de la <strong>r\u00e9trospective du peintre finlandais<\/strong>\u00a0: la reproduction du<strong> grand salon tout en bois o\u00f9 il travaillait<\/strong>, face \u00e0 une <strong>verri\u00e8re immense<\/strong>, transport\u00e9 dans la nature environnante\u2026<\/p>\n<p class=\"editor-content__paragraph\">Selon elle, c\u2019est dans ce lieu (magique, il est vrai) que se joue toute la compr\u00e9hension de l\u2019art de Pekka Halonen, sa <strong>proximit\u00e9 avec la nature. <\/strong>Dans ce cadre typiquement finlandais qu\u2019il a b\u00e2ti de ses mains, transpara\u00eet son <strong>mode de vie sobre, familial<\/strong>, entour\u00e9 de ses huit enfants et berc\u00e9 par les m\u00e9lodies au piano de sa femme, qui jouait \u00e0 ses c\u00f4t\u00e9s lorsque lui terminait les <strong>peintures commenc\u00e9es en plein air<\/strong>. Oui, cette maison-atelier \u2013 <strong>\u00ab\u00a0Halosenniemi\u00a0\u00bb <\/strong>\u2013 c\u2019est toute l\u2019\u00e2me de Pekka Halonen.<\/p>\n<p>Des origines paysannes<\/p>\n<p>            <strong>Continuez votre lecture<\/strong><\/p>\n<p>\n                et acc\u00e9dez \u00e0 Beaux Arts Magazine<br \/>et \u00e0 tous les contenus web<br \/><strong>en illimit\u00e9 \u00e0 partir de 5,75\u20ac \/ mois<\/strong>\n            <\/p>\n<p class=\"cta-abonnement__log-in\">\n        D\u00e9j\u00e0 abonn\u00e9 ?        <a data-id=\"aHR0cHM6Ly93d3cuYmVhdXhhcnRzLmNvbS9tb24tY29tcHRlLw==\">Connectez-vous<\/a>\n    <\/p>\n<p>            <img data-vllblanksrc=\"https:\/\/www.beauxarts.com\/expos\/qui-est-pekka-halonen-ce-peintre-de-la-neige-et-disciple-finlandais-de-gauguin-mis-a-lhonneur-au-petit-palais\/1\" data-vllsrc=\"https:\/\/www.europesays.com\/fr\/wp-content\/uploads\/2025\/11\/couv-bam-497-1-232x300.png\" alt=\"\"\/><img data-vllblanksrc=\"https:\/\/www.beauxarts.com\/expos\/qui-est-pekka-halonen-ce-peintre-de-la-neige-et-disciple-finlandais-de-gauguin-mis-a-lhonneur-au-petit-palais\/1\" data-vllsrc=\"https:\/\/www.europesays.com\/fr\/wp-content\/uploads\/2025\/09\/couv-bam-496-232x300.png\" alt=\"\"\/>        <\/p>\n","protected":false},"excerpt":{"rendered":"Il fallait voir le sourire d\u2019Annick Lemoine, directrice du Petit Palais, lorsqu\u2019elle a ouvert \u00e0 quelques journalistes en&hellip;\n","protected":false},"author":2,"featured_media":520646,"comment_status":"","ping_status":"","sticky":false,"template":"","format":"standard","meta":{"footnotes":""},"categories":[1358],"tags":[12870,1348,1384,1385,1386,58,59,219,1011,27,1585,64153,29081],"class_list":{"0":"post-520645","1":"post","2":"type-post","3":"status-publish","4":"format-standard","5":"has-post-thumbnail","7":"category-arts-et-design","8":"tag-art-moderne","9":"tag-arts","10":"tag-arts-and-design","11":"tag-arts-et-design","12":"tag-design","13":"tag-divertissement","14":"tag-entertainment","15":"tag-finlande","16":"tag-fr","17":"tag-france","18":"tag-peinture","19":"tag-pekka-halonen","20":"tag-petit-palais"},"share_on_mastodon":{"url":"https:\/\/pubeurope.com\/@fr\/115514431416114010","error":""},"_links":{"self":[{"href":"https:\/\/www.europesays.com\/fr\/wp-json\/wp\/v2\/posts\/520645","targetHints":{"allow":["GET"]}}],"collection":[{"href":"https:\/\/www.europesays.com\/fr\/wp-json\/wp\/v2\/posts"}],"about":[{"href":"https:\/\/www.europesays.com\/fr\/wp-json\/wp\/v2\/types\/post"}],"author":[{"embeddable":true,"href":"https:\/\/www.europesays.com\/fr\/wp-json\/wp\/v2\/users\/2"}],"replies":[{"embeddable":true,"href":"https:\/\/www.europesays.com\/fr\/wp-json\/wp\/v2\/comments?post=520645"}],"version-history":[{"count":0,"href":"https:\/\/www.europesays.com\/fr\/wp-json\/wp\/v2\/posts\/520645\/revisions"}],"wp:featuredmedia":[{"embeddable":true,"href":"https:\/\/www.europesays.com\/fr\/wp-json\/wp\/v2\/media\/520646"}],"wp:attachment":[{"href":"https:\/\/www.europesays.com\/fr\/wp-json\/wp\/v2\/media?parent=520645"}],"wp:term":[{"taxonomy":"category","embeddable":true,"href":"https:\/\/www.europesays.com\/fr\/wp-json\/wp\/v2\/categories?post=520645"},{"taxonomy":"post_tag","embeddable":true,"href":"https:\/\/www.europesays.com\/fr\/wp-json\/wp\/v2\/tags?post=520645"}],"curies":[{"name":"wp","href":"https:\/\/api.w.org\/{rel}","templated":true}]}}