{"id":520651,"date":"2025-11-08T14:01:43","date_gmt":"2025-11-08T14:01:43","guid":{"rendered":"https:\/\/www.europesays.com\/fr\/520651\/"},"modified":"2025-11-08T14:01:43","modified_gmt":"2025-11-08T14:01:43","slug":"asterix-et-obelix-les-visiteurs-les-bronzes-font-du-ski-ces-sapeurs-pompiers-jouent-la-comedie-dans-leur-calendrier-pour-casser-la-routine","status":"publish","type":"post","link":"https:\/\/www.europesays.com\/fr\/520651\/","title":{"rendered":"Ast\u00e9rix et Ob\u00e9lix\u00a0\u00bb, \u00ab\u00a0Les visiteurs\u00a0\u00bb, \u00ab\u00a0Les bronz\u00e9s font du ski\u00a0\u00bb&#8230; Ces sapeurs-pompiers jouent la com\u00e9die dans leur calendrier pour \u00ab\u00a0casser la routine"},"content":{"rendered":"<p class=\"article__intro\">Depuis trois ans, les sapeurs-pompiers de Gisors (Eure) se mettent en sc\u00e8ne pour proposer des calendriers originaux \u00e0 leurs donateurs. Cette ann\u00e9e, ils ont choisi de reproduire des sc\u00e8nes cultes du cin\u00e9ma. Et le succ\u00e8s semble au rendez-vous.<\/p>\n<p>\n      L\u2019actu des r\u00e9gions\n    <\/p>\n<p>\n      Chaque jour, un tour d\u2019horizon des principales infos de toutes les r\u00e9gions.\n    <\/p>\n<p>    France T\u00e9l\u00e9visions utilise votre adresse e-mail afin de vous envoyer la newsletter \u00ab\u00a0L\u2019actu des r\u00e9gions\u00a0\u00bb. Vous pouvez vous d\u00e9sinscrire \u00e0 tout moment via le lien en bas de cette newsletter. <a target=\"_blank\" href=\"https:\/\/www.francetelevisions.fr\/groupe\/confidentialite\/politique-de-confidentialite\/politique-de-confidentialite-de-france-televisions-6503\" rel=\"nofollow noopener\">Notre politique de confidentialit\u00e9<\/a><\/p>\n<p>Ils ne voulaient plus de calendrier traditionnel alors ils ont trouv\u00e9 une autre id\u00e9e&#8230; \u00c0 la caserne de <a href=\"https:\/\/france3-regions.franceinfo.fr\/normandie\/eure\/evreux\/pollution-au-fioul-de-l-epte-en-plein-centre-ville-de-gisors-des-investigations-en-cours-3188757.html\" target=\"_blank\" rel=\"noopener noreferrer nofollow\" data-tooltip-url=\"https:\/\/france3-regions.franceinfo.fr\/normandie\/eure\/evreux\/pollution-au-fioul-de-l-epte-en-plein-centre-ville-de-gisors-des-investigations-en-cours-3188757.html\">Gisors<\/a> (Eure), le caporal Chesneau et son \u00e9quipe se sont gliss\u00e9s dans la peau de com\u00e9diens pour rejouer des sc\u00e8nes embl\u00e9matiques du cin\u00e9ma.<\/p>\n<\/p>\n<p>\u00ab\u00a0Forrest Gump\u00a0\u00bb, \u00ab\u00a0Ast\u00e9rix et Ob\u00e9lix\u00a0\u00bb ou encore \u00ab\u00a0Les visiteurs\u00a0\u00bb, les sapeurs-pompiers ont pos\u00e9 comme <a href=\"https:\/\/france3-regions.franceinfo.fr\/normandie\/calvados\/jean-dujardin-elsa-zylberstein-pour-son-anniversaire-claude-lelouch-s-offre-un-cine-bistrot-et-une-brochette-de-stars-3241822.html\" target=\"_blank\" rel=\"noopener noreferrer nofollow\" data-tooltip-url=\"https:\/\/france3-regions.franceinfo.fr\/normandie\/calvados\/jean-dujardin-elsa-zylberstein-pour-son-anniversaire-claude-lelouch-s-offre-un-cine-bistrot-et-une-brochette-de-stars-3241822.html\">des com\u00e9diens<\/a> pour \u00ab\u00a0casser la routine\u00a0\u00bb. Depuis trois ans, leur calendrier ne ressemble \u00e0 aucun autre gr\u00e2ce \u00e0 une mise en sc\u00e8ne sur-mesure.<\/p>\n<p><strong>Vid\u00e9o : Reportage sur les pompiers de Gisors qui posent comme au cin\u00e9ma<\/strong><\/p>\n<p>    dur\u00e9e de la vid\u00e9o : 00h01mn45s<\/p>\n<p>        <img decoding=\"async\" width=\"640\" height=\"426\" class=\"article-image not-lazy\" src=\"https:\/\/www.europesays.com\/fr\/wp-content\/uploads\/2025\/11\/3a90d87f-8a87-4b80-8b30-caae643355ec.jpg\" alt=\"\" fetchpriority=\"high\"\/><\/p>\n<p>              Voir la video\u00a0(1 minutes 45 secondes).\u00a0<br \/>\n                  1 min 45 s<\/p>\n<p>\n          Les pompiers de Gisors (Eure) jouent les acteurs pour leur calendrier annuel.<\/p>\n<p>        \u2022<\/p>\n<p>              \u00a9France T\u00e9l\u00e9visions \/ M.Cribier et E.Lombaert\n      <\/p>\n<p>\u00ab\u00a0Michel Blanc, c&rsquo;est moi !\u00a0\u00bb, sourit David, adjudant-chef, en montrant une photo de lui prise dans une t\u00e9l\u00e9cabine comme dans le film \u00ab\u00a0Les Bronz\u00e9s font du ski\u00a0\u00bb. \u00ab\u00a0C&rsquo;est aussi une mani\u00e8re de rendre hommage \u00e0 l&rsquo;acteur\u00a0\u00bb, pr\u00e9cise-t-il.<\/p>\n<p><a data-article-figure=\"\" href=\"https:\/\/france3-regions.franceinfo.fr\/image\/ZTsYXFrCnC_1SXKPhBHuHHjQqFI\/1920x1080\/regions\/2025\/11\/04\/corni-hd4745-00-01-55-12-690a0c0751df8284251644.jpg\" data-pswp-width=\"1920\" data-pswp-height=\"1080\" target=\"_blank\" rel=\"nofollow noopener\"><\/p>\n<p>          <img width=\"600\" height=\"400\" class=\"article-image lazy\" data-src=\"https:\/\/www.europesays.com\/fr\/wp-content\/uploads\/2025\/11\/corni-hd4745-00-01-55-12-690a0c0751df8284251644.jpg\" alt=\"&quot;Forrest Gump&quot;, &quot;Ast\u00e9rix et Ob\u00e9lix&quot; ou encore &quot;Les visiteurs&quot;, les sapeurs-pompiers ont pos\u00e9 comme des com\u00e9diens pour &quot;casser la routine&quot;.\" fetchpriority=\"high\" as=\"image\"\/><\/p>\n<p>\n            \u00ab\u00a0Forrest Gump\u00a0\u00bb, \u00ab\u00a0Ast\u00e9rix et Ob\u00e9lix\u00a0\u00bb ou encore \u00ab\u00a0Les visiteurs\u00a0\u00bb, les sapeurs-pompiers ont pos\u00e9 comme des com\u00e9diens pour \u00ab\u00a0casser la routine\u00a0\u00bb.<br \/>\n                           \u2022<br \/>\n                                      \u00a9 France T\u00e9l\u00e9visions \/ Patrice Cornilly\n                      <\/p>\n<p><\/a><\/p>\n<p>Dans les rues du centre-ville, les sapeurs-pompiers viennent de d\u00e9buter la distribution.\u00a0\u00bbJe pense que \u00e7a va beaucoup plaire, \u00e7a change du calendrier o\u00f9 on voit toujours la m\u00eame chose. Malheureusement, on s&rsquo;en lasse\u00a0\u00bb, t\u00e9moigne une habitante.<\/p>\n<p>Pour construire ce calendrier, la photographe Jean-Philippe Benoit a travaill\u00e9 \u00e0 repr\u00e9senter des monuments incontournables de Gisors. Il prend pour exemple l&rsquo;affiche du c\u00e9l\u00e8bre \u00ab\u00a0Bienvenue chez les Ch&#8217;tis\u00a0\u00bb, initialement r\u00e9alis\u00e9e devant le Beffroi de Bergues, dans le Nord.<\/p>\n<\/p>\n<p>\u00ab\u00a0On retrouve bien le paysage de Gisors avec le ch\u00e2teau, l&rsquo;\u00e9glise et le Pagodon. L&rsquo;id\u00e9e est que les gens puissent rechercher des petits d\u00e9tails\u00a0\u00bb, explique le photographe et r\u00e9alisateur en feuilletant l&rsquo;ouvrage.<\/p>\n<p>Une partie des dons r\u00e9colt\u00e9s sera revers\u00e9e \u00e0 <a href=\"https:\/\/www.pompiers.fr\/historique\/#:~:text=L&#039;%C5%92uvre%20des%20Pupilles%20a,en%20service%20command%C3%A9%20ou%20non.\" target=\"_blank\" rel=\"noopener noreferrer nofollow\" data-tooltip-url=\"https:\/\/www.pompiers.fr\/historique\/#:~:text=L&#039;%C5%92uvre%20des%20Pupilles%20a,en%20service%20command%C3%A9%20ou%20non.\">l&rsquo;\u0152uvre des Pupilles<\/a> pour venir en aide aux orphelins des sapeurs-pompiers.<\/p>\n<p>Propos recueillis sur place par Martin Cribier et Patrice Cornilly<\/p><\/p>\n","protected":false},"excerpt":{"rendered":"Depuis trois ans, les sapeurs-pompiers de Gisors (Eure) se mettent en sc\u00e8ne pour proposer des calendriers originaux \u00e0&hellip;\n","protected":false},"author":2,"featured_media":520652,"comment_status":"","ping_status":"","sticky":false,"template":"","format":"standard","meta":{"footnotes":""},"categories":[1354],"tags":[58,59,1346,1011,27,1360],"class_list":{"0":"post-520651","1":"post","2":"type-post","3":"status-publish","4":"format-standard","5":"has-post-thumbnail","7":"category-films","8":"tag-divertissement","9":"tag-entertainment","10":"tag-films","11":"tag-fr","12":"tag-france","13":"tag-movies"},"share_on_mastodon":{"url":"https:\/\/pubeurope.com\/@fr\/115514448317924599","error":""},"_links":{"self":[{"href":"https:\/\/www.europesays.com\/fr\/wp-json\/wp\/v2\/posts\/520651","targetHints":{"allow":["GET"]}}],"collection":[{"href":"https:\/\/www.europesays.com\/fr\/wp-json\/wp\/v2\/posts"}],"about":[{"href":"https:\/\/www.europesays.com\/fr\/wp-json\/wp\/v2\/types\/post"}],"author":[{"embeddable":true,"href":"https:\/\/www.europesays.com\/fr\/wp-json\/wp\/v2\/users\/2"}],"replies":[{"embeddable":true,"href":"https:\/\/www.europesays.com\/fr\/wp-json\/wp\/v2\/comments?post=520651"}],"version-history":[{"count":0,"href":"https:\/\/www.europesays.com\/fr\/wp-json\/wp\/v2\/posts\/520651\/revisions"}],"wp:featuredmedia":[{"embeddable":true,"href":"https:\/\/www.europesays.com\/fr\/wp-json\/wp\/v2\/media\/520652"}],"wp:attachment":[{"href":"https:\/\/www.europesays.com\/fr\/wp-json\/wp\/v2\/media?parent=520651"}],"wp:term":[{"taxonomy":"category","embeddable":true,"href":"https:\/\/www.europesays.com\/fr\/wp-json\/wp\/v2\/categories?post=520651"},{"taxonomy":"post_tag","embeddable":true,"href":"https:\/\/www.europesays.com\/fr\/wp-json\/wp\/v2\/tags?post=520651"}],"curies":[{"name":"wp","href":"https:\/\/api.w.org\/{rel}","templated":true}]}}