{"id":52067,"date":"2025-04-25T15:32:13","date_gmt":"2025-04-25T15:32:13","guid":{"rendered":"https:\/\/www.europesays.com\/fr\/52067\/"},"modified":"2025-04-25T15:32:13","modified_gmt":"2025-04-25T15:32:13","slug":"les-rafales-francais-sexercent-aux-portes-de-la-russie-avec-lotan-et-ca-na-rien-dun-hasard","status":"publish","type":"post","link":"https:\/\/www.europesays.com\/fr\/52067\/","title":{"rendered":"Les Rafales fran\u00e7ais s\u2019exercent aux portes de la Russie avec l\u2019OTAN et \u00e7a n\u2019a rien d\u2019un hasard"},"content":{"rendered":"<p>INTERNATIONAL &#8211; Un message pour le gand voisin. Depuis le mardi 22\u00a0avril, l\u2019arm\u00e9e fran\u00e7aise a entam\u00e9 un d\u00e9ploiement d\u2019une dizaine d\u2019avions en Su\u00e8de, puis en Pologne et en Croatie pour une \u00ab\u00a0op\u00e9ration de projection de puissance\u00a0\u00bb sur les flancs Nord et Est de l\u2019<a href=\"https:\/\/fr.news.yahoo.com\/donald-trump-met-chef-l-044514901.html\" data-ylk=\"slk:Otan;elm:context_link;itc:0;sec:content-canvas;outcm:mb_qualified_link;_E:mb_qualified_link;ct:story;\" class=\"link  yahoo-link\" target=\"_blank\" rel=\"noopener\">Otan<\/a>, a annonc\u00e9 l\u2019arm\u00e9e de l\u2019Air et de l\u2019Espace.<\/p>\n<p><strong>Comme vous pouvez le voir dans la vid\u00e9o en t\u00eate de l\u2019article<\/strong>, cette mission baptis\u00e9e \u00ab\u00a0P\u00e9gase Grand Nord 25\u00a0\u00bb se d\u00e9roule pr\u00e8s de la fronti\u00e8re russe, une premi\u00e8re tandis que le rapprochement entre <a href=\"https:\/\/fr.news.yahoo.com\/guerre-ukraine-donald-trump-r%C3%AAve-065907049.html\" data-ylk=\"slk:Donald Trump;elm:context_link;itc:0;sec:content-canvas;outcm:mb_qualified_link;_E:mb_qualified_link;ct:story;\" class=\"link  yahoo-link\" target=\"_blank\" rel=\"noopener\">Donald Trump<\/a> et <a href=\"https:\/\/fr.news.yahoo.com\/tr%C3%AAve-ukraine-russie-pr%C3%AAte-%C3%A0-054358393.html\" data-ylk=\"slk:Vladimir Poutine;elm:context_link;itc:0;sec:content-canvas;outcm:mb_qualified_link;_E:mb_qualified_link;ct:story;\" class=\"link  yahoo-link\" target=\"_blank\" rel=\"noopener\">Vladimir Poutine<\/a> n\u2019augure rien de bon pour les Europ\u00e9ens.<\/p>\n<p><a href=\"https:\/\/fr.news.yahoo.com\/l-ukraine-n%C3%A9gociations-entre-poutine-150407125.html\" data-ylk=\"slk:Sur l\u2019Ukraine, comment les n\u00e9gociations entre Poutine et Trump en vue d\u2019une tr\u00eave se sont enlis\u00e9es;elm:context_link;itc:0;sec:content-canvas;outcm:mb_qualified_link;_E:mb_qualified_link;ct:story;\" class=\"link  yahoo-link\" target=\"_blank\" rel=\"noopener\"> Sur l\u2019Ukraine, comment les n\u00e9gociations entre Poutine et Trump en vue d\u2019une tr\u00eave se sont enlis\u00e9es <\/a><\/p>\n<p>De son c\u00f4t\u00e9, l\u2019arm\u00e9e de l\u2019Air et de l\u2019Espace affirme sur son compte X que cette mission P\u00e9gase vise \u00e0 \u00ab\u00a0d\u00e9montrer notre capacit\u00e9 \u00e0 nous d\u00e9ployer vite, loin et de fa\u00e7on autonome\u00a0\u00bb.<\/p>\n<p>Six avions de combat <a href=\"https:\/\/fr.news.yahoo.com\/collision-entre-deux-rafale-macron-051542613.html\" data-ylk=\"slk:Rafale;elm:context_link;itc:0;sec:content-canvas;outcm:mb_qualified_link;_E:mb_qualified_link;ct:story;\" class=\"link  yahoo-link\" target=\"_blank\" rel=\"noopener\">Rafale<\/a>, deux avions de transport A400M et un ravitailleur A330 MRTT ont d\u00e9coll\u00e9 le 22\u00a0avril pour Lulea, dans le nord de la Su\u00e8de. Ils y resteront jusqu\u2019\u00e0 vendredi pour des exercices \u00ab\u00a0d\u2019engagement bilat\u00e9ral et multinational avec les pays scandinaves\u00a0\u00bb avant de rallier la Pologne, o\u00f9 ils resteront du 25 au 29\u00a0avril, puis le lendemain la Croatie.<\/p>\n<p>Selon l\u2019arm\u00e9e de l\u2019Air et de l\u2019Espace, \u00ab\u00a0la mission P\u00e9gase Grand Nord contribue \u00e0 d\u00e9montrer la capacit\u00e9 des forces de l\u2019Otan \u00e0 r\u00e9pondre imm\u00e9diatement \u00e0 toute agression en Europe\u00a0\u00bb. C\u2019est la premi\u00e8re fois que la mission annuelle P\u00e9gase, cr\u00e9\u00e9e en 2018, n\u2019est pas d\u00e9ploy\u00e9e dans la r\u00e9gion indo-pacifique, zone \u00e9rig\u00e9e en priorit\u00e9 strat\u00e9gique sous la pr\u00e9sidence d\u2019Emmanuel Macron, et o\u00f9 la France est pr\u00e9sente gr\u00e2ce \u00e0 l\u2019\u00eele de la R\u00e9union et les archipels de la Polyn\u00e9sie fran\u00e7aise.<\/p>\n<p>Le nombre d\u2019avions mobilis\u00e9s cette ann\u00e9e a \u00e9t\u00e9 divis\u00e9 par deux par rapport aux deux derni\u00e8res \u00e9ditions. En 2024, la mission P\u00e9gase s\u2019\u00e9tait d\u00e9roul\u00e9e sur huit semaines au cours desquelles 13 pays avaient \u00e9t\u00e9 visit\u00e9s.<\/p>\n<p><strong>\u00c0 voir \u00e9galement sur Le HuffPost\u00a0:<\/strong><\/p>\n<p><a href=\"https:\/\/fr.news.yahoo.com\/l-administration-trump-trouve-l-164328010.html\" data-ylk=\"slk:L\u2019administration Trump trouve l\u2019Europe \u00ab\u00a0path\u00e9tique\u00a0\u00bb sur Signal, mais pas pour les raisons que vous pensez;elm:context_link;itc:0;sec:content-canvas;outcm:mb_qualified_link;_E:mb_qualified_link;ct:story;\" class=\"link  yahoo-link\" target=\"_blank\" rel=\"noopener\"> L\u2019administration Trump trouve l\u2019Europe \u00ab\u00a0path\u00e9tique\u00a0\u00bb sur Signal, mais pas pour les raisons que vous pensez <\/a><\/p>\n<p><a href=\"https:\/\/fr.news.yahoo.com\/feuille-route-arm%C3%A9e-europ%C3%A9enne-existe-174011888.html\" data-ylk=\"slk:La feuille de route pour une \u00ab\u00a0arm\u00e9e europ\u00e9enne\u00a0\u00bb existe, mais personne ne veut la suivre \u00e0 part Macron;elm:context_link;itc:0;sec:content-canvas;outcm:mb_qualified_link;_E:mb_qualified_link;ct:story;\" class=\"link  yahoo-link\" target=\"_blank\" rel=\"noopener\"> La feuille de route pour une \u00ab\u00a0arm\u00e9e europ\u00e9enne\u00a0\u00bb existe, mais personne ne veut la suivre \u00e0 part Macron <\/a><\/p>\n","protected":false},"excerpt":{"rendered":"INTERNATIONAL &#8211; Un message pour le gand voisin. Depuis le mardi 22\u00a0avril, l\u2019arm\u00e9e fran\u00e7aise a entam\u00e9 un d\u00e9ploiement&hellip;\n","protected":false},"author":2,"featured_media":52068,"comment_status":"","ping_status":"","sticky":false,"template":"","format":"standard","meta":{"footnotes":""},"categories":[1591],"tags":[11,75,1887,14513,14510,14509,12,14512,14511,1885,1886,132],"class_list":{"0":"post-52067","1":"post","2":"type-post","3":"status-publish","4":"format-standard","5":"has-post-thumbnail","7":"category-russie","8":"tag-actualites","9":"tag-donald-trump","10":"tag-federation-de-russie","11":"tag-grand-nord","12":"tag-larmee-de-lair","13":"tag-larmee-francaise","14":"tag-news","15":"tag-pegase","16":"tag-projection-de-puissance","17":"tag-russia","18":"tag-russian-federation","19":"tag-russie"},"share_on_mastodon":{"url":"https:\/\/pubeurope.com\/@fr\/114399329884336028","error":""},"_links":{"self":[{"href":"https:\/\/www.europesays.com\/fr\/wp-json\/wp\/v2\/posts\/52067","targetHints":{"allow":["GET"]}}],"collection":[{"href":"https:\/\/www.europesays.com\/fr\/wp-json\/wp\/v2\/posts"}],"about":[{"href":"https:\/\/www.europesays.com\/fr\/wp-json\/wp\/v2\/types\/post"}],"author":[{"embeddable":true,"href":"https:\/\/www.europesays.com\/fr\/wp-json\/wp\/v2\/users\/2"}],"replies":[{"embeddable":true,"href":"https:\/\/www.europesays.com\/fr\/wp-json\/wp\/v2\/comments?post=52067"}],"version-history":[{"count":0,"href":"https:\/\/www.europesays.com\/fr\/wp-json\/wp\/v2\/posts\/52067\/revisions"}],"wp:featuredmedia":[{"embeddable":true,"href":"https:\/\/www.europesays.com\/fr\/wp-json\/wp\/v2\/media\/52068"}],"wp:attachment":[{"href":"https:\/\/www.europesays.com\/fr\/wp-json\/wp\/v2\/media?parent=52067"}],"wp:term":[{"taxonomy":"category","embeddable":true,"href":"https:\/\/www.europesays.com\/fr\/wp-json\/wp\/v2\/categories?post=52067"},{"taxonomy":"post_tag","embeddable":true,"href":"https:\/\/www.europesays.com\/fr\/wp-json\/wp\/v2\/tags?post=52067"}],"curies":[{"name":"wp","href":"https:\/\/api.w.org\/{rel}","templated":true}]}}