{"id":520701,"date":"2025-11-08T14:31:09","date_gmt":"2025-11-08T14:31:09","guid":{"rendered":"https:\/\/www.europesays.com\/fr\/520701\/"},"modified":"2025-11-08T14:31:09","modified_gmt":"2025-11-08T14:31:09","slug":"le-rn-veut-tenir-sa-reunion-en-plein-coeur-du-centre-ville","status":"publish","type":"post","link":"https:\/\/www.europesays.com\/fr\/520701\/","title":{"rendered":"le RN veut tenir sa r\u00e9union en plein c\u0153ur du centre-ville"},"content":{"rendered":"<p><strong>La mairie PS complice du RN<\/strong><\/p>\n<p><img loading=\"lazy\" decoding=\"async\" width=\"1000\" height=\"1000\" data-attachment-id=\"97310\" data-permalink=\"https:\/\/contre-attaque.net\/2025\/11\/08\/nouvelle-provocation-de-lextreme-droite-a-nantes-le-rn-veut-tenir-sa-reunion-en-plein-coeur-du-centre-ville\/579276056_1253941090109711_6515716475706280451_n\/\" data-orig-file=\"https:\/\/www.europesays.com\/fr\/wp-content\/uploads\/2025\/11\/579276056_1253941090109711_6515716475706280451_n.jpg\" data-orig-size=\"1000,1000\" data-comments-opened=\"0\" data-image-meta=\"{&quot;aperture&quot;:&quot;0&quot;,&quot;credit&quot;:&quot;&quot;,&quot;camera&quot;:&quot;&quot;,&quot;caption&quot;:&quot;&quot;,&quot;created_timestamp&quot;:&quot;0&quot;,&quot;copyright&quot;:&quot;&quot;,&quot;focal_length&quot;:&quot;0&quot;,&quot;iso&quot;:&quot;0&quot;,&quot;shutter_speed&quot;:&quot;0&quot;,&quot;title&quot;:&quot;&quot;,&quot;orientation&quot;:&quot;0&quot;}\" data-image-title=\"579276056_1253941090109711_6515716475706280451_n\" data-image-description=\"\" data-image-caption=\"\" data-medium-file=\"https:\/\/contre-attaque.net\/wp-content\/uploads\/2025\/11\/579276056_1253941090109711_6515716475706280451_n-300x300.jpg\" data-large-file=\"https:\/\/www.europesays.com\/fr\/wp-content\/uploads\/2025\/11\/579276056_1253941090109711_6515716475706280451_n.jpg\" src=\"https:\/\/www.europesays.com\/fr\/wp-content\/uploads\/2025\/11\/579276056_1253941090109711_6515716475706280451_n.jpg\" alt=\"Ce dimanche, rappelons qu'\u00e0 Nantes, hier comme aujourd'hui, les nazillons et leurs sbires ne seront jamais les bienvenus, ni tol\u00e9r\u00e9s dans notre ville.\" class=\"wp-image-97310\"  \/><\/p>\n<p>Apr\u00e8s Savenay, Vigneux-de-Bretagne ou encore Saint-Herblain, le Rassemblement National veut cette fois-ci organiser un meeting en plein c\u0153ur de la ville de Nantes. Le parti de Jordan Bardella et Marine Le Pen a r\u00e9ussi \u00e0 louer une salle municipale dans le centre-ville de Nantes, \u00e0 la m\u00e9diath\u00e8que Jacques Demy. Un b\u00e2timent culturel, l\u2019ironie fait grincer des dents, quand on sait que comme disait le po\u00e8te Pablo Neruda, \u00able fascisme est toujours l\u2019ennemi de la culture\u00bb.<\/p>\n<p>Pire, la salle porte le nom de Jules Vall\u00e8s : un journaliste \u00e9lu \u00e0 la Commune de Paris, qui fut condamn\u00e9 \u00e0 mort et d\u00fb s\u2019exiler \u00e0 Londres pour ses id\u00e9es r\u00e9volutionnaires d\u2019\u00e9mancipation et de justice sociale. <a href=\"https:\/\/contre-attaque.net\/2021\/03\/27\/lhommage-de-jules-valles-a-la-commune-de-paris\/\" target=\"_blank\" rel=\"noopener\">Nul doute que Jules Vall\u00e8s aurait \u00e9t\u00e9 de l\u2019autre c\u00f4t\u00e9 de la barricade face \u00e0 un parti fond\u00e9 par des SS<\/a>. Dans une ville o\u00f9 les r\u00e9sistances antifascistes ont toujours \u00e9t\u00e9 nombreuses et vigoureuses, la pr\u00e9sence des h\u00e9ritiers du p\u00e9tainisme est une provocation. Une provocation dont la mairie PS se rend complice en fournissant cette salle. \u00c0 Nantes, il est d\u00e9cid\u00e9ment plus facile pour les fascistes que pour les organisations de gauche d\u2019obtenir des salles municipales. Quand on connait les d\u00e9marches p\u00e9nibles et interminables pour organiser le moindre \u00e9v\u00e9nement dans un lieu de la mairie, on ne peut que s\u2019\u00e9tonner de la facilit\u00e9 avec laquelle les fascistes obtiennent r\u00e9guli\u00e8rement des salles.<\/p>\n<p>Ce meeting, qui aura lieu ce dimanche 9 novembre \u00e0 15h, vise \u00e0 donner la parole \u00e0 Jean-Claude Hulot, 67 ans, militant et adh\u00e9rent au RN, fra\u00eechement parachut\u00e9 de Paris dans l\u2019optique de constituer une liste d\u2019extr\u00eame droite pour les prochaines \u00e9lections municipales \u00e0 Nantes. Son programme tient en quelques lignes, comme le conc\u00e9dait un article de Ouest-France \u00e0 la rentr\u00e9e : \u00ab\u00a0Plus de policiers municipaux arm\u00e9s, plus de vid\u00e9osurveillance, plus de fluidit\u00e9 et de voitures en ville, moins de soumission au wokisme, au Voyage \u00e0 Nantes et \u00e0 la v\u00e9g\u00e9talisation chaotique\u00a0\u00bb. En bref, un programme anti-\u00e9cologique, r\u00e9pressif et r\u00e9actionnaire. Ce parti de collabos et de p\u00e9tainistes veut s\u2019implanter dans l\u2019Ouest o\u00f9 il multiplie les prises de paroles publiques. Au niveau local, l\u2019implantation du RN dans la r\u00e9gion est un enjeu majeur : en 2026 auront lieu les \u00e9lections municipales.<\/p>\n<p>On le sait, le parti de Marine Le Pen veut conqu\u00e9rir les villes, et commence \u00e0 placer ses pions. Ce n\u2019est pas une nouveaut\u00e9, et c\u2019est une strat\u00e9gie assum\u00e9e par le Rassemblement National. En novembre dernier, le n\u20702 du RN S\u00e9bastien Chenu tenait une r\u00e9union \u00e0 Vertou en p\u00e9riph\u00e9rie nantaise. Le 14 d\u00e9cembre \u00e0 Orvault, une seconde r\u00e9union organis\u00e9e par le RN avait lieu dans une salle beno\u00eetement pr\u00eat\u00e9e par la mairie \u00e9cologiste.<\/p>\n<p>\u00c0 chaque d\u00e9placement du RN \u00e0 proximit\u00e9 de Nantes, des manifestations populaires et des actions color\u00e9es ont \u00e9t\u00e9 organis\u00e9es contre les rendez-vous et les salles allou\u00e9s aux fascistes. Des manifestations syst\u00e9matiquement interdites par la pr\u00e9fecture, <a href=\"https:\/\/contre-attaque.net\/2024\/12\/17\/14-decembre-au-nord-de-nantes-la-police-service-dordre-de-lextreme-droite\/\" target=\"_blank\" rel=\"noopener\">qui pr\u00e9f\u00e8re criminaliser l\u2019antifascisme que le fascisme<\/a>. En f\u00e9vrier, c\u2019est gr\u00e2ce \u00e0 une forte mobilisation populaire <a href=\"https:\/\/contre-attaque.net\/2025\/02\/20\/riposte-antifasciste-en-banlieue-nantaise-la-mairie-contrainte-dannuler-une-reunion-du-rn\/\" target=\"_blank\" rel=\"noopener\">que la mairie avait \u00e9t\u00e9 contrainte d\u2019annuler un meeting du RN \u00e0 Saint-Herblain<\/a>. Jocelyn Gillet, l\u2019animateur de la r\u00e9union d\u2019extr\u00eame droite qui \u00e9tait pr\u00e9vue dans sa ville, est d\u2019ailleurs un ancien du PS pass\u00e9 au RN. Il a m\u00eame \u00e9t\u00e9 sur la liste de l\u2019actuel maire aux municipales de 2020 !<\/p>\n<p>Derri\u00e8re ces collaborations des mairies PS et \u00e9cologistes, un constat alarmant : la plupart de ces partis \u00abde gauche\u00bb semble d\u00e9j\u00e0 m\u00fbre pour l\u2019arriv\u00e9e au pouvoir du fascisme. Ils sont d\u00e9j\u00e0 pr\u00eats \u00e0 travailler avec le RN, \u00e0 leur donner des lieux et \u00e0 r\u00e9primer en priorit\u00e9 la jeunesse qui manifeste plut\u00f4t que les nervis d\u2019extr\u00eame droite. Ils ont plus peur de la rue que des h\u00e9ritiers du p\u00e9tainisme.<\/p>\n<p>Le PS accueille les fascistes \u00e0 Nantes depuis des ann\u00e9es. En 2020, <a href=\"https:\/\/contre-attaque.net\/2020\/03\/03\/extreme-droite-a-la-maison-des-syndicats-resistance-et-coups-de-matraque\/\" target=\"_blank\" rel=\"noopener\">le Rassemblement National organisait une soir\u00e9e avec sa candidate et un t\u00e9nor de l\u2019extr\u00eame droite \u00e0 la Maison des Syndicats<\/a>. Une salle sens\u00e9e servir aux luttes sociales offerte \u00e0 celles et ceux qui veulent instaurer un \u00c9tat autoritaire, raciste et anti-social. Une provocation, d\u00e9j\u00e0.<\/p>\n<p>L\u2019auteur fasciste <a href=\"https:\/\/contre-attaque.net\/2019\/10\/24\/nantes-un-fasciste-invite-a-la-maison-des-syndicats\/\" target=\"_blank\" rel=\"noopener\">Laurent Obertone \u00e9tait accueilli dans cette m\u00eame maison des syndicats en octobre 2019<\/a>. Propagandiste c\u00e9l\u00e8bre au sein l\u2019extr\u00eame droite radicale, cet auteur d\u2019ouvrages intitul\u00e9s \u00abLa France Orange M\u00e9canique\u00bb, \u00abGu\u00e9rilla\u00bb et \u00abLe temps des barbares\u00bb, propage dans ses textes ses obsessions racistes et s\u00e9curitaires. Avant lui, la mairie avait d\u00e9j\u00e0 mis \u00e0 disposition des salles municipales pour des soir\u00e9es d\u2019Alain Soral, du th\u00e9oricien raciste Renaud Camus, du militant d\u2019extr\u00eame droite radicale Yvan Le Gallou, ou encore pour des soir\u00e9es du FN. \u00c0 chaque fois, ces soir\u00e9es sont l\u2019occasion pour l\u2019extr\u00eame droite d\u2019avoir une tribune, de se retrouver, voire de commettre des agressions.<\/p>\n<p>Sur les r\u00e9seaux sociaux, un rassemblement est pr\u00e9vu devant le parvis de la m\u00e9diath\u00e8que Jacques Demy \u00e0 13h30 ce dimanche 9 novembre contre la venue du Rassemblement National \u00e0 Nantes. Faites passer le mot ! Rappelons qu\u2019\u00e0 Nantes, hier comme aujourd\u2019hui, les nazillons et leurs sbires ne seront jamais les bienvenus, ni tol\u00e9r\u00e9s dans notre ville. Vive la r\u00e9sistance populaire et antifasciste.<\/p>\n","protected":false},"excerpt":{"rendered":"La mairie PS complice du RN Apr\u00e8s Savenay, Vigneux-de-Bretagne ou encore Saint-Herblain, le Rassemblement National veut cette fois-ci&hellip;\n","protected":false},"author":2,"featured_media":520702,"comment_status":"","ping_status":"","sticky":false,"template":"","format":"standard","meta":{"footnotes":""},"categories":[2818],"tags":[1111,11,13797,1777,674,1011,27,6981,766,12,3541,2636,1078,12407,25],"class_list":{"0":"post-520701","1":"post","2":"type-post","3":"status-publish","4":"format-standard","5":"has-post-thumbnail","7":"category-nantes","8":"tag-actu","9":"tag-actualites","10":"tag-antifascisme","11":"tag-eu","12":"tag-europe","13":"tag-fr","14":"tag-france","15":"tag-mairie-de-nantes","16":"tag-nantes","17":"tag-news","18":"tag-parti-socialiste","19":"tag-pays-de-la-loire","20":"tag-rassemblement-national","21":"tag-rendez-vous","22":"tag-republique-francaise"},"share_on_mastodon":{"url":"https:\/\/pubeurope.com\/@fr\/115514566328458472","error":""},"_links":{"self":[{"href":"https:\/\/www.europesays.com\/fr\/wp-json\/wp\/v2\/posts\/520701","targetHints":{"allow":["GET"]}}],"collection":[{"href":"https:\/\/www.europesays.com\/fr\/wp-json\/wp\/v2\/posts"}],"about":[{"href":"https:\/\/www.europesays.com\/fr\/wp-json\/wp\/v2\/types\/post"}],"author":[{"embeddable":true,"href":"https:\/\/www.europesays.com\/fr\/wp-json\/wp\/v2\/users\/2"}],"replies":[{"embeddable":true,"href":"https:\/\/www.europesays.com\/fr\/wp-json\/wp\/v2\/comments?post=520701"}],"version-history":[{"count":0,"href":"https:\/\/www.europesays.com\/fr\/wp-json\/wp\/v2\/posts\/520701\/revisions"}],"wp:featuredmedia":[{"embeddable":true,"href":"https:\/\/www.europesays.com\/fr\/wp-json\/wp\/v2\/media\/520702"}],"wp:attachment":[{"href":"https:\/\/www.europesays.com\/fr\/wp-json\/wp\/v2\/media?parent=520701"}],"wp:term":[{"taxonomy":"category","embeddable":true,"href":"https:\/\/www.europesays.com\/fr\/wp-json\/wp\/v2\/categories?post=520701"},{"taxonomy":"post_tag","embeddable":true,"href":"https:\/\/www.europesays.com\/fr\/wp-json\/wp\/v2\/tags?post=520701"}],"curies":[{"name":"wp","href":"https:\/\/api.w.org\/{rel}","templated":true}]}}