{"id":520714,"date":"2025-11-08T14:39:06","date_gmt":"2025-11-08T14:39:06","guid":{"rendered":"https:\/\/www.europesays.com\/fr\/520714\/"},"modified":"2025-11-08T14:39:06","modified_gmt":"2025-11-08T14:39:06","slug":"de-jul-a-bad-bunny-pourquoi-ca-devient-une-galere-dacheter-des-places-de-concert","status":"publish","type":"post","link":"https:\/\/www.europesays.com\/fr\/520714\/","title":{"rendered":"De Jul \u00e0 Bad Bunny, pourquoi \u00e7a devient une gal\u00e8re d\u2019acheter des places de concert"},"content":{"rendered":"<p>Plus de <a href=\"https:\/\/www.laprovence.com\/article\/culture-loisirs\/222291554592814\/concerts-de-jul-des-dizaines-de-milliers-de-connexions-a-la-vente-generale-ticketmaster-cest-une-blague\" target=\"_blank\" rel=\"noopener\">4 millions de connexions<\/a> pour esp\u00e9rer acheter des places pour les concerts de Jul en 2026. \u00ab\u00a0J&rsquo;ai pass\u00e9 <strong>5 ou 6h dans la file d\u2019attente<\/strong> sur mon t\u00e9l\u00e9phone et au moment d\u2019arriver sur la billetterie, un message d\u2019erreur s\u2019est affich\u00e9, t\u00e9moigne Enzo, <a href=\"https:\/\/www.laprovence.com\/bouches-du-rhone\/marseille-13055\" target=\"_blank\" rel=\"noopener\">Marseillais<\/a> de 50\u00a0ans. Que \u00e7a bug au dernier moment, \u00e7a te met la haine et tu as un sentiment d\u2019injustice\u2026\u00a0\u00bb<\/p>\n<p>Manque de transparence et position h\u00e9g\u00e9monique de Ticketmaster<\/p>\n<p>Les shows du \u00ab\u00a0J\u00a0\u00bb ne sont d\u2019ailleurs <strong>pas les seuls concern\u00e9s<\/strong>. Les places pour <a href=\"https:\/\/www.laprovence.com\/article\/culture-loisirs\/97395975018716\/bad-bunny-un-velodrome-a-conquerir-sur-un-air-latino-le-1er-juillet-2026\" target=\"_blank\" rel=\"noopener\">le V\u00e9lodrome de Bad Bunny<\/a> pr\u00e9vu le 1er\u00a0juillet\u00a02026 sont \u00e9galement parties <strong>comme des petits pains <\/strong>et de nombreuses personnes se sont retrouv\u00e9es bredouilles. Sans m\u00eame parler du <a href=\"https:\/\/www.laprovence.com\/article\/culture-loisirs\/2152038349782914\/bad-bunny-a-l-orange-velodrome-en-2026-des-billets-annules-la-mesaventure-de-centaines-de-spectateurs\" target=\"_blank\" rel=\"noopener\">dysfonctionnement technique<\/a> qui a caus\u00e9 la vente de billets d\u00e9j\u00e0 attribu\u00e9s\u2026<\/p>\n<p>Le <strong>manque<\/strong> <strong>de transparence<\/strong> sur le fonctionnement des sites concern\u00e9s est souvent point\u00e9 du doigt. \u00ab\u00a0On ne sait pas exactement comment \u00e7a marche, on a l\u2019impression qu\u2019il y a des in\u00e9galit\u00e9s\u00a0\u00bb, racontent <strong>Eva et Louna<\/strong>, 21\u00a0ans, qui ne sont pas parvenues \u00e0 obtenir des places pour la prestation \u00e0 venir de \u00ab\u00a0<a href=\"https:\/\/www.youtube.com\/watch?v=qWpBduQKTMY\" target=\"_blank\" rel=\"noopener\">l\u2019Ovni<\/a>\u00ab\u00a0.<\/p>\n<p>Premier concern\u00e9\u00a0: <a href=\"https:\/\/www.ticketmaster.fr\/fr\" target=\"_blank\" rel=\"noopener\">le site \u00ab\u00a0Ticketmaster\u00a0\u00bb<\/a>. Sa position est <strong>h\u00e9g\u00e9monique<\/strong> dans la vente et la distribution de billets. Lors des ventes pour les concerts de Jul, la soci\u00e9t\u00e9 am\u00e9ricaine se contente d\u2019<a href=\"https:\/\/x.com\/TicketmasterFR\/status\/1986722316689068540\" target=\"_blank\">une petite publication sur X<\/a>\u00a0: \u00ab\u00a0Vous \u00eates encore incroyablement nombreux \u00e0 vouloir acc\u00e9der \u00e0 la vente. L\u2019acc\u00e8s au site est donc compliqu\u00e9. Nous vous remercions pour votre patience.\u00a0\u00bb<\/p>\n<p>\u00ab\u00a0Toujours <strong>aucune r\u00e8gle<\/strong> ni aucune transparence sur l\u2019affectation d\u2019un num\u00e9ro dans la file d\u2019attente. Et il y a bient\u00f4t plus de tweets d\u2019annonce de revente de places que de places en vente\u00a0\u00bb, <a href=\"https:\/\/x.com\/XavJEAN13\/status\/1986729255519281656\" target=\"_blank\">r\u00e9pond amer Xavier Jean \u00ab\u00a0du 13\u00a0\u00bb<\/a>.<\/p>\n<p>Pourtant, <a href=\"https:\/\/help.ticketmaster.be\/hc\/fr-be\/articles\/360009774554-Avez-vous-des-conseils-qui-me-rendent-plus-susceptible-d-obtenir-des-billets\" target=\"_blank\" rel=\"noopener\">sur son site<\/a>, Ticketmaster assure que \u00ab\u00a0tout le monde a <strong>la m\u00eame chance<\/strong>\u00a0\u00bb d\u2019acheter des billets. \u00ab\u00a0Lorsque la vente commence, la file d\u2019attente est actualis\u00e9e. Toute personne se trouvant actuellement dans la file d\u2019attente temporaire se verra automatiquement attribuer <strong>un emplacement al\u00e9atoire<\/strong> dans la file d\u2019attente finale, <a href=\"https:\/\/help.ticketmaster.be\/hc\/fr-be\/articles\/360009892553-Suis-je-plus-susceptible-de-pouvoir-acheter-des-billets-si-je-fais-la-queue-tr%C3%A8s-t%C3%B4t\" target=\"_blank\" rel=\"noopener\">\u00e9crivent-ils<\/a>. Peu importe que vous soyez dans la file d\u2019attente temporaire depuis quelques heures ou quelques minutes avant le d\u00e9but de la vente. Au moment o\u00f9 la vente commence, tout le monde a <strong>des chances \u00e9gales<\/strong>.\u00a0\u00bb<\/p>\n<p>Pas de tourn\u00e9e et seulement des \u00ab\u00a0grosses dates\u00a0\u00bb<\/p>\n<p>De nombreux fans d\u00e9plorent aussi <strong>l\u2019absence de tourn\u00e9e<\/strong> au profit de quelques dates seulement. De quoi g\u00e9n\u00e9rer une attente plus grande et concentrer la demande.\u00a0\u00ab\u00a0Sinc\u00e8rement Jul, il s\u2019agirait de faire une tourn\u00e9e en France, c\u2019est le bordel \u00e0 chaque fois, <a href=\"https:\/\/x.com\/LaoraHmd\/status\/1986029604734108058\" target=\"_blank\">\u00e9crit par exemple Laora sur X<\/a>.<\/p>\n<p>Augmentation globale de la fr\u00e9quentation des concerts<\/p>\n<p>Autre donn\u00e9e \u00e0 avoir \u00e0 l\u2019esprit\u00a0: l\u2019augmentation globale de la fr\u00e9quentation des concerts. D\u2019apr\u00e8s <a href=\"https:\/\/www.culture.gouv.fr\/espace-documentation\/statistiques-ministerielles-de-la-culture2\/publications\/collections-de-synthese\/culture-chiffres-2007-2025\/billetterie-du-spectacle-vivant-en-2023-cc-2024-6\" target=\"_blank\" rel=\"noopener\">une \u00e9tude du minist\u00e8re de la Culture<\/a>, ce type d\u2019\u00e9v\u00e9nement a rassembl\u00e9 30\u00a0millions de spectateurs en\u00a02023, en <strong>hausse de 8% par rapport \u00e0\u00a02022<\/strong>.<\/p>\n<p>Difficile enfin de <strong>comparer les \u00e9poques<\/strong>. \u00c9tait-ce r\u00e9ellement plus facile d\u2019acheter des billets avant\u00a0? Pas \u00e9vident de trancher, il y a toujours eu d\u2019\u00e9normes engouements, \u00e0 l\u2019image des concerts de Johnny.<\/p>\n","protected":false},"excerpt":{"rendered":"Plus de 4 millions de connexions pour esp\u00e9rer acheter des places pour les concerts de Jul en 2026.&hellip;\n","protected":false},"author":2,"featured_media":520715,"comment_status":"","ping_status":"","sticky":false,"template":"","format":"standard","meta":{"footnotes":""},"categories":[2814],"tags":[17,1111,11,18064,18065,251,6475,1777,674,1011,27,33956,1279,884,12,7555,882,25,96],"class_list":{"0":"post-520714","1":"post","2":"type-post","3":"status-publish","4":"format-standard","5":"has-post-thumbnail","7":"category-marseille","8":"tag-17","9":"tag-actu","10":"tag-actualites","11":"tag-bad","12":"tag-bunny","13":"tag-culture","14":"tag-devient","15":"tag-eu","16":"tag-europe","17":"tag-fr","18":"tag-france","19":"tag-galere","20":"tag-jul","21":"tag-marseille","22":"tag-news","23":"tag-pourquoi","24":"tag-provence-alpes-cote-dazur","25":"tag-republique-francaise","26":"tag-une"},"share_on_mastodon":{"url":"https:\/\/pubeurope.com\/@fr\/115514596680231521","error":""},"_links":{"self":[{"href":"https:\/\/www.europesays.com\/fr\/wp-json\/wp\/v2\/posts\/520714","targetHints":{"allow":["GET"]}}],"collection":[{"href":"https:\/\/www.europesays.com\/fr\/wp-json\/wp\/v2\/posts"}],"about":[{"href":"https:\/\/www.europesays.com\/fr\/wp-json\/wp\/v2\/types\/post"}],"author":[{"embeddable":true,"href":"https:\/\/www.europesays.com\/fr\/wp-json\/wp\/v2\/users\/2"}],"replies":[{"embeddable":true,"href":"https:\/\/www.europesays.com\/fr\/wp-json\/wp\/v2\/comments?post=520714"}],"version-history":[{"count":0,"href":"https:\/\/www.europesays.com\/fr\/wp-json\/wp\/v2\/posts\/520714\/revisions"}],"wp:featuredmedia":[{"embeddable":true,"href":"https:\/\/www.europesays.com\/fr\/wp-json\/wp\/v2\/media\/520715"}],"wp:attachment":[{"href":"https:\/\/www.europesays.com\/fr\/wp-json\/wp\/v2\/media?parent=520714"}],"wp:term":[{"taxonomy":"category","embeddable":true,"href":"https:\/\/www.europesays.com\/fr\/wp-json\/wp\/v2\/categories?post=520714"},{"taxonomy":"post_tag","embeddable":true,"href":"https:\/\/www.europesays.com\/fr\/wp-json\/wp\/v2\/tags?post=520714"}],"curies":[{"name":"wp","href":"https:\/\/api.w.org\/{rel}","templated":true}]}}