{"id":520718,"date":"2025-11-08T14:41:07","date_gmt":"2025-11-08T14:41:07","guid":{"rendered":"https:\/\/www.europesays.com\/fr\/520718\/"},"modified":"2025-11-08T14:41:07","modified_gmt":"2025-11-08T14:41:07","slug":"elle-sera-a-musilac-cet-ete","status":"publish","type":"post","link":"https:\/\/www.europesays.com\/fr\/520718\/","title":{"rendered":"elle sera \u00e0 Musilac cet \u00e9t\u00e9"},"content":{"rendered":"<p>Katy Perry vient d\u2019annoncer une tourn\u00e9e europ\u00e9enne des festivals d\u2019\u00e9t\u00e9 (y compris de \u00ab\u00a0petits\u00a0\u00bb) qui s\u2019arr\u00eatera plusieurs fois dans l\u2019Hexagone. Pour les fans lyonnais, le plus proche sera Musilac, \u00e0 Aix-les-Bains.<\/p>\n<p>Fait rare, la star am\u00e9ricaine a m\u00eame tourn\u00e9 une petite vid\u00e9o pour le festival, publi\u00e9 sur les r\u00e9seaux sociaux. \u00ab\u00a0Bonjour Musilac\u00a0! J\u2019ai entendu parler de vos montagnes, de votre lac et bien s\u00fbr de votre \u00e9nergie l\u00e9gendaire\u00a0! Je serai l\u00e0 le 9\u00a0juillet pour d\u00e9couvrir tout \u00e7a, et vous\u00a0?\u00a0!\u00a0\u00bb, adresse-t-elle aux futurs festivaliers.<\/p>\n<p>Ce contenu est bloqu\u00e9 car vous n&rsquo;avez pas accept\u00e9 les cookies et autres traceurs.<\/p>\n<p>En cliquant sur \u00ab J\u2019accepte \u00bb, les cookies et autres traceurs seront d\u00e9pos\u00e9s et vous pourrez visualiser les contenus  (<a href=\"\" class=\"consentModule_policy\" target=\"_blank\" title=\"Consulter la politique de protection des donn\u00e9es du fournisseur\">plus d&rsquo;informations<\/a>).<\/p>\n<p>En cliquant sur \u00ab J\u2019accepte tous les cookies \u00bb, vous autorisez des d\u00e9p\u00f4ts de cookies et autres traceurs pour le stockage de vos donn\u00e9es sur nos sites et applications \u00e0 des fins de personnalisation et de ciblage publicitaire.<\/p>\n<p class=\"consentModule_secondaryText\">Vous gardez la possibilit\u00e9 de retirer votre consentement \u00e0 tout moment en consultant notre <a href=\"https:\/\/www.leprogres.fr\/protection-des-donnees\" target=\"_blank\" title=\"Consulter notre politique de protection des donn\u00e9es\" rel=\"nofollow noopener\">politique de protection des donn\u00e9es<\/a>. <br \/>&#13;<br \/>\n            <a href=\"https:\/\/www.leprogres.fr\/culture-loisirs\/2025\/11\/08\/javascript:Didomi.notice.show()\" class=\"consentModule_cmp\" rel=\"nofollow noopener\" target=\"_blank\">G\u00e9rer mes choix<\/a>&#13;\n        <\/p>\n<p>&#13;<br \/>\n                        J&rsquo;accepte&#13;<br \/>\n            J&rsquo;accepte tous les cookies&#13;\n        <\/p>\n<p>  Encore des places pour Musilac<\/p>\n<p>Le festival Musilac aura lieu du 9 au 12\u00a0juillet 2026, et n\u2019a pas encore annonc\u00e9 toute sa programmation (il y aura aussi Jamiroquai, en concert ce samedi \u00e0 la LDLC Arena, et <a href=\"https:\/\/www.leprogres.fr\/p\/orelsan\" target=\"_blank\" rel=\"nofollow noopener\">Orelsan<\/a>).<\/p>\n<p>Elle sera de retour en France l\u2019\u00e9t\u00e9 prochain pour plusieurs festivals\u00a0: au Mainsquare festival d\u2019Arras, \u00e0 celui de N\u00eemes, l\u2019Open Air de Nancy, aux Vieilles Charrues, au Love Brive festival de Brive-la-Gaillarde et, donc, \u00e0 Musilac (\u00e0 Aix-les-Bains), premi\u00e8re date annonc\u00e9e, le 9\u00a0juillet 2026. Les premi\u00e8res billetteries ouvertes ont \u00e9t\u00e9 prises d\u2019assaut. Celle de Musilac est ouverte, et des pass encore disponibles.<\/p>\n<p class=\"note\">Tourn\u00e9e des festivals cet \u00e9t\u00e9 via Musilac (Aix-les-Bains) le 9\u00a0juillet 2026. Site\u00a0: <a href=\"https:\/\/www.musilac.com\/\" target=\"_blank\" rel=\"nofollow noopener\">musilac.com<\/a> Pass de 1 \u00e0 4 jours, \u00e0 partir de 79\u00a0\u20ac<\/p>\n","protected":false},"excerpt":{"rendered":"Katy Perry vient d\u2019annoncer une tourn\u00e9e europ\u00e9enne des festivals d\u2019\u00e9t\u00e9 (y compris de \u00ab\u00a0petits\u00a0\u00bb) qui s\u2019arr\u00eatera plusieurs fois&hellip;\n","protected":false},"author":2,"featured_media":520719,"comment_status":"","ping_status":"","sticky":false,"template":"","format":"standard","meta":{"footnotes":""},"categories":[1889],"tags":[1111,11,2430,1687,2757,1777,674,1011,27,2428,2756,873,12,25,2429,3140],"class_list":{"0":"post-520718","1":"post","2":"type-post","3":"status-publish","4":"format-standard","5":"has-post-thumbnail","7":"category-lyon","8":"tag-actu","9":"tag-actualites","10":"tag-auvergne-rhone-alpes","11":"tag-culture-loisirs","12":"tag-edition-lyon-villeurbanne","13":"tag-eu","14":"tag-europe","15":"tag-fr","16":"tag-france","17":"tag-lyon","18":"tag-lyon-bassin","19":"tag-musique","20":"tag-news","21":"tag-republique-francaise","22":"tag-rhone","23":"tag-spectacle"},"share_on_mastodon":{"url":"https:\/\/pubeurope.com\/@fr\/115514604679947260","error":""},"_links":{"self":[{"href":"https:\/\/www.europesays.com\/fr\/wp-json\/wp\/v2\/posts\/520718","targetHints":{"allow":["GET"]}}],"collection":[{"href":"https:\/\/www.europesays.com\/fr\/wp-json\/wp\/v2\/posts"}],"about":[{"href":"https:\/\/www.europesays.com\/fr\/wp-json\/wp\/v2\/types\/post"}],"author":[{"embeddable":true,"href":"https:\/\/www.europesays.com\/fr\/wp-json\/wp\/v2\/users\/2"}],"replies":[{"embeddable":true,"href":"https:\/\/www.europesays.com\/fr\/wp-json\/wp\/v2\/comments?post=520718"}],"version-history":[{"count":0,"href":"https:\/\/www.europesays.com\/fr\/wp-json\/wp\/v2\/posts\/520718\/revisions"}],"wp:featuredmedia":[{"embeddable":true,"href":"https:\/\/www.europesays.com\/fr\/wp-json\/wp\/v2\/media\/520719"}],"wp:attachment":[{"href":"https:\/\/www.europesays.com\/fr\/wp-json\/wp\/v2\/media?parent=520718"}],"wp:term":[{"taxonomy":"category","embeddable":true,"href":"https:\/\/www.europesays.com\/fr\/wp-json\/wp\/v2\/categories?post=520718"},{"taxonomy":"post_tag","embeddable":true,"href":"https:\/\/www.europesays.com\/fr\/wp-json\/wp\/v2\/tags?post=520718"}],"curies":[{"name":"wp","href":"https:\/\/api.w.org\/{rel}","templated":true}]}}