{"id":520720,"date":"2025-11-08T14:42:08","date_gmt":"2025-11-08T14:42:08","guid":{"rendered":"https:\/\/www.europesays.com\/fr\/520720\/"},"modified":"2025-11-08T14:42:08","modified_gmt":"2025-11-08T14:42:08","slug":"lyon-psg-qui-est-david-boly-le-jeune-lateral-droit-retenu-dans-le-groupe-par-luis-enrique","status":"publish","type":"post","link":"https:\/\/www.europesays.com\/fr\/520720\/","title":{"rendered":"Lyon-PSG\u00a0: qui est David Boly, le jeune lat\u00e9ral droit retenu dans le groupe par Luis Enrique\u00a0?"},"content":{"rendered":"<p class=\"paragraph text_align_left lp-f-body-02\">C\u2019est une premi\u00e8re pour lui ! Int\u00e9gr\u00e9 \u00e0 l\u2019entra\u00eenement du groupe professionnel depuis quinze jours, David Boly va \u00eatre appel\u00e9 par Luis Enrique pour le d\u00e9placement \u00e0 Lyon, ce dimanche \u00e0 20h45, en cl\u00f4ture de la 12e journ\u00e9e <a href=\"https:\/\/www.leparisien.fr\/sports\/football\/ligue-1\/\" target=\"_self\" rel=\"nofollow noopener\">de Ligue 1<\/a>. \u00ab Il sera dans le groupe que nous allons convoquer \u00bb, a annonc\u00e9 en conf\u00e9rence de presse l\u2019entra\u00eeneur parisien. Le lat\u00e9ral droit de 16 ans, n\u00e9 en 2009, renforce l\u2019\u00e9quipe en l\u2019absence d\u2019Achraf Hakimi qui va manquer plusieurs semaines de comp\u00e9tition \u00e0 cause d\u2019une lourde blessure \u00e0 la cheville gauche, mardi soir,<a href=\"https:\/\/authentication.leparisien.fr\/connexion\/?redirect_url=https:\/\/www.leparisien.fr\/sports\/football\/ligue-des-champions\/la-blessure-qui-fait-trembler-tout-un-pays-a-lapproche-de-la-can-le-maroc-retient-son-souffle-pour-achraf-hakimi-05-11-2025-EQHCYEDVKRHDJIHMFS6HJFJ7TQ.php\" target=\"_self\" rel=\"nofollow noopener\"> sur un violent tacle du Bavarois Luis Diaz.<\/a><\/p>\n<p class=\"paragraph text_align_left lp-f-body-02\">Au centre de formation parisien, en ce moment, David Boly est per\u00e7u comme la grande promesse au poste de lat\u00e9ral droit. Toujours surclass\u00e9 depuis son arriv\u00e9e en 2022, le natif de Colombes (Hauts-de-Seine) dispute d\u00e9j\u00e0 sa deuxi\u00e8me saison en Youth League avec le PSG. Il vient justement de s\u2019illustrer dans cette comp\u00e9tition en r\u00e9alisant un match solide face au Bayern Munich <a href=\"https:\/\/www.leparisien.fr\/sports\/football\/psg\/youth-league-les-titis-du-psg-simposent-facilement-face-au-bayern-3-0-04-11-2025-L3N5LS4P5RGZXD36GT3HSHUXQE.php\" target=\"_self\" rel=\"nofollow noopener\">(victoire parisienne 3-0). <\/a><\/p>\n<p class=\"paragraph text_align_left lp-f-body-02\">Le jeune arri\u00e8re est en train de retrouver sa meilleure forme apr\u00e8s avoir manqu\u00e9 quatre mois de comp\u00e9tition en raison d\u2019une blessure \u00e0 l\u2019\u00e9paule.<\/p>\n<p>Il est inscrit en Ligue des champions<\/p>\n<p class=\"paragraph text_align_left lp-f-body-02\">D\u00e9fenseur central lors de sa premi\u00e8re ann\u00e9e <a href=\"https:\/\/www.leparisien.fr\/sports\/football\/psg\/\" target=\"_blank\" rel=\"nofollow noopener\">au PSG<\/a>, il s\u2019est orient\u00e9 vers le couloir droit o\u00f9 il montre des aptitudes pour le tr\u00e8s haut niveau en termes de puissance et d\u2019explosivit\u00e9. Pass\u00e9 plus jeune par le FC Asni\u00e8res et le Racing Club de France, David Boly pourrait avoir un coup \u00e0 jouer dans les prochaines semaines pour se caler dans le sillage d\u2019Achraf Hakimi qui est cens\u00e9 disputer la Coupe d\u2019Afrique des nations avec le Maroc. <\/p>\n<p class=\"paragraph text_align_left lp-f-body-02\">Le club l\u2019a d\u2019ailleurs inscrit dans la liste pour la premi\u00e8re phase de la Ligue des champions, supposant qu\u2019il compte sur lui dans cette p\u00e9riode. Le choix de ne pas le lib\u00e9rer pour la Coupe du monde U17 avec l\u2019\u00e9quipe de France va \u00e9galement dans ce sens.<\/p>\n<p class=\"paragraph text_align_left lp-f-body-02\">Le s\u00e9lectionneur Lionel Rouxel souhaitait en effet l\u2019avoir pour le tournoi qui se dispute actuellement au Qatar, mais le PSG a pr\u00e9f\u00e9r\u00e9 le retenir. Au Campus, il se dit depuis un certain temps que Luis Enrique suit de pr\u00e8s ses performances et qu\u2019il croit beaucoup en son potentiel. Apr\u00e8s ce premier groupe, peut-\u00eatre r\u00e9ussira-t-il \u00e0 se faire une place dans la rotation d\u00e8s cette saison. Les discussions pour un premier contrat professionnel n\u2019ont pas encore d\u00e9marr\u00e9, mais le club lui envoie d\u00e9j\u00e0 le message qu\u2019il compte sur lui. Pour le pr\u00e9sent et pour l\u2019avenir.<\/p>\n","protected":false},"excerpt":{"rendered":"C\u2019est une premi\u00e8re pour lui ! Int\u00e9gr\u00e9 \u00e0 l\u2019entra\u00eenement du groupe professionnel depuis quinze jours, David Boly va&hellip;\n","protected":false},"author":2,"featured_media":520721,"comment_status":"","ping_status":"","sticky":false,"template":"","format":"standard","meta":{"footnotes":""},"categories":[1889],"tags":[1111,11,2430,1777,674,63,1011,27,2428,12,93,25,60],"class_list":{"0":"post-520720","1":"post","2":"type-post","3":"status-publish","4":"format-standard","5":"has-post-thumbnail","7":"category-lyon","8":"tag-actu","9":"tag-actualites","10":"tag-auvergne-rhone-alpes","11":"tag-eu","12":"tag-europe","13":"tag-football","14":"tag-fr","15":"tag-france","16":"tag-lyon","17":"tag-news","18":"tag-psg","19":"tag-republique-francaise","20":"tag-sports"},"share_on_mastodon":{"url":"https:\/\/pubeurope.com\/@fr\/115514608370334602","error":""},"_links":{"self":[{"href":"https:\/\/www.europesays.com\/fr\/wp-json\/wp\/v2\/posts\/520720","targetHints":{"allow":["GET"]}}],"collection":[{"href":"https:\/\/www.europesays.com\/fr\/wp-json\/wp\/v2\/posts"}],"about":[{"href":"https:\/\/www.europesays.com\/fr\/wp-json\/wp\/v2\/types\/post"}],"author":[{"embeddable":true,"href":"https:\/\/www.europesays.com\/fr\/wp-json\/wp\/v2\/users\/2"}],"replies":[{"embeddable":true,"href":"https:\/\/www.europesays.com\/fr\/wp-json\/wp\/v2\/comments?post=520720"}],"version-history":[{"count":0,"href":"https:\/\/www.europesays.com\/fr\/wp-json\/wp\/v2\/posts\/520720\/revisions"}],"wp:featuredmedia":[{"embeddable":true,"href":"https:\/\/www.europesays.com\/fr\/wp-json\/wp\/v2\/media\/520721"}],"wp:attachment":[{"href":"https:\/\/www.europesays.com\/fr\/wp-json\/wp\/v2\/media?parent=520720"}],"wp:term":[{"taxonomy":"category","embeddable":true,"href":"https:\/\/www.europesays.com\/fr\/wp-json\/wp\/v2\/categories?post=520720"},{"taxonomy":"post_tag","embeddable":true,"href":"https:\/\/www.europesays.com\/fr\/wp-json\/wp\/v2\/tags?post=520720"}],"curies":[{"name":"wp","href":"https:\/\/api.w.org\/{rel}","templated":true}]}}