{"id":520726,"date":"2025-11-08T14:46:05","date_gmt":"2025-11-08T14:46:05","guid":{"rendered":"https:\/\/www.europesays.com\/fr\/520726\/"},"modified":"2025-11-08T14:46:05","modified_gmt":"2025-11-08T14:46:05","slug":"debut-des-commemorations-des-attentats-du-13-novembre-a-paris","status":"publish","type":"post","link":"https:\/\/www.europesays.com\/fr\/520726\/","title":{"rendered":"D\u00e9but des comm\u00e9morations des attentats du 13-Novembre \u00e0 Paris"},"content":{"rendered":"<p class=\"mb-4 text-lg md:leading-8 break-words\">Le 13 novembre 2015, des commandos du groupe \u00c9tat islamique visaient le Stade de France, \u00e0 Saint-Denis, des terrasses de caf\u00e9 parisiennes et la salle de spectacle du Bataclan, \u00e0 Paris. Bilan : 130 morts et des centaines de bless\u00e9s.<\/p>\n<p class=\"mb-4 text-lg md:leading-8 break-words\">Dix ans plus tard, la France comm\u00e9more les attentats du 13-Novembre. Jeudi, le pr\u00e9sident fran\u00e7ais Emmanuel Macron se recueillera sur chacun des lieux vis\u00e9s puis prononcera un discours lors de l&rsquo;inauguration du <a href=\"https:\/\/www.paris.fr\/pages\/le-futur-jardin-memoriel-de-la-place-saint-gervais-22026\" rel=\"nofollow noopener\" target=\"_blank\" data-ylk=\"slk:&quot;jardin du souvenir du 13-Novembre&quot;;elm:context_link;itc:0;sec:content-canvas\" class=\"link \">\u00ab\u00a0jardin du souvenir du 13-Novembre\u00a0\u00bb<\/a> sur la place Saint-Gervais, en face de l&rsquo;H\u00f4tel de ville de Paris.<\/p>\n<p class=\"mb-4 text-lg md:leading-8 break-words\">D\u00e8s ce samedi 8 novembre,<a href=\"https:\/\/www.paris.fr\/evenements\/participez-au-recueillement-place-de-la-republique-dix-ans-apres-les-attentats-du-13-novembre-2015-99731\" rel=\"nofollow noopener\" target=\"_blank\" data-ylk=\"slk:la mairie de Paris;elm:context_link;itc:0;sec:content-canvas\" class=\"link \"> la mairie de Paris<\/a> invite la population \u00ab\u00a0un geste comm\u00e9moratif\u00a0\u00bb sur la place de la R\u00e9publique, \u00ab\u00a0lieu symbole des recueillements en 2015.\u00a0\u00bb Des bougies et des fleurs y ont \u00e9t\u00e9 d\u00e9pos\u00e9es.<\/p>\n<p class=\"mb-4 text-lg md:leading-8 break-words\">Vendredi, des supporteurs du PSG, membres du Collectif Ultras Paris, ont d\u00e9ploy\u00e9 sur la place de la R\u00e9publique et devant le Bataclan une banderole \u00ab\u00a0Fluctuat nec mergitur\u00a0\u00bb (\u00ab\u00a0Il est battu par les flots mais ne sombre pas\u00a0\u00bb), la devise de la capitale fran\u00e7aise.<\/p>\n<p class=\"mb-4 text-lg md:leading-8 break-words\">Dimanche, l&rsquo;Association fran\u00e7aise des victimes du terrorisme (AFVT) organise <a href=\"https:\/\/www.13-unis.org\/\" rel=\"nofollow noopener\" target=\"_blank\" data-ylk=\"slk:deux \u00e9v\u00e9nements;elm:context_link;itc:0;sec:content-canvas\" class=\"link \">deux \u00e9v\u00e9nements<\/a> : \u00ab\u00a0La course de la Libert\u00e9\u00a0\u00bb partira du Stade de France, et \u00ab\u00a0La marche de l&rsquo;\u00c9galit\u00e9\u00a0\u00bb aura lieu entre la place de la R\u00e9publique et l&rsquo;H\u00f4tel de ville.<\/p>\n","protected":false},"excerpt":{"rendered":"Le 13 novembre 2015, des commandos du groupe \u00c9tat islamique visaient le Stade de France, \u00e0 Saint-Denis, des&hellip;\n","protected":false},"author":2,"featured_media":520727,"comment_status":"","ping_status":"","sticky":false,"template":"","format":"standard","meta":{"footnotes":""},"categories":[1888],"tags":[1111,1928,11,1927,18543,64162,1777,674,1011,27,64163,2381,12,1926,626,1925,3092,25,14478],"class_list":{"0":"post-520726","1":"post","2":"type-post","3":"status-publish","4":"format-standard","5":"has-post-thumbnail","7":"category-paris","8":"tag-actu","9":"tag-actu-paris","10":"tag-actualites","11":"tag-actualites-paris","12":"tag-bataclan","13":"tag-course-de-la-liberte","14":"tag-eu","15":"tag-europe","16":"tag-fr","17":"tag-france","18":"tag-jardin-du-souvenir","19":"tag-mairie-de-paris","20":"tag-news","21":"tag-news-paris","22":"tag-paris","23":"tag-paris-news","24":"tag-place-de-la-republique","25":"tag-republique-francaise","26":"tag-stade-de-france"},"share_on_mastodon":{"url":"https:\/\/pubeurope.com\/@fr\/115514624251807595","error":""},"_links":{"self":[{"href":"https:\/\/www.europesays.com\/fr\/wp-json\/wp\/v2\/posts\/520726","targetHints":{"allow":["GET"]}}],"collection":[{"href":"https:\/\/www.europesays.com\/fr\/wp-json\/wp\/v2\/posts"}],"about":[{"href":"https:\/\/www.europesays.com\/fr\/wp-json\/wp\/v2\/types\/post"}],"author":[{"embeddable":true,"href":"https:\/\/www.europesays.com\/fr\/wp-json\/wp\/v2\/users\/2"}],"replies":[{"embeddable":true,"href":"https:\/\/www.europesays.com\/fr\/wp-json\/wp\/v2\/comments?post=520726"}],"version-history":[{"count":0,"href":"https:\/\/www.europesays.com\/fr\/wp-json\/wp\/v2\/posts\/520726\/revisions"}],"wp:featuredmedia":[{"embeddable":true,"href":"https:\/\/www.europesays.com\/fr\/wp-json\/wp\/v2\/media\/520727"}],"wp:attachment":[{"href":"https:\/\/www.europesays.com\/fr\/wp-json\/wp\/v2\/media?parent=520726"}],"wp:term":[{"taxonomy":"category","embeddable":true,"href":"https:\/\/www.europesays.com\/fr\/wp-json\/wp\/v2\/categories?post=520726"},{"taxonomy":"post_tag","embeddable":true,"href":"https:\/\/www.europesays.com\/fr\/wp-json\/wp\/v2\/tags?post=520726"}],"curies":[{"name":"wp","href":"https:\/\/api.w.org\/{rel}","templated":true}]}}