{"id":520730,"date":"2025-11-08T14:48:23","date_gmt":"2025-11-08T14:48:23","guid":{"rendered":"https:\/\/www.europesays.com\/fr\/520730\/"},"modified":"2025-11-08T14:48:23","modified_gmt":"2025-11-08T14:48:23","slug":"deux-femmes-interpellees-a-lyon-et-villeurbanne","status":"publish","type":"post","link":"https:\/\/www.europesays.com\/fr\/520730\/","title":{"rendered":"deux femmes interpell\u00e9es \u00e0 Lyon et Villeurbanne"},"content":{"rendered":"<p>Trois jeunes femmes ont \u00e9t\u00e9 mises en examen et \u00e9crou\u00e9es en octobre \u00e0 Paris, suspect\u00e9es d&rsquo;avoir pr\u00e9par\u00e9 un projet d&rsquo;attentat djihadiste, a indiqu\u00e9 samedi le Parquet national antiterroriste (Pnat) \u00e0 l&rsquo;AFP, confirmant une information du <a href=\"https:\/\/www.leparisien.fr\/faits-divers\/je-veux-rendre-hommage-a-ben-laden-trois-femmes-au-coeur-dun-projet-dattentat-kamikaze-a-paris-08-11-2025-MYTUFP5R6NBCVN3564VOSGBATE.php\" target=\"_blank\" rel=\"noopener\">Parisien<\/a>.<\/p>\n<p>Le Pnat a pr\u00e9cis\u00e9 avoir ouvert le 10 octobre une information judiciaire pour association de malfaiteurs terroriste en vue de la pr\u00e9paration de crimes d\u2019atteinte aux personnes. \u00ab Trois femmes ont \u00e9t\u00e9 mises en examen \u00bb pour cette infraction \u00ab et plac\u00e9es en d\u00e9tention provisoire \u00bb, a ajout\u00e9 ce parquet sp\u00e9cialis\u00e9.<\/p>\n<p>Kalachnikov et\u00a0ceinture explosive \u00e9voqu\u00e9es<\/p>\n<p>\u00c2g\u00e9es de 18 \u00e0 21 ans, elles ont \u00e9t\u00e9 interpell\u00e9es \u00e0 Lyon, Villeurbanne et Vierzon, d\u00e9but octobre, juste apr\u00e8s une rencontre physique qui semblait accr\u00e9diter l\u2019hypoth\u00e8se de l\u2019imminence d\u2019un passage \u00e0 l\u2019acte.<\/p>\n<p>Une source proche du dossier a confirm\u00e9 \u00e0 l&rsquo;AFP qu&rsquo;\u00ab un projet a \u00e9t\u00e9 d\u00e9jou\u00e9 \u00e0 l&rsquo;automne \u00bb, soit le \u00ab premier projet d\u2019action violente avec une femme depuis plusieurs ann\u00e9es \u00bb. Les trois femmes sont suspect\u00e9es d&rsquo;avoir discut\u00e9 en ligne de projets d&rsquo;actions violentes, \u00e9voquant une Kalachnikov et une ceinture explosive, et mentionnant comme potentielle cibles une salle de spectacle ou un bar de Paris, d&rsquo;apr\u00e8s le quotidien.<\/p>\n<p>  <strong>La meneuse Lyonnaise avait 20 000 abonn\u00e9s sur TikTok<\/strong><\/p>\n<p>\u00a0D\u00e9crites comme \u00ab\u00a0salafistes\u00a0\u00bb (courant rigoriste sunnite) par Le Parisien, elles portaient le niquab et semblaient vivre recluses, ajoutent nos confr\u00e8res de <a href=\"https:\/\/www.rtl.fr\/actu\/justice-faits-divers\/info-rtl-trois-femmes-radicalisees-interpellees-pour-un-projet-d-attentat-a-paris-7900563986#20251108105800\" target=\"_blank\" rel=\"noopener\">RTL<\/a>. Le Parisien affirme que la Lyonnaise, B., aurait publi\u00e9 des contenus pro-djihad sur un compte TikTok aux 20.000 abonn\u00e9s, et aurait agi comme meneuse.<\/p>\n<p>\u00c0 l\u2019une de ses complices, \u00e2g\u00e9e de tout juste 18 ans, qui composait le trio, en parlant de la journ\u00e9e citoyennet\u00e9 et d\u00e9fense (JCD) auxquelles elles \u00e9taient convoqu\u00e9es, elle se serait \u00e9cri\u00e9 au t\u00e9l\u00e9phone en rigolant : \u00ab Je veux tout faire exploser l\u00e0-bas [\u2026] Je veux rendre hommage \u00e0 Ben Laden ! \u00bb<\/p>\n<p>Une perquisition au domicile de la meneuse pr\u00e9sum\u00e9e, a permis de d\u00e9couvrir un carnet qui listait les \u00e9tapes et d\u00e9tails de son plan d\u2019attentat \u00e0 Paris. Devant les enqu\u00eateurs, cette derni\u00e8re aurait affirm\u00e9 avoir renonc\u00e9 cet \u00e9t\u00e9 \u00e0 ce projet djihadiste \u00ab pas organis\u00e9 et pas r\u00e9fl\u00e9chi \u00bb, se d\u00e9crivant comme \u00ab impulsive \u00bb et \u00ab incapable d\u2019aller au bout des choses \u00bb.\u00a0<\/p>\n<p><strong>Drapeau de Daech<\/strong><\/p>\n<p>La troisi\u00e8me personne qui compose le trio est une jeune femme parapl\u00e9gique de 21 ans, convertie \u00e0 l\u2019islam en 2023. Elle avait d\u00e9j\u00e0 \u00e9t\u00e9 vis\u00e9e par une enqu\u00eate en f\u00e9vrier, pour apologie d\u2019actes de terrorisme: un drapeau de Daech avait notamment \u00e9t\u00e9 trouv\u00e9 chez elle lors d\u2019une perquisition.<\/p>\n<p>Sollicit\u00e9s, les avocats de la principale suspecte et de l&rsquo;autre rhodanienne ont refus\u00e9 de s&rsquo;exprimer. \u00ab Il faut, comme toujours, faire tr\u00e8s attention aux citations sorties de leurs contextes. L\u2019instruction est l\u00e0 pour comprendre le contexte \u00bb, a indiqu\u00e9 de son c\u00f4t\u00e9 Me Thibault Bailly, avocat de la femme interpell\u00e9e dans le Cher.<\/p>\n<p><strong>Menace \u00e9lev\u00e9e<\/strong><\/p>\n<p>\u00a0La France va comm\u00e9morer jeudi, lors d&rsquo;une journ\u00e9e d&rsquo;hommage aux victimes, les dix ans des attentats de Paris et Saint-Denis en novembre 2015 qui avaient fait 130 morts et des centaines de bless\u00e9s \u00e0 Paris et Saint-Denis.<\/p>\n<p>Dans un entretien \u00e0 l&rsquo;AFP diffus\u00e9 samedi, le procureur national antiterroriste Olivier Christen affirme que <a href=\"https:\/\/www.leprogres.fr\/societe\/2025\/11\/03\/dix-ans-apres-les-attaques-du-13-novembre-la-menace-terroriste-reste-vive-en-france\" target=\"_blank\" rel=\"noopener\">la menace djihadiste est \u00ab la plus importante<\/a> \u00e0 la fois dans son volume et dans le niveau de pr\u00e9paration des passages \u00e0 l&rsquo;acte \u00bb et \u00ab s&rsquo;accro\u00eet \u00bb depuis trois ans. D\u2019apr\u00e8s\u00a0le Pnat, il s\u2019agirait du 6e attentat d\u00e9jou\u00e9 en France depuis le d\u00e9but de l\u2019ann\u00e9e.<\/p>\n","protected":false},"excerpt":{"rendered":"Trois jeunes femmes ont \u00e9t\u00e9 mises en examen et \u00e9crou\u00e9es en octobre \u00e0 Paris, suspect\u00e9es d&rsquo;avoir pr\u00e9par\u00e9 un&hellip;\n","protected":false},"author":2,"featured_media":520731,"comment_status":"","ping_status":"","sticky":false,"template":"","format":"standard","meta":{"footnotes":""},"categories":[1888],"tags":[11,271,272,2757,1777,674,274,107,1011,27,329,2428,12,626,25,2429,1254,6345],"class_list":{"0":"post-520730","1":"post","2":"type-post","3":"status-publish","4":"format-standard","5":"has-post-thumbnail","7":"category-paris","8":"tag-actualites","9":"tag-crime","10":"tag-delit-et-contravention","11":"tag-edition-lyon-villeurbanne","12":"tag-eu","13":"tag-europe","14":"tag-faits-divers-justice","15":"tag-fil-info","16":"tag-fr","17":"tag-france","18":"tag-france-monde","19":"tag-lyon","20":"tag-news","21":"tag-paris","22":"tag-republique-francaise","23":"tag-rhone","24":"tag-terrorisme","25":"tag-villeurbanne"},"share_on_mastodon":{"url":"https:\/\/pubeurope.com\/@fr\/115514632135743824","error":""},"_links":{"self":[{"href":"https:\/\/www.europesays.com\/fr\/wp-json\/wp\/v2\/posts\/520730","targetHints":{"allow":["GET"]}}],"collection":[{"href":"https:\/\/www.europesays.com\/fr\/wp-json\/wp\/v2\/posts"}],"about":[{"href":"https:\/\/www.europesays.com\/fr\/wp-json\/wp\/v2\/types\/post"}],"author":[{"embeddable":true,"href":"https:\/\/www.europesays.com\/fr\/wp-json\/wp\/v2\/users\/2"}],"replies":[{"embeddable":true,"href":"https:\/\/www.europesays.com\/fr\/wp-json\/wp\/v2\/comments?post=520730"}],"version-history":[{"count":0,"href":"https:\/\/www.europesays.com\/fr\/wp-json\/wp\/v2\/posts\/520730\/revisions"}],"wp:featuredmedia":[{"embeddable":true,"href":"https:\/\/www.europesays.com\/fr\/wp-json\/wp\/v2\/media\/520731"}],"wp:attachment":[{"href":"https:\/\/www.europesays.com\/fr\/wp-json\/wp\/v2\/media?parent=520730"}],"wp:term":[{"taxonomy":"category","embeddable":true,"href":"https:\/\/www.europesays.com\/fr\/wp-json\/wp\/v2\/categories?post=520730"},{"taxonomy":"post_tag","embeddable":true,"href":"https:\/\/www.europesays.com\/fr\/wp-json\/wp\/v2\/tags?post=520730"}],"curies":[{"name":"wp","href":"https:\/\/api.w.org\/{rel}","templated":true}]}}