{"id":520732,"date":"2025-11-08T14:49:08","date_gmt":"2025-11-08T14:49:08","guid":{"rendered":"https:\/\/www.europesays.com\/fr\/520732\/"},"modified":"2025-11-08T14:49:08","modified_gmt":"2025-11-08T14:49:08","slug":"quatre-morts-et-des-coupures-de-courant-apres-des-frappes-russes-massives","status":"publish","type":"post","link":"https:\/\/www.europesays.com\/fr\/520732\/","title":{"rendered":"quatre morts et des coupures de courant apr\u00e8s des frappes russes massives"},"content":{"rendered":"<p class=\"authors latino-300b text-grey-600\">\n<p>  Par\u00a0<br \/>\nLe Nouvel Obs avec AFP<\/p>\n<p class=\"latino-300r d-inline-block pe-8 pb-4 pb-lg-0 text-grey-600 pe-8 border-end-lg\">\n<p>    Publi\u00e9 le\u00a08 novembre 2025 \u00e0 14h58\n  <\/p>\n<p>              Lecture\u00a0:\u00a02\u00a0min.<\/p>\n<p>      <img fetchpriority=\"high\" decoding=\"async\" class=\"mx-auto\" src=\"data:image\/svg+xml,%3Csvg%20xmlns%3D%27http%3A%2F%2Fwww.w3.org%2F2000%2Fsvg%27%20fill%3D%22%23e4e4e4%22%20viewBox%3D%270%200%20510%20340%27%20width%3D%22510%22%20height%3D%22340%22%3E%3Cpath%20d%3D%27M0%200h510v340H0z%27%2F%3E%3C%2Fsvg%3E\"  loading=\"eager\" width=\"510\" height=\"340\" data-oncrawl-image-size=\"510x340\" alt=\"Un secouriste ukrainien dans une station-service touch\u00e9e par les frappes russes, dans la r\u00e9gion de Kharkiv, en Ukraine, le 7\u00a0novembre 2025.\"\/>      <\/p>\n<p class=\"latino-100m text-grey-600\">\n            Un secouriste ukrainien dans une station-service touch\u00e9e par les frappes russes, dans la r\u00e9gion de Kharkiv, en Ukraine, le 7\u00a0novembre 2025.\u00a0STRINGER \/ ANADOLU VIA AFP        <\/p>\n<p>        Lire\u00a0plus\u00a0tard      <\/p>\n<p><a aria-label=\"Nous suivre sur Google News\" href=\"https:\/\/news.google.com\/publications\/CAAqBwgKMJe4nQkw3dFs?hl=fr&amp;gl=FR&amp;ceid=FR%3Afr\" target=\"_blank\" data-piano=\"Page_Article,Sous_date_publi,Nous_suivre_sur_google_news,1er_clic,action\" class=\"btn btn--small btn--tertiary btn--icon-only\" rel=\"noopener\"><\/p>\n<p>      Google Actualit\u00e9s<br \/>\n  <\/a><\/p>\n<p>  Partager<\/p>\n<p>        Facebook<\/p>\n<p>        Bluesky<\/p>\n<p>        E-mail<\/p>\n<p>        Copier le lien<\/p>\n<p>      Envoyer<\/p>\n<p>      S\u2019abonner    <\/p>\n<p class=\"node__paragraphe antonia-750r text-grey-800 pb-24 pb-md-32\">\nL\u2019Ukraine a \u00e9t\u00e9 vis\u00e9e ce samedi 8\u00a0novembre par une nouvelle s\u00e9rie de frappes russes qui ont endommag\u00e9 ses infrastructures \u00e9nerg\u00e9tiques et provoqu\u00e9 des coupures de courant, y compris dans la capitale, faisant au moins quatre morts \u00e0 travers le pays. Dans la nuit, <a href=\"https:\/\/www.nouvelobs.com\/chroniques\/20251007.OBS108460\/comment-les-drones-entrainent-les-guerres-contemporaines-vers-un-point-de-non-retour.html\" target=\"_blank\" rel=\"noopener\">la Russie a tir\u00e9 un total de 458 drones<\/a> et 45 missiles sur l\u2019Ukraine, selon l\u2019arm\u00e9e de l\u2019air ukrainienne, qui a assur\u00e9 avoir abattu respectivement 409 drones et neuf missiles.<\/p>\n<p class=\"node__paragraphe antonia-750r text-grey-800 pb-24 pb-md-32\">\nLa Russie cible depuis plusieurs semaines les centrales \u00e9lectriques et installations gazi\u00e8res ukrainiennes, provoquant r\u00e9guli\u00e8rement des coupures \u00e0 travers le pays et faisant craindre un hiver difficile alors que les temp\u00e9ratures baissent.<\/p>\n<p class=\"node__paragraphe antonia-750r text-grey-800 pb-24 pb-md-32\">\n\u00ab\u00a0Les travaux de restauration se poursuivent apr\u00e8s l\u2019attaque nocturne. Il s\u2019agissait d\u2019une attaque massive, avec de nombreux missiles balistiques\u00a0\u00bb, a soulign\u00e9 sur Telegram le pr\u00e9sident Volodymyr Zelensky. Il a estim\u00e9 que la \u00ab\u00a0pression exerc\u00e9e sur la Russie (\u00e9tait) insuffisante\u00a0\u00bb, <a href=\"https:\/\/www.nouvelobs.com\/monde\/20251025.OBS109120\/nouvelle-nuit-de-frappes-russes-sur-l-ukraine-trois-morts-dont-un-secouriste.html\" target=\"_blank\" rel=\"noopener\">regrettant les \u00ab\u00a0r\u00e9ponses timides \u00e0 l\u2019audace\u00a0\u00bb du Kremlin<\/a>.<\/p>\n<p class=\"latino-500b text-grey-600 pb-16\">A lire aussi<\/p>\n<p><a href=\"https:\/\/www.nouvelobs.com\/monde\/20251024.OBS109093\/l-ue-cassera-t-elle-la-tirelire-des-210-milliards-de-poutine-pour-aider-l-ukraine-pourquoi-le-premier-ministre-belge-freine-le-deblocage-des-avoirs-russes.html\" data-article-key=\"20251024.OBS109093\" class=\"link--box flex-grow-1\" data-piano=\"Page_Article,Lire_aussi,,Lien1,navigation\" target=\"_blank\" rel=\"noopener\"><\/p>\n<p>                <img decoding=\"async\" src=\"data:image\/svg+xml,%3Csvg%20xmlns%3D%27http%3A%2F%2Fwww.w3.org%2F2000%2Fsvg%27%20fill%3D%22%23e4e4e4%22%20viewBox%3D%270%200%20120%2080%27%20width%3D%22120%22%20height%3D%2280%22%3E%3Cpath%20d%3D%27M0%200h120v80H0z%27%2F%3E%3C%2Fsvg%3E\"  width=\"120\" height=\"80\" loading=\"lazy\" alt=\"Le Premier ministre belge Bart De Wever \u00e0 son arriv\u00e9e au Conseil europ\u00e9en, \u00e0 Bruxelles, le 23\u00a0octobre 2025.\"\/><\/p>\n<p class=\"latino-300r latino-lg-600m text-grey-800\">\n                      <strong class=\"latino-300b latino-lg-600m text-grey-500\">Analyse\u00a0<\/strong><br \/>\n                    L\u2019UE cassera-t-elle la tirelire des 210\u00a0milliards de Poutine pour aider l\u2019Ukraine\u00a0? Pourquoi le Premier ministre belge freine le d\u00e9blocage des avoirs russes        <\/p>\n<p><\/a><\/p>\n<p class=\"node__paragraphe antonia-750r text-grey-800 pb-24 pb-md-32\">\nLe chef de la diplomatie ukrainienne a de son c\u00f4t\u00e9 rapport\u00e9 que ces frappes avaient \u00ab\u00a0d\u00e9truit des infrastructures essentielles et endommag\u00e9 les r\u00e9seaux ferroviaires\u00a0\u00bb, privant \u00ab\u00a0les gens d\u2019\u00e9lectricit\u00e9, d\u2019eau et de chauffage\u00a0\u00bb.<\/p>\n<p>\u00ab\u00a0Neuvi\u00e8me attaque massive depuis d\u00e9but octobre\u00a0\u00bb<\/p>\n<p class=\"node__paragraphe antonia-750r text-grey-800 pb-24 pb-md-32\">\nA Dnipro, grande ville du centre-est de l\u2019Ukraine, un immeuble r\u00e9sidentiel a \u00e9t\u00e9 touch\u00e9 par un drone, tuant trois personnes et faisant plusieurs bless\u00e9s, selon son maire, Boris Filatov. Une personne a aussi \u00e9t\u00e9 tu\u00e9e \u00e0 Kharkiv (nord-est), selon Volodymyr Zelensky.<\/p>\n<p class=\"node__paragraphe antonia-750r text-grey-800 pb-24 pb-md-32\">\nPlusieurs r\u00e9gions ont annonc\u00e9 des coupures d\u2019\u00e9lectricit\u00e9 d\u2019urgence et des interruptions de l\u2019approvisionnement en eau. Ces coupures touchent aussi Kiev et sa r\u00e9gion, a indiqu\u00e9 l\u2019op\u00e9rateur priv\u00e9 DTEK. La compagnie gazi\u00e8re Naftogaz a fait \u00e9tat de d\u00e9g\u00e2ts sur ses installations fournissant du chauffage aux habitants, \u00ab\u00a0la neuvi\u00e8me attaque massive depuis d\u00e9but octobre\u00a0\u00bb sur le secteur.<\/p>\n<p class=\"latino-500b text-grey-600 pb-16\">A lire aussi<\/p>\n<p><a href=\"https:\/\/www.nouvelobs.com\/sciences\/20251031.OBS109312\/c-est-quoi-le-krill-ce-minuscule-crustace-au-c-ur-d-une-bataille-entre-l-ukraine-et-la-russie.html\" data-article-key=\"20251031.OBS109312\" class=\"link--box flex-grow-1\" data-piano=\"Page_Article,Lire_aussi,,Lien2,navigation\" target=\"_blank\" rel=\"noopener\"><\/p>\n<p>                <img decoding=\"async\" src=\"data:image\/svg+xml,%3Csvg%20xmlns%3D%27http%3A%2F%2Fwww.w3.org%2F2000%2Fsvg%27%20fill%3D%22%23e4e4e4%22%20viewBox%3D%270%200%20120%2080%27%20width%3D%22120%22%20height%3D%2280%22%3E%3Cpath%20d%3D%27M0%200h120v80H0z%27%2F%3E%3C%2Fsvg%3E\"  width=\"120\" height=\"80\" loading=\"lazy\" alt=\"Le krill est petit crustac\u00e9 de 1\u00a0\u00e0 2\u00a0centim\u00e8tres, qui ressemble \u00e0 une minuscule crevette.\"\/><\/p>\n<p class=\"latino-300r latino-lg-600m text-grey-800\">\n                      <strong class=\"latino-300b latino-lg-600m text-grey-500\">D\u00e9cryptage\u00a0<\/strong><br \/>\n                    C\u2019est quoi le krill, ce minuscule crustac\u00e9 au c\u0153ur d\u2019une bataille entre l\u2019Ukraine et la Russie\u00a0?        <\/p>\n<p><\/a><\/p>\n<p class=\"node__paragraphe antonia-750r text-grey-800 pb-24 pb-md-32\">\nD\u2019importants retards sont \u00e0 d\u00e9plorer sur les r\u00e9seaux ferr\u00e9s, a pr\u00e9venu le ministre de la Restauration, Oleksi\u00ef Kouleba, accusant la Russie d\u2019avoir intensifi\u00e9 ses attaques contre les d\u00e9p\u00f4ts de locomotives.<\/p>\n<p class=\"node__paragraphe antonia-750r text-grey-800 pb-24 pb-md-32\">\nComme lors de chaque vague de frappes, le minist\u00e8re russe de la D\u00e9fense a affirm\u00e9 avoir vis\u00e9 \u00ab\u00a0des entreprises du complexe militaro-industriel ukrainien et des installations gazi\u00e8res et \u00e9nerg\u00e9tiques qui soutiennent leurs op\u00e9rations\u00a0\u00bb.<\/p>\n<p>Crainte d\u2019un hiver rude pour les civils<\/p>\n<p class=\"node__paragraphe antonia-750r text-grey-800 pb-24 pb-md-32\">\nLes frappes russes, qui rappellent les campagnes des ann\u00e9es pr\u00e9c\u00e9dentes qui avaient par moments plong\u00e9 des millions de personnes dans le noir en Ukraine, font craindre un hiver rude pour les civils. Le directeur du Centre ukrainien de recherche sur l\u2019\u00e9nergie, Oleksandre Khartchenko, avait averti mercredi que le pays courait un \u00ab\u00a0risque significatif\u00a0\u00bb de coupures de chauffage cet hiver. Selon un rapport fin octobre de l\u2019Ecole d\u2019\u00e9conomie de Kiev, \u00ab\u00a027\u00a0% de la demande en \u00e9lectricit\u00e9 ne pourra \u00eatre satisfaite\u00a0\u00bb cet hiver, en raison des dommages caus\u00e9s aux installations \u00e9nerg\u00e9tiques.<\/p>\n<p class=\"node__paragraphe antonia-750r text-grey-800 pb-24 pb-md-32\">\nL\u2019Ukraine vise de son c\u00f4t\u00e9 quasiment chaque semaine des d\u00e9p\u00f4ts et raffineries de p\u00e9trole en Russie, avec l\u2019objectif de perturber les exportations de p\u00e9trole et de r\u00e9duire le financement de l\u2019effort de guerre de la Russie. Elle a aussi d\u00e9j\u00e0 cibl\u00e9 des centrales \u00e9lectriques et des conduites d\u2019hydrocarbures, y compris approvisionnant l\u2019Europe. Dans la nuit de vendredi \u00e0 ce samedi, Andre\u00ef Botcharov, le gouverneur de la r\u00e9gion russe de Volgograd (sud), \u00e0 plusieurs centaines de kilom\u00e8tres du front, a fait \u00e9tat sur Telegram d\u2019une attaque de drones ukrainiens sur des infrastructures \u00e9nerg\u00e9tiques, provoquant l\u00e0 aussi des coupures de courant.<\/p>\n<p>La Russie continue de progresser sur le front<\/p>\n<p class=\"node__paragraphe antonia-750r text-grey-800 pb-24 pb-md-32\">\nAlors que les efforts diplomatiques engag\u00e9s par le pr\u00e9sident am\u00e9ricain, Donald Trump, pour mettre fin au conflit le plus sanglant en Europe depuis la Deuxi\u00e8me Guerre mondiale <a href=\"https:\/\/www.nouvelobs.com\/monde\/20251023.OBS109044\/guerre-en-ukraine-tres-agace-par-poutine-trump-durcit-finalement-les-sanctions-americaines-contre-la-russie.html\" target=\"_blank\" rel=\"noopener\">sont au point mort<\/a>, la Russie continue de progresser sur le front. L\u2019essentiel des combats se concentre dans la r\u00e9gion de Donetsk (est) o\u00f9 est situ\u00e9e la ville de Pokrovsk, un important n\u0153ud logistique pour les forces ukrainiennes qui pourrait tomber prochainement.<\/p>\n<p class=\"latino-500b text-grey-600 pb-16\">A lire aussi<\/p>\n<p><a href=\"https:\/\/www.nouvelobs.com\/monde\/20250831.OBS107189\/ukraine-l-echec-n-est-pas-la-soumission-des-europeens-aux-etats-unis-c-est-la-manipulation-des-americains-par-poutine.html\" data-article-key=\"20250831.OBS107189\" class=\"link--box flex-grow-1\" data-piano=\"Page_Article,Lire_aussi,,Lien3,navigation\" target=\"_blank\" rel=\"noopener\"><\/p>\n<p>                <img decoding=\"async\" src=\"data:image\/svg+xml,%3Csvg%20xmlns%3D%27http%3A%2F%2Fwww.w3.org%2F2000%2Fsvg%27%20fill%3D%22%23e4e4e4%22%20viewBox%3D%270%200%20120%2080%27%20width%3D%22120%22%20height%3D%2280%22%3E%3Cpath%20d%3D%27M0%200h120v80H0z%27%2F%3E%3C%2Fsvg%3E\"  width=\"120\" height=\"80\" loading=\"lazy\" alt=\"Donald Trump, Emmanuel Macron, Giorgia Meloni et Friedrich Merz, le 18\u00a0ao\u00fbt \u00e0 la Maison-Blanche.\"\/><\/p>\n<p class=\"latino-300r latino-lg-600m text-grey-800\">\n                      <strong class=\"latino-300b latino-lg-600m text-grey-500\">Entretien\u00a0<\/strong><br \/>\n                    Ukraine\u00a0: \u00ab\u00a0L\u2019\u00e9chec n\u2019est pas\u00a0la soumission des Europ\u00e9ens aux Etats-Unis, c\u2019est la manipulation des Am\u00e9ricains par Poutine\u00a0\u00bb        <\/p>\n<p><\/a><\/p>\n<p class=\"node__paragraphe antonia-750r text-grey-800 pb-24 pb-md-32\">\nSi l\u2019\u00e9tat-major ukrainien a d\u00e9menti tout encerclement de ses troupes sur place et assur\u00e9 poursuivre la d\u00e9fense, de nombreux m\u00e9dias, soldats et volontaires ont fait \u00e9tat d\u2019une situation critique pour la garnison locale.<\/p>\n<p class=\"node__paragraphe antonia-750r text-grey-800 pb-24 pb-md-32\">\nL\u2019arm\u00e9e russe contr\u00f4le totalement ou partiellement pr\u00e8s de 20\u00a0% du territoire ukrainien, selon l\u2019analyse par l\u2019AFP des donn\u00e9es fournies par l\u2019Institut am\u00e9ricain pour l\u2019\u00e9tude de la guerre (ISW), qui travaille avec le Critical Threats Project (CTP). Quelque 7\u00a0% &#8211; la Crim\u00e9e et des zones du Donbass &#8211; \u00e9taient d\u00e9j\u00e0 contr\u00f4l\u00e9s avant le d\u00e9but de l\u2019invasion russe de f\u00e9vrier\u00a02022.<\/p>\n<p class=\"authors latino-600m text-grey-800\">\n<p>  Par\u00a0<br \/>\nLe Nouvel Obs avec AFP<\/p>\n","protected":false},"excerpt":{"rendered":"Par\u00a0 Le Nouvel Obs avec AFP Publi\u00e9 le\u00a08 novembre 2025 \u00e0 14h58 Lecture\u00a0:\u00a02\u00a0min. Un secouriste ukrainien dans une&hellip;\n","protected":false},"author":2,"featured_media":520733,"comment_status":"","ping_status":"","sticky":false,"template":"","format":"standard","meta":{"footnotes":""},"categories":[1591],"tags":[17,11,37958,22298,1887,2535,1146,131,74,5184,12,2536,1885,1886,132,220],"class_list":{"0":"post-520732","1":"post","2":"type-post","3":"status-publish","4":"format-standard","5":"has-post-thumbnail","7":"category-russie","8":"tag-17","9":"tag-actualites","10":"tag-coupures","11":"tag-courant","12":"tag-federation-de-russie","13":"tag-frappes","14":"tag-guerre","15":"tag-guerre-en-ukraine","16":"tag-monde","17":"tag-morts","18":"tag-news","19":"tag-russes","20":"tag-russia","21":"tag-russian-federation","22":"tag-russie","23":"tag-ukraine"},"share_on_mastodon":{"url":"https:\/\/pubeurope.com\/@fr\/115514636144758429","error":""},"_links":{"self":[{"href":"https:\/\/www.europesays.com\/fr\/wp-json\/wp\/v2\/posts\/520732","targetHints":{"allow":["GET"]}}],"collection":[{"href":"https:\/\/www.europesays.com\/fr\/wp-json\/wp\/v2\/posts"}],"about":[{"href":"https:\/\/www.europesays.com\/fr\/wp-json\/wp\/v2\/types\/post"}],"author":[{"embeddable":true,"href":"https:\/\/www.europesays.com\/fr\/wp-json\/wp\/v2\/users\/2"}],"replies":[{"embeddable":true,"href":"https:\/\/www.europesays.com\/fr\/wp-json\/wp\/v2\/comments?post=520732"}],"version-history":[{"count":0,"href":"https:\/\/www.europesays.com\/fr\/wp-json\/wp\/v2\/posts\/520732\/revisions"}],"wp:featuredmedia":[{"embeddable":true,"href":"https:\/\/www.europesays.com\/fr\/wp-json\/wp\/v2\/media\/520733"}],"wp:attachment":[{"href":"https:\/\/www.europesays.com\/fr\/wp-json\/wp\/v2\/media?parent=520732"}],"wp:term":[{"taxonomy":"category","embeddable":true,"href":"https:\/\/www.europesays.com\/fr\/wp-json\/wp\/v2\/categories?post=520732"},{"taxonomy":"post_tag","embeddable":true,"href":"https:\/\/www.europesays.com\/fr\/wp-json\/wp\/v2\/tags?post=520732"}],"curies":[{"name":"wp","href":"https:\/\/api.w.org\/{rel}","templated":true}]}}