{"id":520738,"date":"2025-11-08T14:52:13","date_gmt":"2025-11-08T14:52:13","guid":{"rendered":"https:\/\/www.europesays.com\/fr\/520738\/"},"modified":"2025-11-08T14:52:13","modified_gmt":"2025-11-08T14:52:13","slug":"apres-les-scandales-sarah-ferguson-sur-le-point-de-quitter-le-royaume-uni-son-plan-secret-devoile","status":"publish","type":"post","link":"https:\/\/www.europesays.com\/fr\/520738\/","title":{"rendered":"Apr\u00e8s les scandales, Sarah Ferguson sur le point de quitter le Royaume-Uni ? Son \u201cplan secret\u201d d\u00e9voil\u00e9"},"content":{"rendered":"<p>                                    <img decoding=\"async\" src=\"https:\/\/www.europesays.com\/fr\/wp-content\/uploads\/2025\/11\/a9fa7f5d247f66a97c5060b1933eb0c2a1d05dea48ceeda39315d0d0101c5568.jpg\" alt=\"Sarah Ferguson\u00a0: Vie Priv\u00e9e, Famille Royale, Enfants... Ce qu'il faut conna\u00eetre\" class=\"a11y-hidden\" fetchpriority=\"high\"\/><\/p>\n<p class=\"fig-standfirst\">\n    Depuis que le prince Andrew a \u00e9t\u00e9 banni de la famille royale britannique, Sarah Ferguson aurait beaucoup de mal \u00e0 faire face au scandale. Selon un article du Daily Express paru le vendredi 7 novembre, elle aurait donc pris une grande d\u00e9cision.<\/p>\n<p class=\"fig-paragraph\">Un v\u00e9ritable cauchemar. Depuis que le prince Andrew a \u00e9t\u00e9 d\u00e9savou\u00e9 par son fr\u00e8re, le roi Charles III, et mis au ban de la famille royale, Sarah Ferguson aurait\u00a0<a href=\"https:\/\/www.gala.fr\/royautes\/elle-est-a-bout-sarah-ferguson-depassee-par-les-scandales-du-prince-andrew-elle-craint-pour-son-avenir-20251028\" target=\"_blank\" data-fig-type=\"Article\" rel=\"noopener\" data-gtm-custom-categorie=\"navigation\" data-gtm-custom-action=\"crossclick\" data-gtm-custom-label=\"Contextuel\" data-gtm-event=\"customEventSPE\" data-fig-domain=\"GALA\">le plus grand mal<\/a>\u00a0\u00e0 faire face \u00e0 la situation. Selon certains de ses proches, elle serait m\u00eame \u00ab<a href=\"https:\/\/www.gala.fr\/royautes\/sarah-ferguson-au-bord-de-la-depression-a-cause-de-l-affaire-epstein-elle-a-peur-pour-ses-filles-20251024\" target=\"_blank\" data-fig-type=\"Article\" rel=\"noopener\" data-gtm-custom-categorie=\"navigation\" data-gtm-custom-action=\"crossclick\" data-gtm-custom-label=\"Contextuel\" data-gtm-event=\"customEventSPE\" data-fig-domain=\"GALA\">au bord de la d\u00e9pression<\/a> \u00bb\u00a0! En prime, la m\u00e8re des princesses Beatrice et Eugenie se retrouve sans domicile fixe, le prince Andrew ayant \u00e9t\u00e9\u00a0<a href=\"https:\/\/www.gala.fr\/royautes\/le-prince-andrew-paria-finances-maison-privileges-a-quoi-va-ressembler-sa-nouvelle-vie-20251108\" target=\"_blank\" data-fig-type=\"Article\" rel=\"noopener\" data-gtm-custom-categorie=\"navigation\" data-gtm-custom-action=\"crossclick\" data-gtm-custom-label=\"Contextuel\" data-gtm-event=\"customEventSPE\" data-fig-domain=\"GALA\">expuls\u00e9 de Royal Lodge<\/a>, la demeure qu\u2019elle partageait avec lui.\u00a0<a href=\"https:\/\/www.express.co.uk\/news\/royal\/2130906\/sarah-ferguson-plan-to-flee-uk\" target=\"_blank\" rel=\"sponsored noopener\" data-gtm-custom-categorie=\"navigation\" data-gtm-custom-action=\"crossclick\" data-gtm-custom-label=\"Contextuel\" data-gtm-event=\"customEventSPE\">Dans un article<\/a>\u00a0paru le vendredi 7 novembre, nos confr\u00e8res du Daily Express ont d\u00e9voil\u00e9 le \u00abplan secret\u00bb de Sarah Ferguson pour laisser le scandale loin derri\u00e8re elle, citant des propos de l\u2019expert royal Phil Dampier. Selon lui, l\u2019ex-\u00e9pouse du prince Andrew aurait trouv\u00e9 la solution id\u00e9ale\u00a0: aller s\u2019installer chez sa s\u0153ur, en Australie\u00a0!<\/p>\n<p class=\"fig-paragraph\">Comme l\u2019explique encore l\u2019expert\u00a0: \u00abLa s\u0153ur de Sarah, Jane, est venue la voir r\u00e9cemment pour la r\u00e9conforter, et lui a sugg\u00e9r\u00e9 de venir s\u2019installer \u00e0 c\u00f4t\u00e9 de chez elle, en Australie.\u00bb Pince-sans-rire, l\u2019expert royal a ajout\u00e9\u00a0: \u00abFergie a toujours ador\u00e9 l\u2019Australie et les Australiens, et l\u00e0-bas, il en reste encore quelques-uns qui l\u2019aiment bien\u00bb. Un t\u00e9moignage de la chute spectaculaire de la cote de popularit\u00e9 de l\u2019ex-\u00e9pouse et grande amie du prince Andrew, elle-m\u00eame en difficult\u00e9 en raison de la r\u00e9v\u00e9lation de\u00a0<a href=\"https:\/\/www.gala.fr\/royautes\/sarah-ferguson-eclaboussee-par-l-affaire-epstein-comme-le-prince-andrew-la-punition-ne-se-fait-pas-attendre-20250923\" target=\"_blank\" data-fig-type=\"Article\" rel=\"noopener\" data-gtm-custom-categorie=\"navigation\" data-gtm-custom-action=\"crossclick\" data-gtm-custom-label=\"Contextuel\" data-gtm-event=\"customEventSPE\" data-fig-domain=\"GALA\">ses propres liens<\/a>\u00a0avec le p\u00e9dophile et trafiquant Jeffrey Epstein. Dans ces conditions, s\u2019installer \u00e0 l\u2019autre bout de la terre pourrait effectivement \u00eatre la meilleure d\u00e9cision. Les deux filles du couple, Beatrice et Eugenie, en tout cas, ont choisi\u00a0: toutes deux ont quitt\u00e9 le pays\u2026<\/p>\n<p>    Jane Ferguson Luedecke\u00a0et sa fille accueillent Sarah Ferguson \u00e0 l\u2019a\u00e9roport de Sydney, en Australie, le 4 avril 2016.<br \/>\n                Backgrid Australia \/ Bestimage<\/p>\n<p>    <a href=\"#slideshow-header\"><\/p>\n<p class=\"fig-slideshow__title\">\n                    PHOTOS \u2013 Sarah Ferguson et le prince Andrew\u00a0: retour sur leur histoire d&rsquo;amour singuli\u00e8re\n                <\/p>\n<p>    <\/a><\/p>\n<p>                                    <a class=\"fig-a11y-skip a11y-hidden\" href=\"#fig-a11y-skip-main-inarticle\"><br \/>\n        Passer la publicit\u00e9<br \/>\n    <\/a><\/p>\n<p>Sarah Ferguson\u00a0: sur le point de faire des r\u00e9v\u00e9lations in\u00e9dites\u00a0?<\/p>\n<p class=\"fig-paragraph\">Si,\u00a0<a href=\"https:\/\/www.gala.fr\/royautes\/coup-de-tonnerre-le-prince-andrew-prive-de-ses-titres-et-vire-du-royal-lodge-20251030\" target=\"_blank\" data-fig-type=\"Article\" rel=\"noopener\" data-gtm-custom-categorie=\"navigation\" data-gtm-custom-action=\"crossclick\" data-gtm-custom-label=\"Contextuel\" data-gtm-event=\"customEventSPE\" data-fig-domain=\"GALA\">dans son communiqu\u00e9<\/a>\u00a0annon\u00e7ant que le prince Andrew \u00e9tait destitu\u00e9, la famille royale britannique a assur\u00e9 les victimes d\u2019agression sexuelle de son soutien, le fait est que le fr\u00e8re du roi Charles III n\u2019a jamais \u00e9t\u00e9 condamn\u00e9 par la justice. Il reste donc officiellement innocent de toutes les accusations port\u00e9es contre lui\u2026 Mais cela pourrait-il bient\u00f4t changer\u00a0? En effet, celle qui a d\u00e9sormais perdu le titre de duchesse d\u2019York, auquel elle tenait tant, pourrait bien faire face \u00e0 de nouvelles d\u00e9convenues, alors que le prince Andrew a \u00e9t\u00e9 convoqu\u00e9 par le Congr\u00e8s am\u00e9ricain pour t\u00e9moigner sur ses liens avec Jeffrey Epstein\u2026 Une situation qui, selon nos confr\u00e8res du Daily Mail, pourrait pousser Sarah Ferguson \u00e0 vouloir livrer sa propre version de l\u2019histoire pour limiter les d\u00e9g\u00e2ts.<\/p>\n<p class=\"fig-paragraph\">Article \u00e9crit avec la collaboration de 6M\u00e9dias<\/p>\n","protected":false},"excerpt":{"rendered":"Depuis que le prince Andrew a \u00e9t\u00e9 banni de la famille royale britannique, Sarah Ferguson aurait beaucoup de&hellip;\n","protected":false},"author":2,"featured_media":520739,"comment_status":"","ping_status":"","sticky":false,"template":"","format":"standard","meta":{"footnotes":""},"categories":[1588],"tags":[11,59923,14477,1777,674,545,5861,12,473,1853,60309,1747,1851,1850,1852],"class_list":{"0":"post-520738","1":"post","2":"type-post","3":"status-publish","4":"format-standard","5":"has-post-thumbnail","7":"category-royaume-uni","8":"tag-actualites","9":"tag-andrew-dangleterre","10":"tag-demenagement","11":"tag-eu","12":"tag-europe","13":"tag-famille-royale-britannique","14":"tag-gotha","15":"tag-news","16":"tag-royaume-uni","17":"tag-royaume-uni-de-grande-bretagne-et-dirlande-du-nord","18":"tag-sarah-ferguson","19":"tag-scandale","20":"tag-uk","21":"tag-united-kingdom","22":"tag-united-kingdom-of-great-britain-and-northern-ireland"},"share_on_mastodon":{"url":"https:\/\/pubeurope.com\/@fr\/115514648547472738","error":""},"_links":{"self":[{"href":"https:\/\/www.europesays.com\/fr\/wp-json\/wp\/v2\/posts\/520738","targetHints":{"allow":["GET"]}}],"collection":[{"href":"https:\/\/www.europesays.com\/fr\/wp-json\/wp\/v2\/posts"}],"about":[{"href":"https:\/\/www.europesays.com\/fr\/wp-json\/wp\/v2\/types\/post"}],"author":[{"embeddable":true,"href":"https:\/\/www.europesays.com\/fr\/wp-json\/wp\/v2\/users\/2"}],"replies":[{"embeddable":true,"href":"https:\/\/www.europesays.com\/fr\/wp-json\/wp\/v2\/comments?post=520738"}],"version-history":[{"count":0,"href":"https:\/\/www.europesays.com\/fr\/wp-json\/wp\/v2\/posts\/520738\/revisions"}],"wp:featuredmedia":[{"embeddable":true,"href":"https:\/\/www.europesays.com\/fr\/wp-json\/wp\/v2\/media\/520739"}],"wp:attachment":[{"href":"https:\/\/www.europesays.com\/fr\/wp-json\/wp\/v2\/media?parent=520738"}],"wp:term":[{"taxonomy":"category","embeddable":true,"href":"https:\/\/www.europesays.com\/fr\/wp-json\/wp\/v2\/categories?post=520738"},{"taxonomy":"post_tag","embeddable":true,"href":"https:\/\/www.europesays.com\/fr\/wp-json\/wp\/v2\/tags?post=520738"}],"curies":[{"name":"wp","href":"https:\/\/api.w.org\/{rel}","templated":true}]}}