{"id":520740,"date":"2025-11-08T14:53:12","date_gmt":"2025-11-08T14:53:12","guid":{"rendered":"https:\/\/www.europesays.com\/fr\/520740\/"},"modified":"2025-11-08T14:53:12","modified_gmt":"2025-11-08T14:53:12","slug":"lallemagne-va-reexaminer-ses-politiques-commerciales-sensibles-avec-la-chine","status":"publish","type":"post","link":"https:\/\/www.europesays.com\/fr\/520740\/","title":{"rendered":"L&rsquo;Allemagne va r\u00e9examiner ses politiques commerciales \u00ab sensibles \u00bb avec la Chine"},"content":{"rendered":"<p>Le gouvernement de coalition allemand pr\u00e9voit de r\u00e9examiner ses politiques commerciales \u00e0 l&rsquo;\u00e9gard de la Chine, notamment en ce qui concerne l&rsquo;\u00e9nergie, les importations de mati\u00e8res premi\u00e8res et les investissements chinois dans les infrastructures critiques allemandes. Un comit\u00e9 d&rsquo;experts sera mis en place pour pr\u00e9senter un rapport au Parlement.<\/p>\n<p>Ce projet intervient dans un contexte de mont\u00e9e r\u00e9cente des tensions commerciales entre les deuxi\u00e8me et troisi\u00e8me plus grandes \u00e9conomies mondiales. Le comit\u00e9 examinera les \u00ab relations commerciales \u00e0 enjeux s\u00e9curitaires entre l&rsquo;Allemagne et la Chine \u00bb et formulera des recommandations au gouvernement, selon une motion soumise par les conservateurs du chancelier Friedrich Merz et leurs partenaires sociaux-d\u00e9mocrates de la coalition, consult\u00e9e par Reuters samedi.<\/p>\n<p>La motion devrait \u00eatre adopt\u00e9e vendredi prochain et le comit\u00e9 &#8211; compos\u00e9 d&rsquo;une douzaine d&rsquo;universitaires, de repr\u00e9sentants d&rsquo;associations industrielles, de syndicats et de membres de groupes de r\u00e9flexion &#8211; sera constitu\u00e9 peu de temps apr\u00e8s.<\/p>\n<p>Pendant des d\u00e9cennies, l&rsquo;Allemagne consid\u00e9rait la Chine, autre grand exportateur, comme un alli\u00e9 naturel dans la d\u00e9fense d&rsquo;un syst\u00e8me commercial mondial ouvert qui a permis \u00e0 l&rsquo;industrie manufacturi\u00e8re allemande de prosp\u00e9rer. Mais une s\u00e9rie de revers r\u00e9cents &#8211; dont les restrictions chinoises sur les exportations de terres rares, mena\u00e7ant de paralyser l&rsquo;industrie automobile allemande &#8211; a conduit \u00e0 une remise en question.<\/p>\n<p>Le nouveau comit\u00e9 pr\u00e9sentera un rapport au Parlement deux fois par an.<\/p>\n<p>\u00ab L&rsquo;objectif du comit\u00e9 est d&rsquo;examiner, d&rsquo;un point de vue juridique, \u00e9conomique et politique, la n\u00e9cessit\u00e9 d&rsquo;apporter des modifications aux r\u00e8gles du commerce ext\u00e9rieur \u00bb, indique la motion. Le comit\u00e9 \u00e9tudiera \u00e9galement les relations commerciales d&rsquo;autres pays avec la Chine.<\/p>\n<p>Le mois dernier, le ministre allemand des Affaires \u00e9trang\u00e8res, Johann Wadephul, qui a critiqu\u00e9 les restrictions chinoises sur les exportations de terres rares et le soutien tacite de P\u00e9kin \u00e0 la Russie dans sa guerre contre l&rsquo;Ukraine, a report\u00e9 \u00e0 la derni\u00e8re minute un d\u00e9placement en Chine apr\u00e8s que P\u00e9kin n&rsquo;a confirm\u00e9 qu&rsquo;une seule des rencontres sollicit\u00e9es.<\/p>\n<p>Cette semaine, le chancelier Merz a rompu avec des d\u00e9cennies de dogme du libre-\u00e9change allemand en appelant l&rsquo;Europe \u00e0 adopter des mesures protectionnistes pour soutenir l&rsquo;industrie sid\u00e9rurgique europ\u00e9enne face \u00e0 l&rsquo;offensive concurrentielle chinoise.<\/p>\n<p>Le ministre social-d\u00e9mocrate des Finances, Lars Klingbeil, a \u00e9voqu\u00e9 la n\u00e9cessit\u00e9 d&rsquo;\u00ab un peu plus de patriotisme europ\u00e9en \u00bb.<\/p>\n<p>(R\u00e9dig\u00e9 par Thomas Escritt ; \u00e9dit\u00e9 par Susan Fenton)<\/p>\n","protected":false},"excerpt":{"rendered":"Le gouvernement de coalition allemand pr\u00e9voit de r\u00e9examiner ses politiques commerciales \u00e0 l&rsquo;\u00e9gard de la Chine, notamment en&hellip;\n","protected":false},"author":2,"featured_media":520741,"comment_status":"","ping_status":"","sticky":false,"template":"","format":"standard","meta":{"footnotes":""},"categories":[1587],"tags":[11,672,340,1804,1805,1803,1777,674,1801,12,1802],"class_list":{"0":"post-520740","1":"post","2":"type-post","3":"status-publish","4":"format-standard","5":"has-post-thumbnail","7":"category-allemagne","8":"tag-actualites","9":"tag-allemagne","10":"tag-bourse","11":"tag-bundesrepublik-deutschland","12":"tag-de","13":"tag-deutschland","14":"tag-eu","15":"tag-europe","16":"tag-germany","17":"tag-news","18":"tag-republique-federale-dallemagne"},"share_on_mastodon":{"url":"https:\/\/pubeurope.com\/@fr\/115514651770893388","error":""},"_links":{"self":[{"href":"https:\/\/www.europesays.com\/fr\/wp-json\/wp\/v2\/posts\/520740","targetHints":{"allow":["GET"]}}],"collection":[{"href":"https:\/\/www.europesays.com\/fr\/wp-json\/wp\/v2\/posts"}],"about":[{"href":"https:\/\/www.europesays.com\/fr\/wp-json\/wp\/v2\/types\/post"}],"author":[{"embeddable":true,"href":"https:\/\/www.europesays.com\/fr\/wp-json\/wp\/v2\/users\/2"}],"replies":[{"embeddable":true,"href":"https:\/\/www.europesays.com\/fr\/wp-json\/wp\/v2\/comments?post=520740"}],"version-history":[{"count":0,"href":"https:\/\/www.europesays.com\/fr\/wp-json\/wp\/v2\/posts\/520740\/revisions"}],"wp:featuredmedia":[{"embeddable":true,"href":"https:\/\/www.europesays.com\/fr\/wp-json\/wp\/v2\/media\/520741"}],"wp:attachment":[{"href":"https:\/\/www.europesays.com\/fr\/wp-json\/wp\/v2\/media?parent=520740"}],"wp:term":[{"taxonomy":"category","embeddable":true,"href":"https:\/\/www.europesays.com\/fr\/wp-json\/wp\/v2\/categories?post=520740"},{"taxonomy":"post_tag","embeddable":true,"href":"https:\/\/www.europesays.com\/fr\/wp-json\/wp\/v2\/tags?post=520740"}],"curies":[{"name":"wp","href":"https:\/\/api.w.org\/{rel}","templated":true}]}}